{"id":348837,"date":"2025-08-28T00:39:11","date_gmt":"2025-08-28T00:39:11","guid":{"rendered":"https:\/\/www.europesays.com\/fr\/348837\/"},"modified":"2025-08-28T00:39:11","modified_gmt":"2025-08-28T00:39:11","slug":"gangs-en-haiti-le-canada-les-etats-unis-et-dautres-pays-plaident-pour-une-force-elargie","status":"publish","type":"post","link":"https:\/\/www.europesays.com\/fr\/348837\/","title":{"rendered":"Gangs en Ha\u00efti: le Canada, les \u00c9tats-Unis et d&rsquo;autres pays plaident pour une force \u00ab\u00e9largie\u00bb"},"content":{"rendered":"<p><strong>Le Canada et six autres pays ont plaid\u00e9 mercredi pour un renforcement de la force multinationale charg\u00e9e d\u2019aider \u00e0 la lutte contre les gangs en Ha\u00efti, annon\u00e7ant constituer un \u00abgroupe de partenaires\u00bb pour superviser la mission, selon une lettre consult\u00e9e par l\u2019AFP.<\/strong>\u00a0<\/p>\n<p class=\"toreadalso-fromEMP\"><strong>\u2022 \u00c0 lire aussi: <\/strong><a href=\"https:\/\/www.tvanouvelles.ca\/2025\/08\/12\/jimmy-barbecue-cherizier-les-etats-unis-offrent-5-m-pour-larrestation-du-chef-de-gang-haitien\" target=\"d9b346bf-43d9-44db-98a1-32000cedd5ad\" rel=\"nofollow noopener\"><strong>Jimmy \u00abBarbecue\u00bb Cherizier: les \u00c9tats-Unis offrent 5 M$ pour l&rsquo;arrestation du chef de gang ha\u00eftien<\/strong><\/a><\/p>\n<p class=\"toreadalso-fromEMP\"><strong>\u2022 \u00c0 lire aussi: <\/strong><a href=\"https:\/\/www.journaldemontreal.com\/2025\/08\/05\/la-republique-dominicaine-expulse-actuellement-plus-de-30-000-haitiens-par-mois\" target=\"b62896fe-1fc8-450d-abe1-ee6ed0f22c32\" rel=\"nofollow noopener\"><strong>La R\u00e9publique dominicaine expulse actuellement plus de 30 000 Ha\u00eftiens par mois<\/strong><\/a><\/p>\n<p class=\"toreadalso-fromEMP\"><strong>\u2022 \u00c0 lire aussi: <\/strong><a href=\"https:\/\/www.journaldemontreal.com\/2025\/07\/30\/des-haitiens-refugies-aux-etats-unis-fuient-trump-vers-le-quebec\" target=\"9125a9f0-9908-4bd6-b572-b329f0bf0688\" rel=\"nofollow noopener\"><strong>\u00abLes gens se d\u00e9p\u00eachent de venir au Canada\u00bb: des Ha\u00eftiens r\u00e9fugi\u00e9s aux \u00c9tats-Unis fuient Trump vers le Qu\u00e9bec<\/strong><\/a><\/p>\n<p>Face \u00e0 la spirale des exactions des gangs qui contr\u00f4lent d\u00e9sormais quasiment toute la capitale, Port-au-Prince, le Conseil de s\u00e9curit\u00e9 de l\u2019ONU avait donn\u00e9 son feu vert en 2023 \u00e0 la cr\u00e9ation de la Mission multinationale de s\u00e9curit\u00e9 (MMAS), men\u00e9e par le Kenya, pour aider la police ha\u00eftienne d\u00e9pass\u00e9e.<\/p>\n<p>Mais plus d\u2019un an apr\u00e8s le d\u00e9but de son d\u00e9ploiement, toujours partiel, la situation continue \u00e0 se d\u00e9t\u00e9riorer.<\/p>\n<p>\u00abLa MMAS manque des ressources et des capacit\u00e9s pour faire face au d\u00e9fi de plus en plus grand\u00bb, \u00e9crivent les \u00c9tats-Unis, le Canada, le Salvador, le Guatemala, la Jama\u00efque, le Kenya et les Bahamas dans une lettre transmise mercredi par Ha\u00efti au Conseil de s\u00e9curit\u00e9.<\/p>\n<p>\u00abSeule une force \u00e9largie\u00bb, appuy\u00e9e par un \u00abbureau de soutien de l\u2019ONU\u00bb et autoris\u00e9e \u00e0 mener des op\u00e9rations antigang avec un mandat \u00abrobuste\u00bb pour l\u2019utilisation de la force, \u00abpeut r\u00e9duire de fa\u00e7on importante le contr\u00f4le des gangs sur le territoire\u00bb, poursuivent-ils.<\/p>\n<p>Face au manque criant de moyens financiers et d\u2019\u00e9quipements de la MMAS, le secr\u00e9taire g\u00e9n\u00e9ral des Nations unies, Antonio Guterres, avait en f\u00e9vrier recommand\u00e9 la cr\u00e9ation d\u2019un nouveau bureau de l\u2019ONU qui serait charg\u00e9 de lui apporter notamment un soutien logistique et op\u00e9rationnel.<\/p>\n<p>Et pour augmenter les chances de succ\u00e8s, il avait sugg\u00e9r\u00e9 la cr\u00e9ation d\u2019un \u00abgroupe permanent de partenaires\u00bb charg\u00e9 de fournir une orientation strat\u00e9gique \u00e0 la mission.<\/p>\n<p>Dans la lettre envoy\u00e9e mercredi, les \u00c9tats-Unis annoncent leur intention de cr\u00e9er ce groupe avec \u00e0 ce stade les six autres pays signataires.<\/p>\n<p>Un tel groupe serait charg\u00e9 notamment d\u2019assurer la s\u00e9curisation des financements de personnels non couverts par le futur bureau onusien, trouver plus de policiers pour participer \u00e0 la mission et assurer une \u00abcoordination\u00bb de la force.<\/p>\n<p>Seulement environ 1 000 policiers de six pays \u2014 dont plus de 700 K\u00e9nyans \u2014 sur les 2 500, esp\u00e9r\u00e9s pour la MMAS ont \u00e9t\u00e9 d\u00e9ploy\u00e9s en Ha\u00efti.<\/p>\n","protected":false},"excerpt":{"rendered":"Le Canada et six autres pays ont plaid\u00e9 mercredi pour un renforcement de la force multinationale charg\u00e9e d\u2019aider&hellip;\n","protected":false},"author":2,"featured_media":348838,"comment_status":"","ping_status":"","sticky":false,"template":"","format":"standard","meta":{"footnotes":""},"categories":[1589],"tags":[11,73,1866,12,1864,1865,1863,308],"class_list":{"0":"post-348837","1":"post","2":"type-post","3":"status-publish","4":"format-standard","5":"has-post-thumbnail","7":"category-etats-unis","8":"tag-actualites","9":"tag-etats-unis","10":"tag-etats-unis-damerique","11":"tag-news","12":"tag-united-states","13":"tag-united-states-of-america","14":"tag-us","15":"tag-usa"},"share_on_mastodon":{"url":"https:\/\/pubeurope.com\/@fr\/115103607249437006","error":""},"_links":{"self":[{"href":"https:\/\/www.europesays.com\/fr\/wp-json\/wp\/v2\/posts\/348837","targetHints":{"allow":["GET"]}}],"collection":[{"href":"https:\/\/www.europesays.com\/fr\/wp-json\/wp\/v2\/posts"}],"about":[{"href":"https:\/\/www.europesays.com\/fr\/wp-json\/wp\/v2\/types\/post"}],"author":[{"embeddable":true,"href":"https:\/\/www.europesays.com\/fr\/wp-json\/wp\/v2\/users\/2"}],"replies":[{"embeddable":true,"href":"https:\/\/www.europesays.com\/fr\/wp-json\/wp\/v2\/comments?post=348837"}],"version-history":[{"count":0,"href":"https:\/\/www.europesays.com\/fr\/wp-json\/wp\/v2\/posts\/348837\/revisions"}],"wp:featuredmedia":[{"embeddable":true,"href":"https:\/\/www.europesays.com\/fr\/wp-json\/wp\/v2\/media\/348838"}],"wp:attachment":[{"href":"https:\/\/www.europesays.com\/fr\/wp-json\/wp\/v2\/media?parent=348837"}],"wp:term":[{"taxonomy":"category","embeddable":true,"href":"https:\/\/www.europesays.com\/fr\/wp-json\/wp\/v2\/categories?post=348837"},{"taxonomy":"post_tag","embeddable":true,"href":"https:\/\/www.europesays.com\/fr\/wp-json\/wp\/v2\/tags?post=348837"}],"curies":[{"name":"wp","href":"https:\/\/api.w.org\/{rel}","templated":true}]}}