{"id":348841,"date":"2025-08-28T00:41:17","date_gmt":"2025-08-28T00:41:17","guid":{"rendered":"https:\/\/www.europesays.com\/fr\/348841\/"},"modified":"2025-08-28T00:41:17","modified_gmt":"2025-08-28T00:41:17","slug":"le-bayern-sest-fait-peur","status":"publish","type":"post","link":"https:\/\/www.europesays.com\/fr\/348841\/","title":{"rendered":"le Bayern s\u2019est fait peur"},"content":{"rendered":"<p>Le <a href=\"https:\/\/www.footmercato.net\/club\/bayern-munich\/\" rel=\"nofollow noopener\" target=\"_blank\">Bayern Munich<\/a> entamait ce mercredi sa campagne en Coupe d\u2019Allemagne, en \u00e9tant oppos\u00e9 au modeste <a href=\"https:\/\/www.footmercato.net\/club\/sv-wehen-wiesbaden\/\" rel=\"nofollow noopener\" target=\"_blank\">Wiesbaden<\/a>, club de 3e division. Les Bavarois, avec Kane, Olise et Luis Diaz align\u00e9s d\u2019entr\u00e9e, ont vite pris les commandes de la rencontre, et l\u2019attaquant anglais a ouvert le score sur penalty \u00e0 la 16e minute. <\/p>\n<p>            La suite apr\u00e8s cette publicit\u00e9<\/p>\n<p>Puis c\u2019est le Fran\u00e7ais Michael Olise qui a doubl\u00e9 la mise au retour des vestiaires. Luis Diaz a quant \u00e0 lui rat\u00e9 plusieurs occasions franches, ce qui a co\u00fbt\u00e9 cher \u00e0 son \u00e9quipe, puisque Wiesbaden a r\u00e9duit la marque gr\u00e2ce \u00e0 Kaya \u00e0 la 64e minute, avant d\u2019\u00e9galiser \u00e0 la 70e minute, gr\u00e2ce au m\u00eame Kaya. Le Bayern avait perdu le fil, au point que m\u00eame Harry Kane ratait un nouveau penalty. Mais c\u2019est bien l\u2019Anglais qui sauvait son club \u00e0 la 94e minute en profitant d\u2019une erreur du portier pour inscrire le but de la victoire, de la t\u00eate.<\/p>\n<p>\n    Pub. le 27\/08\/2025 22:39<br \/>\n            &#8211; MAJ le 28\/08\/2025 02:34\n    <\/p>\n","protected":false},"excerpt":{"rendered":"Le Bayern Munich entamait ce mercredi sa campagne en Coupe d\u2019Allemagne, en \u00e9tant oppos\u00e9 au modeste Wiesbaden, club&hellip;\n","protected":false},"author":2,"featured_media":348842,"comment_status":"","ping_status":"","sticky":false,"template":"","format":"standard","meta":{"footnotes":""},"categories":[1587],"tags":[11,672,1804,1805,1803,1777,674,1801,12,1802],"class_list":{"0":"post-348841","1":"post","2":"type-post","3":"status-publish","4":"format-standard","5":"has-post-thumbnail","7":"category-allemagne","8":"tag-actualites","9":"tag-allemagne","10":"tag-bundesrepublik-deutschland","11":"tag-de","12":"tag-deutschland","13":"tag-eu","14":"tag-europe","15":"tag-germany","16":"tag-news","17":"tag-republique-federale-dallemagne"},"share_on_mastodon":{"url":"https:\/\/pubeurope.com\/@fr\/115103615290055467","error":""},"_links":{"self":[{"href":"https:\/\/www.europesays.com\/fr\/wp-json\/wp\/v2\/posts\/348841","targetHints":{"allow":["GET"]}}],"collection":[{"href":"https:\/\/www.europesays.com\/fr\/wp-json\/wp\/v2\/posts"}],"about":[{"href":"https:\/\/www.europesays.com\/fr\/wp-json\/wp\/v2\/types\/post"}],"author":[{"embeddable":true,"href":"https:\/\/www.europesays.com\/fr\/wp-json\/wp\/v2\/users\/2"}],"replies":[{"embeddable":true,"href":"https:\/\/www.europesays.com\/fr\/wp-json\/wp\/v2\/comments?post=348841"}],"version-history":[{"count":0,"href":"https:\/\/www.europesays.com\/fr\/wp-json\/wp\/v2\/posts\/348841\/revisions"}],"wp:featuredmedia":[{"embeddable":true,"href":"https:\/\/www.europesays.com\/fr\/wp-json\/wp\/v2\/media\/348842"}],"wp:attachment":[{"href":"https:\/\/www.europesays.com\/fr\/wp-json\/wp\/v2\/media?parent=348841"}],"wp:term":[{"taxonomy":"category","embeddable":true,"href":"https:\/\/www.europesays.com\/fr\/wp-json\/wp\/v2\/categories?post=348841"},{"taxonomy":"post_tag","embeddable":true,"href":"https:\/\/www.europesays.com\/fr\/wp-json\/wp\/v2\/tags?post=348841"}],"curies":[{"name":"wp","href":"https:\/\/api.w.org\/{rel}","templated":true}]}}