{"id":348845,"date":"2025-08-28T00:43:19","date_gmt":"2025-08-28T00:43:19","guid":{"rendered":"https:\/\/www.europesays.com\/fr\/348845\/"},"modified":"2025-08-28T00:43:19","modified_gmt":"2025-08-28T00:43:19","slug":"lue-appelee-a-une-voix-forte-face-a-la-crise-humanitaire","status":"publish","type":"post","link":"https:\/\/www.europesays.com\/fr\/348845\/","title":{"rendered":"l\u2019UE appel\u00e9e \u00e0 \u00ab une voix forte \u00bb face \u00e0 la crise humanitaire"},"content":{"rendered":"<p><strong>La commissaire europ\u00e9enne charg\u00e9e de l\u2019aide humanitaire, Hadja Lahbib, a exhort\u00e9 mercredi les 27 \u00c9tats membres de l\u2019Union europ\u00e9enne \u00e0 d\u00e9passer leurs divisions pour adopter une position commune sur la guerre \u00e0 Gaza.<\/strong><\/p>\n<p>\u00ab Nous sommes \u00e0 un tournant et l\u2019heure est venue pour l\u2019UE d\u2019agir \u00e0 la hauteur de sa stature internationale \u00bb, a-t-elle d\u00e9clar\u00e9 lors d\u2019un entretien avec quelques m\u00e9dias, dont l\u2019AFP. \u00ab Ce qui se passe l\u00e0-bas me hante et devrait nous hanter tous. Nous serons jug\u00e9s par l\u2019histoire et par nos petits-enfants \u00bb.<\/p>\n<p>Lahbib a d\u00e9nonc\u00e9 une trag\u00e9die humanitaire qui voit des civils, des humanitaires et des journalistes tu\u00e9s ou affam\u00e9s dans l\u2019enclave palestinienne, soumise depuis pr\u00e8s de deux ans au blocus et aux bombardements isra\u00e9liens.<\/p>\n<p>Selon elle, Gaza est confront\u00e9e \u00e0 \u00ab la premi\u00e8re famine du XXI\u1d49 si\u00e8cle au Moyen-Orient \u00bb, une famine \u00ab \u00e9vitable \u00bb si l\u2019aide internationale avait pu \u00eatre achemin\u00e9e.<\/p>\n<p>Les ministres europ\u00e9ens des Affaires \u00e9trang\u00e8res se r\u00e9uniront vendredi et samedi \u00e0 Copenhague pour \u00e9voquer la situation, sans qu\u2019aucune d\u00e9cision concr\u00e8te ne soit attendue.<\/p>\n<p>En juillet, la cheffe de la diplomatie europ\u00e9enne Kaja Kallas avait annonc\u00e9 un accord avec Isra\u00ebl pour faciliter l\u2019acheminement de l\u2019aide humanitaire. Mais selon Lahbib, sa mise en \u0153uvre reste \u00ab partielle \u00bb et les progr\u00e8s enregistr\u00e9s \u00ab tr\u00e8s insuffisants \u00bb.<\/p>\n","protected":false},"excerpt":{"rendered":"La commissaire europ\u00e9enne charg\u00e9e de l\u2019aide humanitaire, Hadja Lahbib, a exhort\u00e9 mercredi les 27 \u00c9tats membres de l\u2019Union&hellip;\n","protected":false},"author":2,"featured_media":348846,"comment_status":"","ping_status":"","sticky":false,"template":"","format":"standard","meta":{"footnotes":""},"categories":[1586],"tags":[11,1777,674,1779,1011,27,12,25,1778,364],"class_list":{"0":"post-348845","1":"post","2":"type-post","3":"status-publish","4":"format-standard","5":"has-post-thumbnail","7":"category-europe","8":"tag-actualites","9":"tag-eu","10":"tag-europe","11":"tag-european-union","12":"tag-fr","13":"tag-france","14":"tag-news","15":"tag-republique-francaise","16":"tag-ue","17":"tag-union-europeenne"},"share_on_mastodon":{"url":"https:\/\/pubeurope.com\/@fr\/115103622964316786","error":""},"_links":{"self":[{"href":"https:\/\/www.europesays.com\/fr\/wp-json\/wp\/v2\/posts\/348845","targetHints":{"allow":["GET"]}}],"collection":[{"href":"https:\/\/www.europesays.com\/fr\/wp-json\/wp\/v2\/posts"}],"about":[{"href":"https:\/\/www.europesays.com\/fr\/wp-json\/wp\/v2\/types\/post"}],"author":[{"embeddable":true,"href":"https:\/\/www.europesays.com\/fr\/wp-json\/wp\/v2\/users\/2"}],"replies":[{"embeddable":true,"href":"https:\/\/www.europesays.com\/fr\/wp-json\/wp\/v2\/comments?post=348845"}],"version-history":[{"count":0,"href":"https:\/\/www.europesays.com\/fr\/wp-json\/wp\/v2\/posts\/348845\/revisions"}],"wp:featuredmedia":[{"embeddable":true,"href":"https:\/\/www.europesays.com\/fr\/wp-json\/wp\/v2\/media\/348846"}],"wp:attachment":[{"href":"https:\/\/www.europesays.com\/fr\/wp-json\/wp\/v2\/media?parent=348845"}],"wp:term":[{"taxonomy":"category","embeddable":true,"href":"https:\/\/www.europesays.com\/fr\/wp-json\/wp\/v2\/categories?post=348845"},{"taxonomy":"post_tag","embeddable":true,"href":"https:\/\/www.europesays.com\/fr\/wp-json\/wp\/v2\/tags?post=348845"}],"curies":[{"name":"wp","href":"https:\/\/api.w.org\/{rel}","templated":true}]}}