{"id":348852,"date":"2025-08-28T00:49:15","date_gmt":"2025-08-28T00:49:15","guid":{"rendered":"https:\/\/www.europesays.com\/fr\/348852\/"},"modified":"2025-08-28T00:49:15","modified_gmt":"2025-08-28T00:49:15","slug":"xv-de-france-35-ans-entraineur-joueur-quimporte-uini-atonio-pense-a-la-coupe-du-monde-2027","status":"publish","type":"post","link":"https:\/\/www.europesays.com\/fr\/348852\/","title":{"rendered":"XV DE FRANCE. 35 ans, entra\u00eeneur-joueur : qu&rsquo;importe, Uini Atonio pense \u00e0 la Coupe du monde 2027"},"content":{"rendered":"<p>D&rsquo;abord retrait\u00e9 international en 2023, puis finalement non, <strong><a href=\"https:\/\/www.lerugbynistere.fr\/fiches-joueurs\/uini-atonio.php\" ui-sref=\"app.player({playerId: 807})\" alt=\"Uini Atonio\" data-route=\"app.player\" data-param=\"playerId\" data-id=\"807\" rel=\"nofollow noopener\" target=\"_blank\">Uini Atonio<\/a> pense encore pouvoir \u00e9voluer \u00e0 haut niveau pendant plusieurs ann\u00e9es<\/strong>. Et ce, m\u00eame en \u00e9quipe de France.<\/p>\n<p>De fait, <strong>il pense toujours au <a href=\"https:\/\/www.lerugbynistere.fr\/equipes-nationales\/xv-de-france.php\" ui-sref=\"app.team({teamId: 65})\" alt=\"XV de France\" data-route=\"app.team\" data-param=\"teamId\" data-id=\"65\" rel=\"nofollow noopener\" target=\"_blank\">XV de France<\/a> et pourquoi pas \u00e0 la <a href=\"https:\/\/www.lerugbynistere.fr\/international\/coupe-du-monde-rugby\/\" ui-sref=\"app.competition({competitionId: 9})\" alt=\"Coupe du monde\" data-route=\"app.competition\" data-param=\"competitionId\" data-id=\"9\" rel=\"nofollow noopener\" target=\"_blank\">Coupe du monde<\/a> 2027<\/strong>. Cette derni\u00e8re se d\u00e9roulera en <a href=\"https:\/\/www.lerugbynistere.fr\/equipes-nationales\/wallabies.php\" ui-sref=\"app.team({teamId: 26})\" alt=\"Australie\" data-route=\"app.team\" data-param=\"teamId\" data-id=\"26\" rel=\"nofollow noopener\" target=\"_blank\">Australie<\/a>, aux mois d&rsquo;octobre et novembre 2027. Et pour l&rsquo;heure, <strong>Uini Atonio poss\u00e8de un contrat jusqu&rsquo;en juin 2027 avec <a href=\"https:\/\/www.lerugbynistere.fr\/clubs\/atlantique-stade-rochelais.php\" ui-sref=\"app.team({teamId: 30})\" alt=\"La Rochelle\" data-route=\"app.team\" data-param=\"teamId\" data-id=\"30\" rel=\"nofollow noopener\" target=\"_blank\">La Rochelle<\/a><\/strong>. Ne serait-ce donc pas la meilleure fin que de terminer avec un Mondial avec les Bleus ?<\/p>\n<p><a class=\"inserer_lien_article\" href=\"https:\/\/www.lerugbynistere.fr\/news\/pro-d2-a-peine-arrive-le-milliardaire-sterin-deja-sur-le-depart-du-bo-2708251716.php\" data-id=\"45940\" data-route=\"app.article\" data-param=\"articleId\" ui-sref=\"app.article({articleId: 45940})\" alt=\"RUGBY. PRO D2. \u00c0 peine arriv\u00e9, le milliardaire St\u00e9rin (d\u00e9j\u00e0) sur le d\u00e9part du BO ?\" title=\"RUGBY. PRO D2. \u00c0 peine arriv\u00e9, le milliardaire St\u00e9rin (d\u00e9j\u00e0) sur le d\u00e9part du BO ?\" rel=\"nofollow noopener\" target=\"_blank\"><img decoding=\"async\" src=\"https:\/\/www.europesays.com\/fr\/wp-content\/uploads\/2025\/08\/1756342151_118_sterin-pourrait-partir-du-biarritz-olympique-27-08-25-4439.jpg\" alt=\"RUGBY. PRO D2. \u00c0 peine arriv\u00e9, le milliardaire St\u00e9rin (d\u00e9j\u00e0) sur le d\u00e9part du BO ?\"\/>RUGBY. PRO D2. \u00c0 peine arriv\u00e9, le milliardaire St\u00e9rin (d\u00e9j\u00e0) sur le d\u00e9part du BO ?<\/a><\/p>\n<p>Un entra\u00eeneur-joueur avec \u00ab\u00a0des objectifs de joueur pro\u00a0\u00bb<\/p>\n<p>D&rsquo;abord, le pilier fran\u00e7ais int\u00e8gre un nouveau poste, celui d&rsquo;entra\u00eeneur. Ce fut la surprise de l&rsquo;\u00e9t\u00e9 c\u00f4t\u00e9 rochelais, <strong>lorsque le club avait annonc\u00e9 qu&rsquo;Atonio allait remplacer <a href=\"https:\/\/www.lerugbynistere.fr\/fiches-joueurs\/gurthro-steenkamp.php\" ui-sref=\"app.player({playerId: 639})\" alt=\"Gurthr\u00f6 Steenkamp\" data-route=\"app.player\" data-param=\"playerId\" data-id=\"639\" rel=\"nofollow noopener\" target=\"_blank\">Gurthr\u00f6 Steenkamp<\/a> en tant qu&rsquo;entra\u00eeneur de la m\u00eal\u00e9e maritime<\/strong>.<\/p>\n<p><a class=\"inserer_lien_article\" href=\"https:\/\/www.lerugbynistere.fr\/news\/top-14-retour-du-damier-etoile-au-dessus-du-logo-lubb-revient-a-ses-racines-pour-son-maillot-domicile-2708251540.php\" data-id=\"45938\" data-route=\"app.article\" data-param=\"articleId\" ui-sref=\"app.article({articleId: 45938})\" alt=\"TOP 14. Retour du damier, \u00e9toile au-dessus du logo : l&#039;UBB revient \u00e0 ses racines pour son maillot domicile\" title=\"TOP 14. Retour du damier, \u00e9toile au-dessus du logo : l&#039;UBB revient \u00e0 ses racines pour son maillot domicile\" rel=\"nofollow noopener\" target=\"_blank\"><img decoding=\"async\" src=\"https:\/\/www.europesays.com\/fr\/wp-content\/uploads\/2025\/08\/maillot-domicile-2025-2026-ubb-27-08-25-1113.jpg\" alt=\"TOP 14. Retour du damier, \u00e9toile au-dessus du logo : l'UBB revient \u00e0 ses racines pour son maillot domicile\"\/>TOP 14. Retour du damier, \u00e9toile au-dessus du logo : l&rsquo;UBB revient \u00e0 ses racines pour son maillot domicile<\/a><\/p>\n<p><strong>Un parcours qu&rsquo;il voulait \u00ab\u00a0faire depuis des ann\u00e9es\u00a0\u00bb<\/strong>, d\u00e9clare-t-il \u00e0 l&rsquo;AFP au cours d&rsquo;un entretien. Notamment car il \u00ab\u00a0aime bien transmettre.\u00a0\u00bb Un choix qu&rsquo;appr\u00e9cie m\u00eame\u00a0<a href=\"https:\/\/www.lerugbynistere.fr\/fiches-joueurs\/paul-boudehent.php\" ui-sref=\"app.player({playerId: 6093})\" alt=\"Paul Boudehent\" data-route=\"app.player\" data-param=\"playerId\" data-id=\"6093\" rel=\"nofollow noopener\" target=\"_blank\">Paul Boudehent<\/a>, <strong>car avec la \u00ab\u00a0fra\u00eecheur\u00a0\u00bb qu&rsquo;apporte Atonio, \u00ab\u00a0la m\u00eal\u00e9e n&rsquo;est plus une contrainte pour ceux qui s&rsquo;y collent\u00a0\u00bb<\/strong>, d\u00e9clare-t-il \u00e0 L&rsquo;\u00c9quipe. \u00ab\u00a0On n&rsquo;en fait pas 50, mais celles qu&rsquo;on fait, on les fait bien\u00a0\u00bb, poursuit le troisi\u00e8me ligne.<\/p>\n<p>Actuellement bless\u00e9 aux ischios-jambiers, <strong>Atonio ne laisse pas sa carri\u00e8re professionnelle de c\u00f4t\u00e9<\/strong>. Pour le moment, il pr\u00e9voit de \u00ab\u00a0reprendre la course dans peut-\u00eatre un mois et demi.\u00a0\u00bb <strong>Et quand il sera de retour \u00e0 la comp\u00e9tition, \u00ab\u00a0ce sera en tant que joueur pro, avec des objectifs\u00a0\u00bb<\/strong>, annonce-t-il.<\/p>\n<p>\u00ab\u00a0La Coupe du monde est un objectif pour tous les joueurs\u00a0\u00bb<\/p>\n<p>Maintenant concentr\u00e9 pour se remettre de sa blessure et revenir en forme, <strong>Uini Atonio n&rsquo;a pas abandonn\u00e9 l&rsquo;\u00e9quipe de France, m\u00eame apr\u00e8s avoir indiqu\u00e9 l&rsquo;arr\u00eat de sa carri\u00e8re internationale<\/strong>. Une chose faite \u00e0 l&rsquo;issue de la Coupe du monde 2023 en France. <strong>Il avait finalement d\u00e9cid\u00e9 de faire machine arri\u00e8re apr\u00e8s les sollicitations du s\u00e9lectionneur Fabien Galthi\u00e9<\/strong> qui avait besoin de lui \u00e0 droite de la m\u00eal\u00e9e.<\/p>\n<blockquote class=\"instagram-media\" data-instgrm-captioned=\"\" data-instgrm-permalink=\"https:\/\/www.instagram.com\/p\/CydUA_eNppK\/?utm_source=ig_embed&amp;utm_campaign=loading\" data-instgrm-version=\"14\" style=\"background: #FFF; border: 0; border-radius: 3px; box-shadow: 0 0 1px 0 rgba(0,0,0,0.5),0 1px 10px 0 rgba(0,0,0,0.15); margin: 1px; max-width: 540px; min-width: 326px; padding: 0; width: calc(100% - 2px);\"><p>&#13;<br \/>\n&#13;\n<\/p><\/blockquote>\n<p><a class=\"inserer_lien_article\" href=\"https:\/\/www.lerugbynistere.fr\/news\/top-14-grosse-surprise-lusap-signe-une-star-australienne-25-ans-31-selections-2708251251.php\" data-id=\"45936\" data-route=\"app.article\" data-param=\"articleId\" ui-sref=\"app.article({articleId: 45936})\" alt=\"TOP 14. Grosse surprise, l&#039;USAP signe une star australienne (25 ans, 31 s\u00e9lections) !\" title=\"TOP 14. Grosse surprise, l&#039;USAP signe une star australienne (25 ans, 31 s\u00e9lections) !\" rel=\"nofollow noopener\" target=\"_blank\"><img decoding=\"async\" src=\"https:\/\/www.europesays.com\/fr\/wp-content\/uploads\/2025\/08\/jordan-petaia-a-lusap-27-08-25-1088.jpg\" alt=\"TOP 14. Grosse surprise, l'USAP signe une star australienne (25 ans, 31 s\u00e9lections) !\"\/>TOP 14. Grosse surprise, l&rsquo;USAP signe une star australienne (25 ans, 31 s\u00e9lections) !<\/a><\/p>\n<p>Depuis le Mondial fran\u00e7ais, <strong>Atonio a jou\u00e9 11 matchs avec les Bleus, tous en tant que titulaire<\/strong>, dont les 2 T<a href=\"https:\/\/www.lerugbynistere.fr\/international\/tournoi-des-6-nations\" ui-sref=\"app.competition({competitionId: 12})\" alt=\"Tournoi des 6 Nations\" data-route=\"app.competition\" data-param=\"competitionId\" data-id=\"12\" rel=\"nofollow noopener\" target=\"_blank\">ournois des 6 Nations<\/a>. <strong>C&rsquo;est bien simple : soit il n&rsquo;est pas l\u00e0, soit il est titulaire<\/strong>. D\u00e9sormais \u00e0 mi-chemin du mondial 2027, il l&rsquo;envisage, un peu. <strong>\u00ab\u00a0Je ne sais pas pourquoi je ne viserai pas des titres ou m\u00eame de rejouer en \u00e9quipe de France\u00a0\u00bb<\/strong>, r\u00e9torque-t-il lorsqu&rsquo;on lui pose la question de la Coupe du monde en Australie. Notre Uini national en Australie, est-ce donc possible ?<\/p>\n<p class=\"citation\">La Coupe du monde, [&#8230;] \u00e7a reste quand m\u00eame des objectifs pour chaque joueur qui joue en <a href=\"https:\/\/www.lerugbynistere.fr\/championnats\/top-14\" ui-sref=\"app.competition({competitionId: 1})\" alt=\"Top 14\" data-route=\"app.competition\" data-param=\"competitionId\" data-id=\"1\" rel=\"nofollow noopener\" target=\"_blank\">Top 14<\/a>. [&#8230;] Je pense qu&rsquo;il n&rsquo;y a pas un joueur qui joue aujourd&rsquo;hui qui ne veut pas gagner des titres et ne veut pas aller en \u00e9quipe de France.<\/p>\n<p><a class=\"inserer_lien_article\" href=\"https:\/\/www.lerugbynistere.fr\/news\/rugby-richard-dourthe-logiquement-dans-la-tempete-une-plainte-pour-outrage-sexiste-2708251100.php\" data-id=\"45934\" data-route=\"app.article\" data-param=\"articleId\" ui-sref=\"app.article({articleId: 45934})\" alt=\"RUGBY. Richard Dourthe serait dans la temp\u00eate : une plainte pour outrage sexiste ?\" title=\"RUGBY. Richard Dourthe serait dans la temp\u00eate : une plainte pour outrage sexiste ?\" rel=\"nofollow noopener\" target=\"_blank\"><img decoding=\"async\" src=\"https:\/\/www.europesays.com\/fr\/wp-content\/uploads\/2025\/08\/dourthe-27-08-25-1142.jpg\" alt=\"RUGBY. Richard Dourthe serait dans la temp\u00eate : une plainte pour outrage sexiste ?\"\/>RUGBY. Richard Dourthe serait dans la temp\u00eate : une plainte pour outrage sexiste ?<\/a><\/p>\n<p>                            <script async src=\"\/\/www.instagram.com\/embed.js\"><\/script><\/p>\n","protected":false},"excerpt":{"rendered":"D&rsquo;abord retrait\u00e9 international en 2023, puis finalement non, Uini Atonio pense encore pouvoir \u00e9voluer \u00e0 haut niveau pendant&hellip;\n","protected":false},"author":2,"featured_media":348853,"comment_status":"","ping_status":"","sticky":false,"template":"","format":"standard","meta":{"footnotes":""},"categories":[1416],"tags":[1011,27,479,1468,60],"class_list":{"0":"post-348852","1":"post","2":"type-post","3":"status-publish","4":"format-standard","5":"has-post-thumbnail","7":"category-rugby","8":"tag-fr","9":"tag-france","10":"tag-rugby","11":"tag-rugby-football","12":"tag-sports"},"share_on_mastodon":{"url":"https:\/\/pubeurope.com\/@fr\/115103646998867237","error":""},"_links":{"self":[{"href":"https:\/\/www.europesays.com\/fr\/wp-json\/wp\/v2\/posts\/348852","targetHints":{"allow":["GET"]}}],"collection":[{"href":"https:\/\/www.europesays.com\/fr\/wp-json\/wp\/v2\/posts"}],"about":[{"href":"https:\/\/www.europesays.com\/fr\/wp-json\/wp\/v2\/types\/post"}],"author":[{"embeddable":true,"href":"https:\/\/www.europesays.com\/fr\/wp-json\/wp\/v2\/users\/2"}],"replies":[{"embeddable":true,"href":"https:\/\/www.europesays.com\/fr\/wp-json\/wp\/v2\/comments?post=348852"}],"version-history":[{"count":0,"href":"https:\/\/www.europesays.com\/fr\/wp-json\/wp\/v2\/posts\/348852\/revisions"}],"wp:featuredmedia":[{"embeddable":true,"href":"https:\/\/www.europesays.com\/fr\/wp-json\/wp\/v2\/media\/348853"}],"wp:attachment":[{"href":"https:\/\/www.europesays.com\/fr\/wp-json\/wp\/v2\/media?parent=348852"}],"wp:term":[{"taxonomy":"category","embeddable":true,"href":"https:\/\/www.europesays.com\/fr\/wp-json\/wp\/v2\/categories?post=348852"},{"taxonomy":"post_tag","embeddable":true,"href":"https:\/\/www.europesays.com\/fr\/wp-json\/wp\/v2\/tags?post=348852"}],"curies":[{"name":"wp","href":"https:\/\/api.w.org\/{rel}","templated":true}]}}