{"id":348854,"date":"2025-08-28T00:50:11","date_gmt":"2025-08-28T00:50:11","guid":{"rendered":"https:\/\/www.europesays.com\/fr\/348854\/"},"modified":"2025-08-28T00:50:11","modified_gmt":"2025-08-28T00:50:11","slug":"jordan-thompson-adrian-mannarino-grand-chelem-us-open-deuxieme-tour-jeudi-28-aout-2025-lequipe","status":"publish","type":"post","link":"https:\/\/www.europesays.com\/fr\/348854\/","title":{"rendered":"Jordan Thompson &#8211; Adrian Mannarino, Grand Chelem, US Open, Deuxi\u00e8me tour, Jeudi 28 ao\u00fbt 2025 &#8211; L&#039;\u00c9quipe"},"content":{"rendered":"<ol>\n<li><a href=\"https:\/\/news.google.com\/rss\/articles\/CBMiywFBVV95cUxPVGN6N3l0ZmktNjlGWC1fT1FWN25MbUpxX0M5VWxWZzI5a1F4WXp1NVRMOGJIbG9xZVlTVlFrME04Tnp4TmM0U1JCUDdPYThkeUZONi1GTFk3VXpxRVZlTjZXbUdvaS12anV0eWJrS2JoTjZMaG1XWWdHcld1SUZIcUVPOVAyWnBleFZreGM5VlQ2eDRSbGNpSmFxY0VaVDhOenNsSGh6UEtSa1RuUEtydjJxRmxZeDdSaHdxVktsZnFsLWxXMnNwN1R4QQ?oc=5\" target=\"_blank\" rel=\"nofollow noopener\">Jordan Thompson &#8211; Adrian Mannarino, Grand Chelem, US Open, Deuxi\u00e8me tour, Jeudi 28 ao\u00fbt 2025<\/a>&nbsp;&nbsp;L&rsquo;\u00c9quipe<\/li>\n<li><a href=\"https:\/\/news.google.com\/rss\/articles\/CBMi1gFBVV95cUxNWDJLemhGbGxWTHJYcDF1VVBpMHh4bFJwU08yLVBmZkh5cEo0dU5yMVNqeGUtTzIwcHdMUVYwcHR4NkVldldNLU5xcl80OTEwZmNjZGlSWWxuYXB4UXEzLXpvN1RfMXBqcGtPSTBTUk54MmZhZ2loQWVtUlVacEczV3R0eUJLZVMzcjEyY29TVFl6N3NNY0dhcmlxTU85UFBQaEJQeTV5TmRrV2s1djh1LW1XYVlDdng2WGljR1NuNkxFWThhYWZKWllhU1JtT0VIbG1vaEN3?oc=5\" target=\"_blank\" rel=\"nofollow noopener\">\u00ab Il est proche du niveau qu&rsquo;il avait \u00e0 son meilleur \u00bb : comment Mannarino a r\u00e9appris \u00e0 gagner \u00e0 37 ans<\/a>&nbsp;&nbsp;L&rsquo;\u00c9quipe<\/li>\n<li><a href=\"https:\/\/news.google.com\/rss\/articles\/CBMixAFBVV95cUxPYmFDR0YzbDRsVnNGSWhCODN4Z0FXb28tVTloMGZhZUUwdUYxWWh2MVdYdk84Y05QQlFtRjNNczVlUW1aLWg0TW9ob0lVY3N1a25Gd3I1ZkVDRzZCTFdkN1VHT2l5bjFicTRtdHF1X2htbGJlNDdjcWpUMlh0dnpfcGZ1SGVUWFJXdlFVTVdJQU5haGxyY3NvaWFjRHhqSklOenZBdi16cjhrbU1lczZIZlJHby1VOXBNaFlodVZLblh3UFpw?oc=5\" target=\"_blank\" rel=\"nofollow noopener\">PRONOS PARIS RMC Le pari tennis d\u2019Eric Salliot du 27 ao\u00fbt \u2013 US Open<\/a>&nbsp;&nbsp;RMC Sport<\/li>\n<li><a href=\"https:\/\/news.google.com\/rss\/articles\/CBMi7AFBVV95cUxQWUhhSTI4dFBteFZnYTFaczZUX3NaTThZSEVyV0YyTEZmSnlSejBmZlkyeFhEMkt2YnpSTERTT0ItNlRwN2x2eFFHOHNvUVlwSk9DSzh0UHgyY0tERWFvTVYtaDJSN2dXWGN0amRsbGF1R3haNmRCZGc5TmJaVWlZdlBTby1JRjhoNkFSQ19na04zSE11cEtVcVZSR1BUWDNpWVlvNmJMYUZpdXl3SlYydExPdWIxbXZKYi1mall0cmxJWjliY3pKS2VUTFFta1R0M3dqTm9jUDR0bjQ1MmdWd2RGY2pJdF9QTGlPcg?oc=5\" target=\"_blank\" rel=\"nofollow noopener\">US Open 2025 &#8211; Adrian Mannarino : \u00ab\u00a0J\u2019esp\u00e8re vraiment ne pas avoir \u00e0 ranger les raquettes\u00a0\u00bb<\/a>&nbsp;&nbsp;Orange Actualit\u00e9s | Sports<\/li>\n<li><a href=\"https:\/\/news.google.com\/rss\/articles\/CBMijgFBVV95cUxNaXI4UENXRXdIaGMyQzh2WmRQTnhNb2dxbm9WT2k3SmNQaklBVi1lM1hXbDc0MmlwdmhLQW44NlBFWWdIS1RXREZaSnRRRjBQOEQzcnVQa1pmeDFlMlBIXzFIY3hJSC1RMWlSUXd1YnBaMU5YbEhPejM2OU02clFMUk5nUTdERWhCWWlJQTBB?oc=5\" target=\"_blank\" rel=\"nofollow noopener\">Mannarino vise l&rsquo;US Open 2025 : La motivation \u00e0 37 ans<\/a>&nbsp;&nbsp;directtennis.fr<\/li>\n<\/ol>\n","protected":false},"excerpt":{"rendered":"Jordan Thompson &#8211; Adrian Mannarino, Grand Chelem, US Open, Deuxi\u00e8me tour, Jeudi 28 ao\u00fbt 2025&nbsp;&nbsp;L&rsquo;\u00c9quipe \u00ab Il est&hellip;\n","protected":false},"author":2,"featured_media":348855,"comment_status":"","ping_status":"","sticky":false,"template":"","format":"standard","meta":{"footnotes":""},"categories":[1415],"tags":[1011,27,60,1467],"class_list":{"0":"post-348854","1":"post","2":"type-post","3":"status-publish","4":"format-standard","5":"has-post-thumbnail","7":"category-tennis","8":"tag-fr","9":"tag-france","10":"tag-sports","11":"tag-tennis"},"share_on_mastodon":{"url":"https:\/\/pubeurope.com\/@fr\/115103650447744575","error":""},"_links":{"self":[{"href":"https:\/\/www.europesays.com\/fr\/wp-json\/wp\/v2\/posts\/348854","targetHints":{"allow":["GET"]}}],"collection":[{"href":"https:\/\/www.europesays.com\/fr\/wp-json\/wp\/v2\/posts"}],"about":[{"href":"https:\/\/www.europesays.com\/fr\/wp-json\/wp\/v2\/types\/post"}],"author":[{"embeddable":true,"href":"https:\/\/www.europesays.com\/fr\/wp-json\/wp\/v2\/users\/2"}],"replies":[{"embeddable":true,"href":"https:\/\/www.europesays.com\/fr\/wp-json\/wp\/v2\/comments?post=348854"}],"version-history":[{"count":0,"href":"https:\/\/www.europesays.com\/fr\/wp-json\/wp\/v2\/posts\/348854\/revisions"}],"wp:featuredmedia":[{"embeddable":true,"href":"https:\/\/www.europesays.com\/fr\/wp-json\/wp\/v2\/media\/348855"}],"wp:attachment":[{"href":"https:\/\/www.europesays.com\/fr\/wp-json\/wp\/v2\/media?parent=348854"}],"wp:term":[{"taxonomy":"category","embeddable":true,"href":"https:\/\/www.europesays.com\/fr\/wp-json\/wp\/v2\/categories?post=348854"},{"taxonomy":"post_tag","embeddable":true,"href":"https:\/\/www.europesays.com\/fr\/wp-json\/wp\/v2\/tags?post=348854"}],"curies":[{"name":"wp","href":"https:\/\/api.w.org\/{rel}","templated":true}]}}