{"id":348858,"date":"2025-08-28T00:53:14","date_gmt":"2025-08-28T00:53:14","guid":{"rendered":"https:\/\/www.europesays.com\/fr\/348858\/"},"modified":"2025-08-28T00:53:14","modified_gmt":"2025-08-28T00:53:14","slug":"top-14-lex-international-nans-ducuing-rejoint-la-team-rugby-de-canal","status":"publish","type":"post","link":"https:\/\/www.europesays.com\/fr\/348858\/","title":{"rendered":"TOP 14 : L\u2019ex-international Nans Ducuing rejoint la team rugby de CANAL+ !"},"content":{"rendered":"<p>Nans Ducuing est de retour\u00a0! Fra\u00eechement retrait\u00e9 de sa carri\u00e8re sportive, l&rsquo;ancien rugbyman international Nans Ducuing rejoint la team rugby de CANAL+. Apr\u00e8s dix saisons sous les couleurs de <a href=\"https:\/\/www.canalplus.com\/sport\/clubs\/bordeaux-begles\" rel=\"nofollow noopener\" target=\"_blank\">l&rsquo;Union Bordeaux-B\u00e8gles<\/a>, couronn\u00e9es d\u2019une Champions Cup et de quatre s\u00e9lections avec le XV de France, Nans Ducuing interviendra notamment dans le CANAL RUGBY CLUB, pr\u00e9sent\u00e9 par Astrid Bard et Guilhem Garrigues.<\/p>\n<p>L\u2019ancien bordelo-b\u00e9glais rejoindra l&rsquo;\u00e9quipe rugby de CANAL+ \u00e0 compter du dimanche 7 septembre, dans le cadre de la reprise du TOP 14. Il y retrouvera notamment Marie-Alice Yah\u00e9, S\u00e9bastien Chabal, Marc Li\u00e8vremont et Thierry Dusautoir.<\/p>\n<p>Toute l&rsquo;actualit\u00e9 du TOP 14 sur <a href=\"https:\/\/www.canalplus.com\/top-14\/\" rel=\"nofollow noopener\" target=\"_blank\">l&rsquo;application CANAL+<\/a><\/p>\n","protected":false},"excerpt":{"rendered":"Nans Ducuing est de retour\u00a0! Fra\u00eechement retrait\u00e9 de sa carri\u00e8re sportive, l&rsquo;ancien rugbyman international Nans Ducuing rejoint la&hellip;\n","protected":false},"author":2,"featured_media":348859,"comment_status":"","ping_status":"","sticky":false,"template":"","format":"standard","meta":{"footnotes":""},"categories":[1412],"tags":[1451,1452,1453,1454,1455,1011,27,60],"class_list":{"0":"post-348858","1":"post","2":"type-post","3":"status-publish","4":"format-standard","5":"has-post-thumbnail","7":"category-f1","8":"tag-f1","9":"tag-formula-1","10":"tag-formula1","11":"tag-formule-1","12":"tag-formule1","13":"tag-fr","14":"tag-france","15":"tag-sports"},"share_on_mastodon":{"url":"https:\/\/pubeurope.com\/@fr\/115103662281920953","error":""},"_links":{"self":[{"href":"https:\/\/www.europesays.com\/fr\/wp-json\/wp\/v2\/posts\/348858","targetHints":{"allow":["GET"]}}],"collection":[{"href":"https:\/\/www.europesays.com\/fr\/wp-json\/wp\/v2\/posts"}],"about":[{"href":"https:\/\/www.europesays.com\/fr\/wp-json\/wp\/v2\/types\/post"}],"author":[{"embeddable":true,"href":"https:\/\/www.europesays.com\/fr\/wp-json\/wp\/v2\/users\/2"}],"replies":[{"embeddable":true,"href":"https:\/\/www.europesays.com\/fr\/wp-json\/wp\/v2\/comments?post=348858"}],"version-history":[{"count":0,"href":"https:\/\/www.europesays.com\/fr\/wp-json\/wp\/v2\/posts\/348858\/revisions"}],"wp:featuredmedia":[{"embeddable":true,"href":"https:\/\/www.europesays.com\/fr\/wp-json\/wp\/v2\/media\/348859"}],"wp:attachment":[{"href":"https:\/\/www.europesays.com\/fr\/wp-json\/wp\/v2\/media?parent=348858"}],"wp:term":[{"taxonomy":"category","embeddable":true,"href":"https:\/\/www.europesays.com\/fr\/wp-json\/wp\/v2\/categories?post=348858"},{"taxonomy":"post_tag","embeddable":true,"href":"https:\/\/www.europesays.com\/fr\/wp-json\/wp\/v2\/tags?post=348858"}],"curies":[{"name":"wp","href":"https:\/\/api.w.org\/{rel}","templated":true}]}}