{"id":348862,"date":"2025-08-28T00:55:10","date_gmt":"2025-08-28T00:55:10","guid":{"rendered":"https:\/\/www.europesays.com\/fr\/348862\/"},"modified":"2025-08-28T00:55:10","modified_gmt":"2025-08-28T00:55:10","slug":"un-attaquant-envoye-en-liga","status":"publish","type":"post","link":"https:\/\/www.europesays.com\/fr\/348862\/","title":{"rendered":"un attaquant envoy\u00e9 en Liga"},"content":{"rendered":"<p><strong>L\u2019Olympique lyonnais a trouv\u00e9 un s\u00e9rieux pr\u00e9tendant pour un de ses attaquants dans le championnat espagnol.<\/strong><\/p>\n<p><a href=\"https:\/\/www.les-transferts.com\/club\/villarreal\/\" target=\"_blank\" rel=\"noreferrer noopener nofollow\">Villarreal<\/a> esp\u00e8re recruter <a href=\"https:\/\/www.les-transferts.com\/joueur\/georges-mikautadze\/\" target=\"_blank\" rel=\"noreferrer noopener nofollow\">Georges Mikautadze<\/a> lors de la derni\u00e8re semaine du mercato. L\u2019international g\u00e9orgien devrait rejoindre le club de Liga en provenance de l\u2019<a href=\"https:\/\/www.les-transferts.com\/club\/lyon\/\" target=\"_blank\" rel=\"noreferrer noopener nofollow\">Olympique lyonnais<\/a>.<\/p>\n<p>Mais, il y a un probl\u00e8me\u2026<\/p>\n<p><strong>Le prix demand\u00e9 par le club fran\u00e7ais ne poserait apparemment aucun probl\u00e8me \u00e0 Villarreal. <\/strong>L\u2019enjeu r\u00e9side principalement dans le salaire per\u00e7u par Mikautadze \u00e0 Lyon.<\/p>\n<p>Villarreal \u00e9met une r\u00e9ticence \u00e0 payer les <strong>280.000 euros par mois<\/strong> que gagne actuellement Mikautadze. Ce <strong>salaire est jug\u00e9 trop \u00e9lev\u00e9<\/strong> pour le club espagnol.<\/p>\n<p>Cependant, selon le journaliste sp\u00e9cialis\u00e9 Sacha Tavolieri, <strong>la transaction devrait aboutir.<\/strong> On s\u2019attend donc \u00e0 <strong>un accord imminent.<\/strong><\/p>\n<blockquote class=\"twitter-tweet\" data-width=\"500\" data-dnt=\"true\">\n<p lang=\"en\" dir=\"ltr\">\ud83d\udea8\ud83c\uddec\ud83c\uddea \ud835\udc01\ud835\udc11\ud835\udc04\ud835\udc00\ud835\udc0a\ud835\udc08\ud835\udc0d\ud835\udc06 | Villarreal rushing to sign Georges Mikautadze (24) from Lyon. Offer been sent. The French club must sell the forward, reports <a href=\"https:\/\/twitter.com\/sachatavolieri?ref_src=twsrc%5Etfw\" rel=\"nofollow noopener\" target=\"_blank\">@sachatavolieri<\/a>. \ud83d\udfe1\u2728<\/p>\n<p>Villarreal signed Veiga, Moleiro, Santiago Mourino, Buchanan, Marin &amp; Partey so far this summer. <a href=\"https:\/\/t.co\/GdFfuQ8WZ5\" rel=\"nofollow\">pic.twitter.com\/GdFfuQ8WZ5<\/a><\/p>\n<p>\u2014 EuroFoot (@eurofootcom) <a href=\"https:\/\/twitter.com\/eurofootcom\/status\/1960653385121644971?ref_src=twsrc%5Etfw\" rel=\"nofollow noopener\" target=\"_blank\">August 27, 2025<\/a><\/p><\/blockquote>\n<p>Le G\u00e9orgien s\u2019est compl\u00e8tement remis d\u2019une p\u00e9riode difficile \u00e0 l\u2019Ajax. L\u2019ancien joueur de Metz a d\u00e9j\u00e0 marqu\u00e9 <strong>un but lors de ses deux apparitions cette saison avec Lyon en Ligue 1.<\/strong><\/p>\n<p>        Lyon fait-il bien de laisser partir Georges Mikautadze ?    <\/p>\n<ul class=\"bc-poll__options fw-bold p-4 text-white list-unstyled d-flex flex-column gap-4 bc-poll__voted-remove\">\n<li class=\"bc-poll__option bg-secondary px-4 py-2 rounded-2\" data-bc-option-id=\"1\" data-bc-selected-classes=\"\" data-bc-icon-name-default=\"\" data-bc-icon-name-selected=\"\" data-bc-icon-name-selected-classes=\"\">\n                                Oui, bien s\u00fbr            <\/li>\n<li class=\"bc-poll__option bg-secondary px-4 py-2 rounded-2\" data-bc-option-id=\"2\" data-bc-selected-classes=\"\" data-bc-icon-name-default=\"\" data-bc-icon-name-selected=\"\" data-bc-icon-name-selected-classes=\"\">\n                                Non, pas vraiment             <\/li>\n<li class=\"bc-poll__option bg-secondary px-4 py-2 rounded-2\" data-bc-option-id=\"3\" data-bc-selected-classes=\"\" data-bc-icon-name-default=\"\" data-bc-icon-name-selected=\"\" data-bc-icon-name-selected-classes=\"\">\n                                Peut-\u00eatre bien            <\/li>\n<\/ul>\n<ul class=\"bc-poll__results fw-bold list-unstyled p-4 text-white list-unstyled d-flex flex-column gap-4\">\n<li class=\"bc-poll__result bg-secondary ps-4 py-2 rounded-2 bc-poll__result-percentage-bar-wrapper\" data-bc-selected-classes=\"\">\n<p>                        Oui, bien s\u00fbr                    <\/p>\n<\/li>\n<li class=\"bc-poll__result bg-secondary ps-4 py-2 rounded-2 bc-poll__result-percentage-bar-wrapper\" data-bc-selected-classes=\"\">\n<p>                        Non, pas vraiment                     <\/p>\n<\/li>\n<li class=\"bc-poll__result bg-secondary ps-4 py-2 rounded-2 bc-poll__result-percentage-bar-wrapper\" data-bc-selected-classes=\"\">\n<p>                        Peut-\u00eatre bien                    <\/p>\n<\/li>\n<\/ul>\n<p class=\"bc-poll__results-count-wrapper text-secondary\">\n            0 Votes        <\/p>\n<p>Premier fan des \u00e9quipes adverses du Bar\u00e7a, je suis un passionn\u00e9 des rivalit\u00e9s entre clubs. Ancien pr\u00e9sentateur de news et d\u2019\u00e9missions sportives, je fais partie des milliers de journalistes amoureux du foot qui s\u2019efforcent d\u2019\u00eatre objectifs dans le traitement des informations.<\/p>\n<p><script async src=\"https:\/\/platform.twitter.com\/widgets.js\" charset=\"utf-8\"><\/script><\/p>\n","protected":false},"excerpt":{"rendered":"L\u2019Olympique lyonnais a trouv\u00e9 un s\u00e9rieux pr\u00e9tendant pour un de ses attaquants dans le championnat espagnol. Villarreal esp\u00e8re&hellip;\n","protected":false},"author":2,"featured_media":348863,"comment_status":"","ping_status":"","sticky":false,"template":"","format":"standard","meta":{"footnotes":""},"categories":[1410],"tags":[63,1011,27,60],"class_list":{"0":"post-348862","1":"post","2":"type-post","3":"status-publish","4":"format-standard","5":"has-post-thumbnail","7":"category-football","8":"tag-football","9":"tag-fr","10":"tag-france","11":"tag-sports"},"share_on_mastodon":{"url":"https:\/\/pubeurope.com\/@fr\/115103670221579552","error":""},"_links":{"self":[{"href":"https:\/\/www.europesays.com\/fr\/wp-json\/wp\/v2\/posts\/348862","targetHints":{"allow":["GET"]}}],"collection":[{"href":"https:\/\/www.europesays.com\/fr\/wp-json\/wp\/v2\/posts"}],"about":[{"href":"https:\/\/www.europesays.com\/fr\/wp-json\/wp\/v2\/types\/post"}],"author":[{"embeddable":true,"href":"https:\/\/www.europesays.com\/fr\/wp-json\/wp\/v2\/users\/2"}],"replies":[{"embeddable":true,"href":"https:\/\/www.europesays.com\/fr\/wp-json\/wp\/v2\/comments?post=348862"}],"version-history":[{"count":0,"href":"https:\/\/www.europesays.com\/fr\/wp-json\/wp\/v2\/posts\/348862\/revisions"}],"wp:featuredmedia":[{"embeddable":true,"href":"https:\/\/www.europesays.com\/fr\/wp-json\/wp\/v2\/media\/348863"}],"wp:attachment":[{"href":"https:\/\/www.europesays.com\/fr\/wp-json\/wp\/v2\/media?parent=348862"}],"wp:term":[{"taxonomy":"category","embeddable":true,"href":"https:\/\/www.europesays.com\/fr\/wp-json\/wp\/v2\/categories?post=348862"},{"taxonomy":"post_tag","embeddable":true,"href":"https:\/\/www.europesays.com\/fr\/wp-json\/wp\/v2\/tags?post=348862"}],"curies":[{"name":"wp","href":"https:\/\/api.w.org\/{rel}","templated":true}]}}