{"id":348864,"date":"2025-08-28T00:56:09","date_gmt":"2025-08-28T00:56:09","guid":{"rendered":"https:\/\/www.europesays.com\/fr\/348864\/"},"modified":"2025-08-28T00:56:09","modified_gmt":"2025-08-28T00:56:09","slug":"jannule-tout-pierre-richard-affaibli-sa-surprenante-prise-de-parole","status":"publish","type":"post","link":"https:\/\/www.europesays.com\/fr\/348864\/","title":{"rendered":"\u00ab\u00a0J\u2019annule tout\u2026\u00a0\u00bb : Pierre Richard \u00ab\u00a0affaibli\u00a0\u00bb ? Sa surprenante prise de parole"},"content":{"rendered":"<p>      R\u00e9sum\u00e9<\/p>\n<p>Pierre Richard, \u00e2g\u00e9 de 91 ans, d\u00e9ment toute faiblesse et annonce \u00eatre actif avec un nouveau film, une tourn\u00e9e th\u00e9\u00e2trale et un prochain projet malgr\u00e9 une r\u00e9cente rumeur.<\/p>\n<p>        Sommaire<\/p>\n<p>Il est en pleine forme et a souhait\u00e9 le rappeler. Si <a href=\"https:\/\/vsd.fr\/tag\/pierre-richard\/\" target=\"_blank\" rel=\"noopener\">Pierre Richard<\/a> a voulu prendre\u00a0 la parole sur son compte Instagram, ce mercredi 27 ao\u00fbt 2025, c\u2019est pour clarifier une situation qui l\u2019a visiblement agac\u00e9.\u00a0<\/p>\n<p>Il y a quelques jours, <a href=\"https:\/\/www.public.fr\/pierre-richard-cite-a-tort-jhabite-meme-pas-dans-le-6e-lacteur-dement-avoir-signe-une-petition-anti-carrefour\" target=\"_blank\" rel=\"noopener\">le com\u00e9dien \u00e2g\u00e9 de 91 ans<\/a> a accord\u00e9 un entretien \u00e0 nos confr\u00e8res de <a href=\"https:\/\/www.nicematin.com\/cinema\/la-seule-chose-que-j-ai-perdue-c-est-ma-liberte-physique-ma-passion-est-la-meme-echange-avec-pierre-richard-avant-l-avant-premiere-de-son-dernier-film-a-carqueiranne-999065\" target=\"_blank\" rel=\"noopener\">Nice-Matin<\/a> qui l\u2019ont interrog\u00e9 au sujet de son dernier film <strong>\u00ab\u00a0L\u2019homme qui a vu l\u2019ours qui a vu l\u2019homme\u00a0\u00bb<\/strong>. <\/p>\n<p>Un nouveau projet pour le quel il a souhait\u00e9 repasser derri\u00e8re la cam\u00e9ra. Une \u00ab\u00a0premi\u00e8re\u00a0\u00bb depuis <strong>\u00ab\u00a0Droit dans le mur\u00a0\u00bb<\/strong>, en 1997.<\/p>\n<p>La dernier film de Pierre Richard derri\u00e8re la cam\u00e9ra ? <\/p>\n<p>Nos confr\u00e8res ont profit\u00e9 de leur \u00e9change avec Pierre Richard pour l\u2019interroger sur la r\u00e9alisation, un travail qu\u2019il <a href=\"https:\/\/www.public.fr\/ca-fait-au-moins-30-ans-pierre-richard-prend-la-parole-pour-faire-une-importante-annonce\" target=\"_blank\" rel=\"noopener\">n\u2019avait plus fait depuis 30 ans<\/a>. Bien diff\u00e9rent du travail d\u2019acteur, celui de r\u00e9alisateur pour <strong>\u00ab\u00a0L\u2019homme qui vu l\u2019ours qui a vu l\u2019homme\u00a0\u00bb<\/strong> a visiblement demand\u00e9 beaucoup d\u2019efforts au com\u00e9dien de 91 ans. De fait, il s\u2019agirait de son dernier film derri\u00e8re la cam\u00e9ra.\u00a0<\/p>\n<p>\u00ab\u00a0Je crois que je n&rsquo;en ferai plus parce que physiquement, une aventure de deux ans et demi c&rsquo;est quand m\u00eame tr\u00e8s dur\u00a0\u00bb, a-t-il confi\u00e9 \u00e0 Nice Matin le 23 ao\u00fbt dernier. Il reconna\u00eet en effet qu\u2019\u00e0\u00a0son \u00e2ge, \u00ab\u00a0c\u2019est tellement plus facile d&rsquo;\u00eatre com\u00e9dien\u00a0\u00bb.\u00a0<\/p>\n<p>Et pour cause, Pierre Richard aurait une excellente astuce afin de ne pas se fatiguer sur un plateau de tournage : \u00ab\u00a0Je pourrais faire trois films par an tranquillement en m&rsquo;asseyant sur une chaise entre deux plans\u00a0\u00bb.<\/p>\n<p>Le com\u00e9dien de 91 ans en pleine forme, malgr\u00e9 les rumeurs<\/p>\n<p>Visiblement, la sant\u00e9 de l\u2019acteur connu pour ses r\u00f4les dans <strong>\u00ab\u00a0La Ch\u00e8vre\u00a0\u00bb, \u00ab\u00a0Le Grand Blond avec une chaussure noire\u00a0\u00bb<\/strong>, ou encore avec son acolyte G\u00e9rard Depardieu dans <strong>\u00ab\u00a0Les Fugitifs\u00a0\u00bb<\/strong>, ne lui permettrait plus de s\u2019occuper de la r\u00e9alisation.<\/p>\n<p>Mais pour certains de nos confr\u00e8res, cet \u00e9tat de sant\u00e9 conduirait Pierre Richard \u00e0 \u00ab\u00a0mettre un terme \u00e0 une partie de sa carri\u00e8re\u00a0\u00bb. Tr\u00e8s surpris et remont\u00e9 en apprenant la nouvelle, le principal int\u00e9ress\u00e9 a d\u00e9cid\u00e9 de r\u00e9agir et prendre la parole sur son compte Instagram.<\/p>\n<p>Ce mercredi 27 ao\u00fbt 2025, l\u2019acteur de 91 ans a souhait\u00e9 clarifier la situation et \u00e9voquer son \u00e9tat de sant\u00e9, pas aussi mauvais que certains le laissent penser. \u00ab\u00a0<strong>Je viens d&rsquo;apprendre par un journal qu&rsquo;a 91 ans je suis affaibli<\/strong>, au point de renoncer \u00e0 une partie de ma carri\u00e8re\u00a0\u00bb, regrette-t-il dans un premier temps.<\/p>\n<p>Avant de rappeler : \u00ab\u00a0Pourtant, je suis en pleine promotion de mon dernier film L&rsquo;Homme qui a vu l&rsquo;ours qui a vu l&rsquo;homme, j&rsquo;encha\u00eene avec une tourn\u00e9e de ma pi\u00e8ce de th\u00e9\u00e2tre et me pr\u00e9pare \u00e0 tourner un autre film\u00a0\u00bb. \u00ab\u00a0<strong>Merci au journal de m&rsquo;avoir pr\u00e9venu. J&rsquo;annule tout et je file \u00e0 l&rsquo;h\u00f4pital de ce pas<\/strong>\u00ab\u00a0, a-t-il finalement conclu avec beaucoup d\u2019ironie.\u00a0<\/p>\n<p>      Mentionn\u00e9s dans cet article<\/p>\n<p>      Sur le m\u00eame sujet<\/p>\n","protected":false},"excerpt":{"rendered":"R\u00e9sum\u00e9 Pierre Richard, \u00e2g\u00e9 de 91 ans, d\u00e9ment toute faiblesse et annonce \u00eatre actif avec un nouveau film,&hellip;\n","protected":false},"author":2,"featured_media":348865,"comment_status":"","ping_status":"","sticky":false,"template":"","format":"standard","meta":{"footnotes":""},"categories":[1359],"tags":[58,59,1011,27,302,973,7705,4233,71],"class_list":{"0":"post-348864","1":"post","2":"type-post","3":"status-publish","4":"format-standard","5":"has-post-thumbnail","7":"category-people","8":"tag-divertissement","9":"tag-entertainment","10":"tag-fr","11":"tag-france","12":"tag-gerard-depardieu","13":"tag-people","14":"tag-pierre-richard","15":"tag-realisateur","16":"tag-sante"},"share_on_mastodon":{"url":"https:\/\/pubeurope.com\/@fr\/115103674159580347","error":""},"_links":{"self":[{"href":"https:\/\/www.europesays.com\/fr\/wp-json\/wp\/v2\/posts\/348864","targetHints":{"allow":["GET"]}}],"collection":[{"href":"https:\/\/www.europesays.com\/fr\/wp-json\/wp\/v2\/posts"}],"about":[{"href":"https:\/\/www.europesays.com\/fr\/wp-json\/wp\/v2\/types\/post"}],"author":[{"embeddable":true,"href":"https:\/\/www.europesays.com\/fr\/wp-json\/wp\/v2\/users\/2"}],"replies":[{"embeddable":true,"href":"https:\/\/www.europesays.com\/fr\/wp-json\/wp\/v2\/comments?post=348864"}],"version-history":[{"count":0,"href":"https:\/\/www.europesays.com\/fr\/wp-json\/wp\/v2\/posts\/348864\/revisions"}],"wp:featuredmedia":[{"embeddable":true,"href":"https:\/\/www.europesays.com\/fr\/wp-json\/wp\/v2\/media\/348865"}],"wp:attachment":[{"href":"https:\/\/www.europesays.com\/fr\/wp-json\/wp\/v2\/media?parent=348864"}],"wp:term":[{"taxonomy":"category","embeddable":true,"href":"https:\/\/www.europesays.com\/fr\/wp-json\/wp\/v2\/categories?post=348864"},{"taxonomy":"post_tag","embeddable":true,"href":"https:\/\/www.europesays.com\/fr\/wp-json\/wp\/v2\/tags?post=348864"}],"curies":[{"name":"wp","href":"https:\/\/api.w.org\/{rel}","templated":true}]}}