{"id":348866,"date":"2025-08-28T00:57:18","date_gmt":"2025-08-28T00:57:18","guid":{"rendered":"https:\/\/www.europesays.com\/fr\/348866\/"},"modified":"2025-08-28T00:57:18","modified_gmt":"2025-08-28T00:57:18","slug":"une-nouvelle-ecole-darchitecture-dans-deux-ans-au-port","status":"publish","type":"post","link":"https:\/\/www.europesays.com\/fr\/348866\/","title":{"rendered":"Une nouvelle \u00e9cole d\u2019architecture dans deux ans au Port"},"content":{"rendered":"<p>La premi\u00e8re pierre vient d\u2019\u00eatre pos\u00e9e, en l\u2019occurrence c\u2019est un morceau de charpente, les \u00e9tudiants en architecture de la R\u00e9union auront, d\u2019ici \u00e0 deux ans, cours dans de nouveaux b\u00e2timents, au Port, en face de l\u2019Ecole Sup\u00e9rieure d\u2019Art de la R\u00e9union. Co\u00fbt de l\u2019op\u00e9ration : 13,35 millions d\u2019euros hors taxes, financ\u00e9s par l\u2019Europe, la ville du Port, le Territoire de l\u2019Ouest et l\u2019Etat.<\/p>\n<p>Le nombre d\u2019\u00e9tudiants a \u00e9t\u00e9 multipli\u00e9 par dix depuis les d\u00e9buts de l\u2019\u00e9cole d\u2019architecture, on devrait atteindre les deux cents \u00e9l\u00e8ves prochainement.<\/p>\n<p>Des d\u00e9buts dans de petits b\u00e2timents \u00e0 Saint-Denis, avec une \u00e9cole \u00e0 l\u2019\u00e9poque antenne de celle de Montpellier. Depuis mars 2025, un d\u00e9cret en a fait la vingt-et-uni\u00e8me Ecole Nationale Sup\u00e9rieure d\u2019Architecture de France, et la seule en outremer.<\/p>\n<p>Cette \u00e9cole ce sera une\u00a0 \u00ab\u00a0machine climatique\u00a0\u00bb\u00a0 comme l\u2019affirme l\u2019architecte du futur projet, Olivier Brabant. Elle sera donc passive, bio-climatique, avec de la ventilation naturelle.<\/p>\n<p>                                    <img class=\"a-article__image lazy libre\" width=\"800\" height=\"450\" data-src=\"https:\/\/www.europesays.com\/fr\/wp-content\/uploads\/2025\/08\/archi-maquette-68ae9e2a8bb4a469913144.jpg\" style=\"--img-placeholder: url('\/assets\/img\/placeholders\/article-800-450.svg');\" alt=\"\u00e9cole d'architecture du Port\" aria-hidden=\"true\"\/><\/p>\n<p>                La maquette de la future \u00e9cole d&rsquo;architecture du Port, de l&rsquo;architecte Olivier Brabant<br \/>\n                     \u2022<br \/>\n                            \u00a9Sophie Person<\/p>\n<p>Pour le directeur de l\u2019ENSA, Pierre Rosier, le b\u00e2timent de l\u2019\u00e9cole va permettre d\u2019enseigner, par lui-m\u00eame, l\u2019architecture bio-climatique \u00e0 laquelle les \u00e9l\u00e8ves sont form\u00e9s.<\/p>\n<p>\u00ab\u00a0On va enseigner autrement, on va enseigner par exemple sur des coursives, dans des espaces tr\u00e8s a\u00e9r\u00e9s, et non plus dans des salles, et, des salles pourront se transformer en parfois en atelier, parfois en cours, ce qui nous a permis d\u2019\u00e9conomiser des surfaces et de ne pas multiplier les m\u00e8tres carr\u00e9s\u00a0\u00bb.\u00a0<\/p>\n<blockquote class=\"ftvi_content_quote\">\n<p class=\"ftvi_citation_quote\">C\u2019est aussi une posture importante aujourd\u2019hui pour un architecte, est-ce qu\u2019on a besoin de construire autant, comment \u00e9conomiser l\u2019impact carbone de la construction ? Toute cette interrogation a \u00e9t\u00e9 inject\u00e9e au sein du projet.<\/p>\n<p>Le directeur de l&rsquo;\u00e9cole sup\u00e9rieure d&rsquo;architecture de la R\u00e9union, Pierre Rosier<\/p>\n<\/blockquote>\n<p>                                    <img class=\"a-article__image lazy libre\" width=\"800\" height=\"450\" data-src=\"https:\/\/www.europesays.com\/fr\/wp-content\/uploads\/2025\/08\/archi-rosier-68ae9de79cc11970363043.jpg\" style=\"--img-placeholder: url('\/assets\/img\/placeholders\/article-800-450.svg');\" alt=\"premi\u00e8re pierre \u00e9cole d'architecture\" aria-hidden=\"true\"\/><\/p>\n<p>                Pierre Rosier, le directeur de l&rsquo;\u00e9cole d&rsquo;architecture de la R\u00e9union<br \/>\n                     \u2022<br \/>\n                            \u00a9Sophie Person<\/p>\n<p>Sacha Orfila vient d\u2019obtenir son dipl\u00f4me, elle ne profitera donc pas des nouveaux b\u00e2timents : \u00ab\u00a0C\u2019est vraiment une \u00e9cole manifeste, pour comprendre les diff\u00e9rents m\u00e9canismes bio-climatiques et de ventilation naturelle. Elle permettra, juste par elle-m\u00eame, d\u2019apprendre.\u00a0\u00bb<\/p>\n<p>Ce que confirme Eglantine Trabichet qui sera dipl\u00f4m\u00e9e en septembre : \u00ab\u00a0\u00e7a va \u00eatre une \u00e9cole qui va enseigner juste avec ses murs les probl\u00e9matiques environnementales, j\u2019aimerais bien y retourner quand elle sera termin\u00e9e\u00a0\u00bb. La jeune fille a particip\u00e9 \u00e0 la commission immobili\u00e8re qui a propos\u00e9 des id\u00e9es.<\/p>\n<p>                                    <img class=\"a-article__image lazy libre\" width=\"800\" height=\"450\" data-src=\"https:\/\/www.europesays.com\/fr\/wp-content\/uploads\/2025\/08\/archi-etudiante-68ae9fc667bac164482032.jpg\" style=\"--img-placeholder: url('\/assets\/img\/placeholders\/article-800-450.svg');\" alt=\"l'\u00e9cole d'architecture du Port\" aria-hidden=\"true\"\/><\/p>\n<p>                Sacha Orfila et Eglantine Trabichet, dipl\u00f4m\u00e9e et future dipl\u00f4m\u00e9e de l&rsquo;\u00e9cole d&rsquo;architecture<br \/>\n                     \u2022<br \/>\n                            \u00a9Sophie Person<\/p>\n<p>Le maire du Port Olivier Hoarau compte lui renforcer l\u2019attractivit\u00e9 du Port qui accueille d\u00e9j\u00e0 sur son territoire l\u2019Ecole Sup\u00e9rieure d\u2019Art et l\u2019ILOI notamment. Invit\u00e9e \u00e0 la tribune, la pr\u00e9sidente de la R\u00e9gion, Huguette Bello, a rappel\u00e9 que l\u2019\u00e9cole b\u00e9n\u00e9ficie de 130\u00a0000 euros par an de subvention. Et soulign\u00e9 la belle \u00e9volution en trente ans de l\u2019enseignement de l\u2019architecture \u00e0 La R\u00e9union.<\/p>\n<p>Et ce n\u2019est pas Mariam Locate qui va la contredire, elle faisait parmi de la premi\u00e8re promo, vingt \u00e9l\u00e8ves seulement, dans des b\u00e2timents \u00e0 Saint-Denis. \u00ab\u00a0C\u2019\u00e9tait un peu compliqu\u00e9 pour une jeune fille de quitter la R\u00e9union pour aller faire des \u00e9tudes, et en plus des \u00e9tudes d\u2019architecture \u00e0 l\u2019\u00e9poque. Alors heureusement que j\u2019ai pu me former sur place, \u00e7a m\u2019a permis d\u2019exercer le m\u00e9tier que je r\u00eavais de faire\u00a0\u00bb.<\/p>\n<p>Aujourd\u2019hui, c\u2019est presque deux cents \u00e9l\u00e8ves qui sont form\u00e9s \u00e0 l\u2019architecture \u00e0 La R\u00e9union, avec un cursus complet sur place. Quarante-cinq enseignants s\u2019occupent de leur formation et ils sont encadr\u00e9s par onze personnels administratifs.<\/p>\n<p>\u00a0<\/p>\n","protected":false},"excerpt":{"rendered":"La premi\u00e8re pierre vient d\u2019\u00eatre pos\u00e9e, en l\u2019occurrence c\u2019est un morceau de charpente, les \u00e9tudiants en architecture de&hellip;\n","protected":false},"author":2,"featured_media":348867,"comment_status":"","ping_status":"","sticky":false,"template":"","format":"standard","meta":{"footnotes":""},"categories":[1358],"tags":[1348,1384,1385,1386,58,59,1011,27],"class_list":{"0":"post-348866","1":"post","2":"type-post","3":"status-publish","4":"format-standard","5":"has-post-thumbnail","7":"category-arts-et-design","8":"tag-arts","9":"tag-arts-and-design","10":"tag-arts-et-design","11":"tag-design","12":"tag-divertissement","13":"tag-entertainment","14":"tag-fr","15":"tag-france"},"share_on_mastodon":{"url":"https:\/\/pubeurope.com\/@fr\/115103678135752254","error":""},"_links":{"self":[{"href":"https:\/\/www.europesays.com\/fr\/wp-json\/wp\/v2\/posts\/348866","targetHints":{"allow":["GET"]}}],"collection":[{"href":"https:\/\/www.europesays.com\/fr\/wp-json\/wp\/v2\/posts"}],"about":[{"href":"https:\/\/www.europesays.com\/fr\/wp-json\/wp\/v2\/types\/post"}],"author":[{"embeddable":true,"href":"https:\/\/www.europesays.com\/fr\/wp-json\/wp\/v2\/users\/2"}],"replies":[{"embeddable":true,"href":"https:\/\/www.europesays.com\/fr\/wp-json\/wp\/v2\/comments?post=348866"}],"version-history":[{"count":0,"href":"https:\/\/www.europesays.com\/fr\/wp-json\/wp\/v2\/posts\/348866\/revisions"}],"wp:featuredmedia":[{"embeddable":true,"href":"https:\/\/www.europesays.com\/fr\/wp-json\/wp\/v2\/media\/348867"}],"wp:attachment":[{"href":"https:\/\/www.europesays.com\/fr\/wp-json\/wp\/v2\/media?parent=348866"}],"wp:term":[{"taxonomy":"category","embeddable":true,"href":"https:\/\/www.europesays.com\/fr\/wp-json\/wp\/v2\/categories?post=348866"},{"taxonomy":"post_tag","embeddable":true,"href":"https:\/\/www.europesays.com\/fr\/wp-json\/wp\/v2\/tags?post=348866"}],"curies":[{"name":"wp","href":"https:\/\/api.w.org\/{rel}","templated":true}]}}