{"id":348868,"date":"2025-08-28T00:58:13","date_gmt":"2025-08-28T00:58:13","guid":{"rendered":"https:\/\/www.europesays.com\/fr\/348868\/"},"modified":"2025-08-28T00:58:13","modified_gmt":"2025-08-28T00:58:13","slug":"arpenter-un-livre-comme-un-pays","status":"publish","type":"post","link":"https:\/\/www.europesays.com\/fr\/348868\/","title":{"rendered":"Arpenter un livre comme un pays"},"content":{"rendered":"<p>D\u00e9chirer un livre et se r\u00e9partir les morceaux pour mieux le dig\u00e9rer. Voici le concept de l\u2019arpentage. Un outil d\u2019\u00e9ducation populaire pour aborder en groupe des ouvrages qui impressionnent. Le Courrier a particip\u00e9 \u00e0 un atelier organis\u00e9 par Le Conviviabule \u00e0 Neuch\u00e2tel pour arpenter une \u0153uvre comme on arpenterait un terrain inconnu. Reportage. Les participant\u00b7es [\u2026]<\/p>\n<p>        <img height=\"1\" width=\"1\" style=\"display:none\"\nsrc=\"https:\/\/www.facebook.com\/tr?id=1171977514384162&#038;ev=PageView&#038;noscript=1\"\n\/><\/p>\n","protected":false},"excerpt":{"rendered":"D\u00e9chirer un livre et se r\u00e9partir les morceaux pour mieux le dig\u00e9rer. Voici le concept de l\u2019arpentage. Un&hellip;\n","protected":false},"author":2,"featured_media":348869,"comment_status":"","ping_status":"","sticky":false,"template":"","format":"standard","meta":{"footnotes":""},"categories":[1357],"tags":[1379,58,59,1011,27,1380],"class_list":{"0":"post-348868","1":"post","2":"type-post","3":"status-publish","4":"format-standard","5":"has-post-thumbnail","7":"category-livres","8":"tag-books","9":"tag-divertissement","10":"tag-entertainment","11":"tag-fr","12":"tag-france","13":"tag-livres"},"share_on_mastodon":{"url":"https:\/\/pubeurope.com\/@fr\/115103682118684083","error":""},"_links":{"self":[{"href":"https:\/\/www.europesays.com\/fr\/wp-json\/wp\/v2\/posts\/348868","targetHints":{"allow":["GET"]}}],"collection":[{"href":"https:\/\/www.europesays.com\/fr\/wp-json\/wp\/v2\/posts"}],"about":[{"href":"https:\/\/www.europesays.com\/fr\/wp-json\/wp\/v2\/types\/post"}],"author":[{"embeddable":true,"href":"https:\/\/www.europesays.com\/fr\/wp-json\/wp\/v2\/users\/2"}],"replies":[{"embeddable":true,"href":"https:\/\/www.europesays.com\/fr\/wp-json\/wp\/v2\/comments?post=348868"}],"version-history":[{"count":0,"href":"https:\/\/www.europesays.com\/fr\/wp-json\/wp\/v2\/posts\/348868\/revisions"}],"wp:featuredmedia":[{"embeddable":true,"href":"https:\/\/www.europesays.com\/fr\/wp-json\/wp\/v2\/media\/348869"}],"wp:attachment":[{"href":"https:\/\/www.europesays.com\/fr\/wp-json\/wp\/v2\/media?parent=348868"}],"wp:term":[{"taxonomy":"category","embeddable":true,"href":"https:\/\/www.europesays.com\/fr\/wp-json\/wp\/v2\/categories?post=348868"},{"taxonomy":"post_tag","embeddable":true,"href":"https:\/\/www.europesays.com\/fr\/wp-json\/wp\/v2\/tags?post=348868"}],"curies":[{"name":"wp","href":"https:\/\/api.w.org\/{rel}","templated":true}]}}