{"id":348870,"date":"2025-08-28T00:59:12","date_gmt":"2025-08-28T00:59:12","guid":{"rendered":"https:\/\/www.europesays.com\/fr\/348870\/"},"modified":"2025-08-28T00:59:12","modified_gmt":"2025-08-28T00:59:12","slug":"un-si-grand-soleil-france-tv-7","status":"publish","type":"post","link":"https:\/\/www.europesays.com\/fr\/348870\/","title":{"rendered":"Un si grand soleil &#8211; France TV"},"content":{"rendered":"<ol>\n<li><a href=\"https:\/\/news.google.com\/rss\/articles\/CBMivAFBVV95cUxQbHBsdHVJV3RxNG04aEQxLS0wU0w0clNEUWZabTRldHZTZktHRDBiQTI2anlyc19XdlhrYk84WFhPZ2RwMG44NVRkOVVydDYxdFZQRGk5ODh0VnNuYk5tTEpDQ0hpdHBSQmZIazlDZkozbm91azhnQTNMRWs4VkpieG1wcnNUMHh2RWRaMnAzZFdwWTMxclFVRGEzX19Id3pERlc4N2xhZzdDSmdKZmhLLWJ2UG15MGhud2xCYw?oc=5\" target=\"_blank\" rel=\"nofollow noopener\">Un si grand soleil<\/a>&nbsp;&nbsp;France TV<\/li>\n<li><a href=\"https:\/\/news.google.com\/rss\/articles\/CBMiqAJBVV95cUxQbnV5MmJnbEN2a3pRNVMwZXVUeGpNd0t1dkJPOGN2WXp1UGVxOTRSQVJEdG8zYm9SRVFxNURjNzA2V3NucTBGLWJtXy14Sk95S2ptSVBlUkVINTRsbEhrYTdhd3phcFd5VDNYYk1GM3BMd3FfU1NqUUpCTC12WnllWThCWTkycWh1MnZCVlY4U1g0ZkR0RVQzb3I3ZWljVmRTdWZkcmRxa25XZm9xT01INGViU0w0akNCQzZxQXZZbjhraXR4a0NlbjRnbU5DVVhDVTJzeGM2NG1kWTJrZnBKMXZYLVR6a0JwRHFlZ0ExSmpxOF9OUjZTTzN1S1FkanlVS0d4Mm16Zl9WRDdVY09oai00VWlSY0xXZl93Vk9kSjlmRWJ0VGVxVQ?oc=5\" target=\"_blank\" rel=\"nofollow noopener\">Un si grand soleil en avance : Elisabeth porte plainte contre Catherine, Ludo est victime d&rsquo;un malaise ! Le r\u00e9sum\u00e9 de l&rsquo;\u00e9pisode 1735 du mardi 26 ao\u00fbt 2025<\/a>&nbsp;&nbsp;programme-tv.net<\/li>\n<li><a href=\"https:\/\/news.google.com\/rss\/articles\/CBMihgJBVV95cUxQRnlIWUNMMHJzMGoyQ3p5SUFBYmdRN1FER0lvRTJYaEU3RDJreHVnakt3cmNTVUhpVDZaSmVZNVZlLW5NaXU2dVp0by1oLWxKWkN3OTFsOW1rdVFXQnFNZmFvMmxHa3JYNkNiWldDWlB3MV91dnFnd1BCZEVxRlFTY1I5dGZuNDh0UEREeUw3b3NwT3hublBFV3Y3WTU5X1pzdDBxamk2OWxIckI2N0ktNjZTVGJHNWRTU2w5YkVsZHJCV0tiWExGNkowTE1iUlZvdG9NczVDWHNtY29OSVZQMG1CVHVSRmVZV1prQmZ4X1dfczV3T1R3aVBsc1lnaEkyTXNVVzdn?oc=5\" target=\"_blank\" rel=\"nofollow noopener\">Catherine agress\u00e9e en prison : Boris se dresse contre Elisabeth &#8211; Un si grand soleil 10 septembre 2025 (\u00e9pisode 1746 &#8211; r\u00e9sum\u00e9 complet USGS)<\/a>&nbsp;&nbsp;Nouveaut\u00e9s-T\u00e9l\u00e9.com<\/li>\n<li><a href=\"https:\/\/news.google.com\/rss\/articles\/CBMixAFBVV95cUxPRWxycmZzVlc2NmdhWFRvTkRHLWxZcjRUWFV0Qm10OFl6c1ZBVDFrVkVOYkdjN3kyUTlBZklwZEw4eUxVeTEybEY4TGUzMFc0d2dtVEVrb1RaVDBRRUZkQklHdUc5THN0emZUMmtybWlSV01nRENHYzRoSU9zaXFQSmhPMXc3MDlnMUx0a09yZVMxY2NOSmdYV3lwckdDVHdrbzVnVVl0RzJRUUc4TUZ0OVNmMWcxWEVQRW5zbGEzazRwYkty?oc=5\" target=\"_blank\" rel=\"nofollow noopener\">D\u00e9programmation : Pourquoi France 3 ne diffusera-t-elle pas \u00ab\u00a0Un si grand soleil\u00a0\u00bb ce vendredi soir ?<\/a>&nbsp;&nbsp;puremedias<\/li>\n<li><a href=\"https:\/\/news.google.com\/rss\/articles\/CBMipAJBVV95cUxNN1BlbkdJVDN5MERXR2hycFU0aTFxaEVGZ1NEMlZIQ3UtcHFNS29XTlFDRUdzbHAwREVMYmlRdnh2d2RJZG5xM0dPZ25TU3JESVFmU1JjN0loUFlleG9BU2x4OEVSSl9tRi1aQmpIekRyUXZ2c2ZuNk93NTZiR0dhSGZ1Uk5jTDloTXZDcksyR3pkcm1HdTdEZzhYcU9kUF8yWTlzWEFOVEFhSnhUYThpV1MwWENlc2VjMkVJcS1Ob1p4cFl6U1hBXzV2cW12dE5CMlZkeFlSZE92SGRHdEM3ckt0UUtyLXVidWhpSjdWRnBETlNUTURvWVFpZW1DajlKX2l3Q2phSW5oY3lNZ3FzZFNCaEtUUVVRYi1tYTRiN2d5M2Ji?oc=5\" target=\"_blank\" rel=\"nofollow noopener\">\u00ab Un si grand soleil \u00bb. Les r\u00e9sum\u00e9s en avance des \u00e9pisodes du 25 au 29 ao\u00fbt 2025<\/a>&nbsp;&nbsp;Programme TV Ouest-France<\/li>\n<\/ol>\n","protected":false},"excerpt":{"rendered":"Un si grand soleil&nbsp;&nbsp;France TV Un si grand soleil en avance : Elisabeth porte plainte contre Catherine, Ludo&hellip;\n","protected":false},"author":2,"featured_media":348871,"comment_status":"","ping_status":"","sticky":false,"template":"","format":"standard","meta":{"footnotes":""},"categories":[1356],"tags":[58,59,1011,27,252,1364],"class_list":{"0":"post-348870","1":"post","2":"type-post","3":"status-publish","4":"format-standard","5":"has-post-thumbnail","7":"category-television","8":"tag-divertissement","9":"tag-entertainment","10":"tag-fr","11":"tag-france","12":"tag-television","13":"tag-tv"},"share_on_mastodon":{"url":"https:\/\/pubeurope.com\/@fr\/115103686408697088","error":""},"_links":{"self":[{"href":"https:\/\/www.europesays.com\/fr\/wp-json\/wp\/v2\/posts\/348870","targetHints":{"allow":["GET"]}}],"collection":[{"href":"https:\/\/www.europesays.com\/fr\/wp-json\/wp\/v2\/posts"}],"about":[{"href":"https:\/\/www.europesays.com\/fr\/wp-json\/wp\/v2\/types\/post"}],"author":[{"embeddable":true,"href":"https:\/\/www.europesays.com\/fr\/wp-json\/wp\/v2\/users\/2"}],"replies":[{"embeddable":true,"href":"https:\/\/www.europesays.com\/fr\/wp-json\/wp\/v2\/comments?post=348870"}],"version-history":[{"count":0,"href":"https:\/\/www.europesays.com\/fr\/wp-json\/wp\/v2\/posts\/348870\/revisions"}],"wp:featuredmedia":[{"embeddable":true,"href":"https:\/\/www.europesays.com\/fr\/wp-json\/wp\/v2\/media\/348871"}],"wp:attachment":[{"href":"https:\/\/www.europesays.com\/fr\/wp-json\/wp\/v2\/media?parent=348870"}],"wp:term":[{"taxonomy":"category","embeddable":true,"href":"https:\/\/www.europesays.com\/fr\/wp-json\/wp\/v2\/categories?post=348870"},{"taxonomy":"post_tag","embeddable":true,"href":"https:\/\/www.europesays.com\/fr\/wp-json\/wp\/v2\/tags?post=348870"}],"curies":[{"name":"wp","href":"https:\/\/api.w.org\/{rel}","templated":true}]}}