{"id":348872,"date":"2025-08-28T01:00:24","date_gmt":"2025-08-28T01:00:24","guid":{"rendered":"https:\/\/www.europesays.com\/fr\/348872\/"},"modified":"2025-08-28T01:00:24","modified_gmt":"2025-08-28T01:00:24","slug":"will-ramos-raconte-comment-il-a-quitte-son-groupe-pour-rejoindre-lorna-shore","status":"publish","type":"post","link":"https:\/\/www.europesays.com\/fr\/348872\/","title":{"rendered":"Will Ramos raconte comment il a quitt\u00e9 son groupe pour rejoindre Lorna Shore"},"content":{"rendered":"<p><strong>Will Ramos admet avoir quitt\u00e9 sans h\u00e9sitation son ancien groupe lorsqu\u2019on lui a propos\u00e9 de rejoindre <a href=\"https:\/\/www.metalzone.fr\/lorna-shore\/\" target=\"_blank\" rel=\"noopener\">Lorna Shore<\/a>, une d\u00e9cision qui a marqu\u00e9 un tournant d\u00e9cisif dans sa carri\u00e8re.<\/strong><\/p>\n<p>Will Ramos conquis d\u00e8s sa premi\u00e8re \u00e9coute de Lorna Shore<\/p>\n<p>Avant de devenir le chanteur de Lorna Shore en 2020, Will Ramos avait d\u00e9couvert le groupe dans un contexte pour le moins atypique. Dans une interview accord\u00e9e \u00e0 <a href=\"https:\/\/www.loudersound.com\/bands-artists\/will-ramos-acid-lorna-shore\" target=\"_blank\" rel=\"nofollow noopener\">Metal Hammer<\/a>, il raconte avoir entendu le morceau Godmaker alors qu\u2019il exp\u00e9rimentait le LSD : \u201cIl pleuvait et je me disais : \u2018Wow, c\u2019est la chose la plus dingue que j\u2019ai jamais entendue\u2019\u201d. Plus tard, il a r\u00e9\u00e9cout\u00e9 le titre \u00e0 jeun et a confirm\u00e9 son coup de foudre pour la brutalit\u00e9 et la richesse sonore de Lorna Shore.<\/p>\n<p>Cette premi\u00e8re rencontre a renforc\u00e9 son admiration pour la sc\u00e8ne <a href=\"https:\/\/www.metalzone.fr\/deathcore\/\" target=\"_blank\" rel=\"noopener\">deathcore<\/a>, qu\u2019il suivait d\u00e9j\u00e0 \u00e0 travers des formations comme <a href=\"https:\/\/www.metalzone.fr\/suicide-silence\/\" target=\"_blank\" rel=\"noopener\">Suicide Silence<\/a> ou <a href=\"https:\/\/www.metalzone.fr\/all-shall-perish\/\" target=\"_blank\" rel=\"noopener\">All Shall Perish<\/a>. Quelques ann\u00e9es plus tard, lorsque Lorna Shore lui a propos\u00e9 de les rejoindre pour une tourn\u00e9e test, il a imm\u00e9diatement accept\u00e9.<\/p>\n<p>\u201cSi Lorna Shore m\u2019appelle, je pars\u201d<\/p>\n<p>\u00c0 l\u2019\u00e9poque, Ramos officiait encore au sein de Monument For A Memory. Ses camarades lui avaient demand\u00e9 ce qu\u2019il ferait si Lorna Shore lui offrait une place. Sa r\u00e9ponse avait \u00e9t\u00e9 sans d\u00e9tour : \u201cBien s\u00fbr que je pars ! D\u00e9sol\u00e9 les gars, je vous aime, mais Lorna Shore est le groupe dont j\u2019ai toujours r\u00eav\u00e9 de faire partie\u201d, se souvient-il dans cet entretien. Une d\u00e9claration franche qui, loin de cr\u00e9er des tensions, traduisait l\u2019\u00e9vidence qu\u2019il ressentait \u00e0 l\u2019id\u00e9e d\u2019int\u00e9grer une formation qu\u2019il consid\u00e9rait comme exceptionnelle.<\/p>\n<p>Un nouvel album et une tourn\u00e9e europ\u00e9enne en approche<\/p>\n<p>Le groupe sortira le 12 septembre son cinqui\u00e8me album, I Feel The Everblack Festering Within Me, d\u00e9j\u00e0 port\u00e9 par des singles marquants tels qu\u2019Oblivion, Unbreakable et plus r\u00e9cemment <a href=\"https:\/\/www.metalzone.fr\/news\/219254-lorna-shore-prison-of-flesh\/\" target=\"_blank\" rel=\"noopener\">Prison Of Flesh<\/a>. Dans ce dernier, Will Ramos aborde des th\u00e8mes personnels, inspir\u00e9s notamment par des exp\u00e9riences familiales li\u00e9es \u00e0 la d\u00e9mence.<\/p>\n<p>Pour d\u00e9fendre ce nouvel opus, Lorna Shore entreprendra en 2026 une vaste tourn\u00e9e europ\u00e9enne aux c\u00f4t\u00e9s de <a href=\"https:\/\/www.metalzone.fr\/whitechapel\/\" target=\"_blank\" rel=\"noopener\">Whitechapel<\/a>, <a href=\"https:\/\/www.metalzone.fr\/shadow-of-intent\/\" target=\"_blank\" rel=\"noopener\">Shadow Of Intent<\/a> et <a href=\"https:\/\/www.metalzone.fr\/humanitys-last-breath\/\" target=\"_blank\" rel=\"noopener\">Humanity\u2019s Last Breath<\/a>, un plateau d\u00e9taill\u00e9 <a href=\"https:\/\/www.metalzone.fr\/news\/217528-lorna-shore-tournee-europeenne-whitechapel-shadow-of-intent-humanitys-last-breath\/\" target=\"_blank\" rel=\"noopener\">ici<\/a>. Plusieurs concerts sont programm\u00e9s dans les pays francophones : Zurich (3 f\u00e9vrier), Lyon (4 f\u00e9vrier), Paris (5 f\u00e9vrier) et Bruxelles (6 f\u00e9vrier).<\/p><\/p>\n","protected":false},"excerpt":{"rendered":"Will Ramos admet avoir quitt\u00e9 sans h\u00e9sitation son ancien groupe lorsqu\u2019on lui a propos\u00e9 de rejoindre Lorna Shore,&hellip;\n","protected":false},"author":2,"featured_media":348873,"comment_status":"","ping_status":"","sticky":false,"template":"","format":"standard","meta":{"footnotes":""},"categories":[1355],"tags":[58,59,1011,27,1361,873],"class_list":{"0":"post-348872","1":"post","2":"type-post","3":"status-publish","4":"format-standard","5":"has-post-thumbnail","7":"category-musique","8":"tag-divertissement","9":"tag-entertainment","10":"tag-fr","11":"tag-france","12":"tag-music","13":"tag-musique"},"share_on_mastodon":{"url":"https:\/\/pubeurope.com\/@fr\/115103689789275062","error":""},"_links":{"self":[{"href":"https:\/\/www.europesays.com\/fr\/wp-json\/wp\/v2\/posts\/348872","targetHints":{"allow":["GET"]}}],"collection":[{"href":"https:\/\/www.europesays.com\/fr\/wp-json\/wp\/v2\/posts"}],"about":[{"href":"https:\/\/www.europesays.com\/fr\/wp-json\/wp\/v2\/types\/post"}],"author":[{"embeddable":true,"href":"https:\/\/www.europesays.com\/fr\/wp-json\/wp\/v2\/users\/2"}],"replies":[{"embeddable":true,"href":"https:\/\/www.europesays.com\/fr\/wp-json\/wp\/v2\/comments?post=348872"}],"version-history":[{"count":0,"href":"https:\/\/www.europesays.com\/fr\/wp-json\/wp\/v2\/posts\/348872\/revisions"}],"wp:featuredmedia":[{"embeddable":true,"href":"https:\/\/www.europesays.com\/fr\/wp-json\/wp\/v2\/media\/348873"}],"wp:attachment":[{"href":"https:\/\/www.europesays.com\/fr\/wp-json\/wp\/v2\/media?parent=348872"}],"wp:term":[{"taxonomy":"category","embeddable":true,"href":"https:\/\/www.europesays.com\/fr\/wp-json\/wp\/v2\/categories?post=348872"},{"taxonomy":"post_tag","embeddable":true,"href":"https:\/\/www.europesays.com\/fr\/wp-json\/wp\/v2\/tags?post=348872"}],"curies":[{"name":"wp","href":"https:\/\/api.w.org\/{rel}","templated":true}]}}