{"id":348874,"date":"2025-08-28T01:01:40","date_gmt":"2025-08-28T01:01:40","guid":{"rendered":"https:\/\/www.europesays.com\/fr\/348874\/"},"modified":"2025-08-28T01:01:40","modified_gmt":"2025-08-28T01:01:40","slug":"paolo-sorrentino-cherche-la-grace","status":"publish","type":"post","link":"https:\/\/www.europesays.com\/fr\/348874\/","title":{"rendered":"Paolo Sorrentino cherche \u00ab\u00a0La gr\u00e2ce\u00a0\u00bb"},"content":{"rendered":"<p class=\"intro\">Pr\u00e9sent\u00e9 en ouverture de la 82e Mostra de Venise, le douzi\u00e8me film du cin\u00e9aste oscaris\u00e9 imagine les six derniers mois du pr\u00e9sident de la R\u00e9publique d\u2019Italie, confront\u00e9 \u00e0 des choix difficiles. Convaincant.<\/p>\n<p>                        Le synopsis<\/p>\n<p>Il y a l\u2019ordre, la discipline et la loi dans la vie de Mariano De Santis, le pr\u00e9sident de la R\u00e9publique d\u2019Italie. Install\u00e9 depuis sept au Palais Quirinal de Rome, il approche de la fin de son mandat avec une certaine d\u00e9sillusion envers les hommes et la politique. Juriste \u00e9m\u00e9rite, l\u2019homme vit avec sa fille Dorotea, se livre \u00e0 quelques confidences intimes aupr\u00e8s de son garde du corps ou de son plus vieil ami, d\u00e9sormais ministre de la Justice. Mais n\u2019est pas du genre \u00e0 rire en public, encore moins \u00e0 laisser transpara\u00eetre ses \u00e9motions. D\u2019autant qu\u2019il n\u2019a jamais oubli\u00e9 Aurora, son \u00e9pouse disparue huit ans plus t\u00f4t et dont il n\u2019a jamais perc\u00e9 le myst\u00e8re\u00a0: avec qui l\u2019a-t-elle tromp\u00e9 quarante ans auparavant\u00a0?<\/p>\n<p>La critique de Paris Match (3\/5)<\/p>\n<p>Avec \u00ab\u00a0La gr\u00e2ce\u00a0\u00bb, Paolo Sorrentino offre d\u2019abord un r\u00f4le en or \u00e0 son complice <a href=\"https:\/\/www.parismatch.com\/Culture\/Cinema\/L-indecence-est-devenue-une-habitude-545517\" rel=\"nofollow noopener\" target=\"_blank\">Toni Servillo <\/a>\u2013 il s\u2019agit l\u00e0 de leur sixi\u00e8me long-m\u00e9trage ensemble. Le cin\u00e9aste italien se permet surtout une belle r\u00e9flexion sur la fin de vie, puisque son chef de l\u2019\u00c9tat est confront\u00e9 au choix ultime\u00a0: doit-il promulguer la loi sur l\u2019euthanasie\u00a0avant son d\u00e9part du pouvoir\u00a0? Ses principes, son \u00e9ducation, ses croyances l\u2019invitent \u00e0 ne pas le faire. Il va m\u00eame consulter le Pape, africain et roulant en scooter dans les jardins du Vatican, pour tenter de sortir de son doute raisonnable, affronter son dilemme moral. Sorrentino renvoie ici la soci\u00e9t\u00e9 italienne \u00e0 ses propres questionnements, le d\u00e9bat agitant la p\u00e9ninsule depuis 2019. Et depuis juillet dernier le gouvernement de Giorgia Meloni a ouvert la porte \u00e0 la d\u00e9p\u00e9nalisation du suicide assist\u00e9. Sorrentino s\u2019efforce \u2013 et c\u2019est le d\u00e9faut de son film \u2013 \u00e0 faire du Sorrentino, glissant \u00e7\u00e0 et l\u00e0 des s\u00e9quences po\u00e9tico-absurdes, rigolotes, mais sans grand int\u00e9r\u00eat, telle cette visite officielle \u00e0 Rome du pr\u00e9sident Portugais. <\/p>\n<p>    La suite apr\u00e8s cette publicit\u00e9<\/p>\n<p>Mais Servillo jubile quand son personnage (rappelant \u00e9videmment Sergio Mattarella, l\u2019actuel pr\u00e9sident de la R\u00e9publique italienne) d\u00e9couvre le rap, fume en cachette ou se laisse rabrouer avec tendresse par Coco Valori sa plus vieille amie (g\u00e9niale Milvia Marigliano), critique d\u2019art d\u00e9sabus\u00e9e, allusion appuy\u00e9e \u00e0 \u00ab\u00a0La Grande Belleza\u00a0\u00bb le film qui permit \u00e0 Sorrentino de d\u00e9crocher un Oscar en 2014. Douze ans plus tard, la d\u00e9sillusion est toujours l\u00e0, les personnages baissent souvent les bras, ab\u00eem\u00e9s par la vie, s\u2019octroient un verre de vin et mangent du poisson cuit \u00e0 la vapeur. Mais des \u00e9clairs de lucidit\u00e9 leur permettent de prendre encore des d\u00e9cisions courageuses, pour eux-m\u00eames et pour le monde dans lequel on vit. C\u2019est ce que Paolo Sorrentino a choisi d\u2019appeler la gr\u00e2ce\u00a0: une l\u00e9g\u00e8ret\u00e9 n\u00e9e des questionnements les plus douloureux.<\/p>\n<p>    La suite apr\u00e8s cette publicit\u00e9<\/p>\n<p>\u00ab\u00a0La gr\u00e2ce\u00a0\u00bb sortira en France en janvier\u00a02026<\/p>\n","protected":false},"excerpt":{"rendered":"Pr\u00e9sent\u00e9 en ouverture de la 82e Mostra de Venise, le douzi\u00e8me film du cin\u00e9aste oscaris\u00e9 imagine les six&hellip;\n","protected":false},"author":2,"featured_media":348875,"comment_status":"","ping_status":"","sticky":false,"template":"","format":"standard","meta":{"footnotes":""},"categories":[1354],"tags":[58,59,1346,1011,27,1360],"class_list":{"0":"post-348874","1":"post","2":"type-post","3":"status-publish","4":"format-standard","5":"has-post-thumbnail","7":"category-films","8":"tag-divertissement","9":"tag-entertainment","10":"tag-films","11":"tag-fr","12":"tag-france","13":"tag-movies"},"share_on_mastodon":{"url":"https:\/\/pubeurope.com\/@fr\/115103694040114408","error":""},"_links":{"self":[{"href":"https:\/\/www.europesays.com\/fr\/wp-json\/wp\/v2\/posts\/348874","targetHints":{"allow":["GET"]}}],"collection":[{"href":"https:\/\/www.europesays.com\/fr\/wp-json\/wp\/v2\/posts"}],"about":[{"href":"https:\/\/www.europesays.com\/fr\/wp-json\/wp\/v2\/types\/post"}],"author":[{"embeddable":true,"href":"https:\/\/www.europesays.com\/fr\/wp-json\/wp\/v2\/users\/2"}],"replies":[{"embeddable":true,"href":"https:\/\/www.europesays.com\/fr\/wp-json\/wp\/v2\/comments?post=348874"}],"version-history":[{"count":0,"href":"https:\/\/www.europesays.com\/fr\/wp-json\/wp\/v2\/posts\/348874\/revisions"}],"wp:featuredmedia":[{"embeddable":true,"href":"https:\/\/www.europesays.com\/fr\/wp-json\/wp\/v2\/media\/348875"}],"wp:attachment":[{"href":"https:\/\/www.europesays.com\/fr\/wp-json\/wp\/v2\/media?parent=348874"}],"wp:term":[{"taxonomy":"category","embeddable":true,"href":"https:\/\/www.europesays.com\/fr\/wp-json\/wp\/v2\/categories?post=348874"},{"taxonomy":"post_tag","embeddable":true,"href":"https:\/\/www.europesays.com\/fr\/wp-json\/wp\/v2\/tags?post=348874"}],"curies":[{"name":"wp","href":"https:\/\/api.w.org\/{rel}","templated":true}]}}