{"id":348876,"date":"2025-08-28T01:02:12","date_gmt":"2025-08-28T01:02:12","guid":{"rendered":"https:\/\/www.europesays.com\/fr\/348876\/"},"modified":"2025-08-28T01:02:12","modified_gmt":"2025-08-28T01:02:12","slug":"a-26-ans-il-pense-souffrir-du-covid-il-a-en-realite-lune-des-pires-maladies-de-la-planete","status":"publish","type":"post","link":"https:\/\/www.europesays.com\/fr\/348876\/","title":{"rendered":"\u00c0 26 ans, il pense souffrir du Covid, il a en r\u00e9alit\u00e9 \u00ab\u00a0l&rsquo;une des pires maladies de la plan\u00e8te\u00a0\u00bb"},"content":{"rendered":"<p class=\"mb-4 text-lg md:leading-8 break-words\">Lorsqu&rsquo;il quitte sa ville natale au Texas \u00e0 18 ans, Mikey Stone pense s&rsquo;envoler vers son ind\u00e9pendance. Mais quelques ann\u00e9es plus tard, le <a data-i13n=\"cpos:1;pos:1\" href=\"https:\/\/fr.news.yahoo.com\/a-29-ans-il-meurt-dune-crise-cardiaque-apres-avoir-ete-soigne-pour-une-simple-angine-132335872.html\" data-ylk=\"slk:jeune homme est en proie \u00e0 de vives douleurs;cpos:1;pos:1;elm:context_link;itc:0;sec:content-canvas;outcm:mb_qualified_link;_E:mb_qualified_link;ct:story;\" class=\"link  yahoo-link\" rel=\"nofollow noopener\" target=\"_blank\">jeune homme est en proie \u00e0 de vives douleurs<\/a> qui seront, <a data-i13n=\"cpos:2;pos:1\" href=\"https:\/\/fr.news.yahoo.com\/elle-meurt-subitement-a-30-ans-apres-quon-a-pose-un-mauvais-diagnostic-a-deux-reprises-085522404.html\" data-ylk=\"slk:dans un premier temps, assimil\u00e9es au Covid;cpos:2;pos:1;elm:context_link;itc:0;sec:content-canvas;outcm:mb_qualified_link;_E:mb_qualified_link;ct:story;\" class=\"link  yahoo-link\" rel=\"nofollow noopener\" target=\"_blank\">dans un premier temps, assimil\u00e9es au Covid<\/a>.<\/p>\n<p>\u00ab\u00a0J&rsquo;ai commenc\u00e9 \u00e0 marcher comme un pirate sur une jambe de bois\u00a0\u00bb<\/p>\n<p class=\"mb-4 text-lg md:leading-8 break-words\">\u00c0 l&rsquo;\u00e9t\u00e9 2022, apr\u00e8s avoir jongl\u00e9 entre ses \u00e9tudes d&rsquo;ing\u00e9nierie du son \u00e0 Austin, les f\u00eates endiabl\u00e9es et la productions de morceaux, Mikey commence \u00e0 fatiguer. Il quitte donc la r\u00e9gion pour le Colorado o\u00f9 il est embauch\u00e9 comme serveur. D\u00e8s les premiers jours de service, Mikey commence \u00e0 sentir une l\u00e9g\u00e8re raideur dans son pied gauche&#8230; qu&rsquo;il d\u00e9cide aussit\u00f4t d&rsquo;ignorer, l&rsquo;attribuant \u00e0 son rythme de vie. C&rsquo;est l\u00e0 que la douleur persiste et empire. Bient\u00f4t Mikey ne parvient presque plus \u00e0 plier son pied. Au travail, il lui arrive m\u00eame de tr\u00e9bucher sur les tapis. Pas de quoi inqui\u00e9ter son m\u00e9decin g\u00e9n\u00e9raliste. Pour lui aussi, cela est d\u00fb \u00e0 du surmenage. En septembre 2022, alors qu&rsquo;il rend visite \u00e0 des amis en Californie, Mikey remarque que sa d\u00e9marche est alt\u00e9r\u00e9e. \u00ab\u00a0J&rsquo;ai commenc\u00e9 \u00e0 marcher comme un pirate sur une jambe de bois\u00a0\u00bb raconte-t-il au site am\u00e9ricain <a data-i13n=\"cpos:3;pos:1\" href=\"https:\/\/people.com\/26-year-old-goes-viral-sharing-als-diagnosis-exclusive-11790769\" rel=\"nofollow noopener\" target=\"_blank\" data-ylk=\"slk:People;cpos:3;pos:1;elm:context_link;itc:0;sec:content-canvas\" class=\"link \">People<\/a>. Le jeune homme a d\u00e9j\u00e0 quitt\u00e9 son job de serveur lorsque, quelques semaines plus tard, \u00e0 l&rsquo;anniversaire d&rsquo;un ami, il se sent soudainement fi\u00e9vreux et confus, comme \u00ab\u00a0coinc\u00e9 dans un r\u00eave\u00a0\u00bb. De plus, Mikey ressent une forte douleur \u00e0 l&rsquo;estomac. Conduit aux urgences, les m\u00e9decins pensent imm\u00e9diatement au<a data-i13n=\"cpos:4;pos:1\" href=\"https:\/\/fr.news.yahoo.com\/a-26-ans-son-nez-qui-coule-se-revele-etre-une-tumeur-cerebrale-mortelle-103616630.html\" data-ylk=\"slk:Covid;cpos:4;pos:1;elm:context_link;itc:0;sec:content-canvas;outcm:mb_qualified_link;_E:mb_qualified_link;ct:story;\" class=\"link  yahoo-link\" rel=\"nofollow noopener\" target=\"_blank\"> Covid<\/a>&#8230;<\/p>\n<p>Des sympt\u00f4mes qui laissent les m\u00e9decins sans r\u00e9ponse<\/p>\n<p class=\"mb-4 text-lg md:leading-8 break-words\">Mais toute la nuit, les douleurs de Mikey ne font que s&rsquo;intensifier. Il faudra attendre de longues heures avant qu&rsquo;un scanner ne r\u00e9v\u00e8le une invagination intestinale. L&rsquo;intestin de Mikey s&rsquo;est repli\u00e9 sur lui-m\u00eame, stoppant sa circulation sanguine. Apr\u00e8s une intervention chirurgicale d&rsquo;urgence et sept jours de convalescence, Mikey a pu quitter l&rsquo;h\u00f4pital&#8230; avant d&rsquo;y retourner d\u00e8s le lendemain, en proie \u00e0 une nouvelle invagination intestinale. Durant cette seconde hospitalisation, le jeune homme est soumis \u00e0 des tests de r\u00e9flexes au cours desquels les m\u00e9decins remarquent bien les \u00ab\u00a0violents soubresauts dans sa jambe\u00a0\u00bb. Une IRM spinale compl\u00e8te ne r\u00e9v\u00e8lera pourtant aucun probl\u00e8me. De retour chez lui, Mikey ressent plus que jamais une sensation de lourdeur dans les jambes. \u00ab\u00a0Je me suis dit que c&rsquo;\u00e9tait simplement parce que j&rsquo;\u00e9tais \u00e0 l&rsquo;h\u00f4pital depuis deux semaines. Mais je n&rsquo;ai jamais retrouv\u00e9 cette force\u00a0\u00bb se souvient-il. Le d\u00e9but d&rsquo;un combat jusqu&rsquo;au diagnostic qui durera deux ans et demi&#8230;<\/p>\n<p>Un parcours du combattant<\/p>\n<p class=\"mb-4 text-lg md:leading-8 break-words\">Pendant deux longues ann\u00e9es, Mikey et sa m\u00e8re ont fouill\u00e9 les \u00c9tats-Unis \u00e0 la recherche de r\u00e9ponses. Deux ann\u00e9es au cours desquelles l&rsquo;\u00e9tat du jeune homme n&rsquo;a fait que s&rsquo;aggraver. La raideur dans son pied s&rsquo;est \u00e9tendue \u00e0 son bras gauche, accompagn\u00e9e d&rsquo;<a data-i13n=\"cpos:5;pos:1\" href=\"https:\/\/fr.news.yahoo.com\/mort-de-catherine-laborde-quest-ce-que-la-maladie-a-corps-de-lewy-dont-souffrait-lex-presentatrice-meteo-de-tf1-100303890.html\" data-ylk=\"slk:une faiblesse croissante dans tout son corps;cpos:5;pos:1;elm:context_link;itc:0;sec:content-canvas;outcm:mb_qualified_link;_E:mb_qualified_link;ct:story;\" class=\"link  yahoo-link\" rel=\"nofollow noopener\" target=\"_blank\">une faiblesse croissante dans tout son corps<\/a>, l&rsquo;obligeant peu \u00e0 peu \u00e0 se d\u00e9placer en b\u00e9quilles. Mais aucun test pass\u00e9 n&rsquo;\u00e9tait en mesure de lui donner le moindre \u00e9l\u00e9ment de r\u00e9ponse. Jusqu&rsquo;au jour o\u00f9 un test g\u00e9n\u00e9tique a r\u00e9v\u00e9l\u00e9 une mutation dans son g\u00e8ne SLC1A2, qui affecte le transporteur du glutamate. Une mutation responsable de l&rsquo;\u00e9pilepsie, mais aussi de la maladie d&rsquo;<a data-i13n=\"cpos:6;pos:1\" href=\"https:\/\/fr.news.yahoo.com\/attention-ce-type-de-comportement-peut-etre-un-symptome-discret-et-souvent-neglige-de-demence-131214859.html\" data-ylk=\"slk:Alzheimer;cpos:6;pos:1;elm:context_link;itc:0;sec:content-canvas;outcm:mb_qualified_link;_E:mb_qualified_link;ct:story;\" class=\"link  yahoo-link\" rel=\"nofollow noopener\" target=\"_blank\">Alzheimer<\/a>&#8230; et de la scl\u00e9rose lat\u00e9rale amyotrophique ou SLA, \u00e9galement appel\u00e9e dans le monde francophone : <a data-i13n=\"cpos:7;pos:1\" href=\"https:\/\/fr.news.yahoo.com\/olivier-goy-atteint-de-la-maladie-de-charcot-aujourdhui-je-regarde-la-mort-droit-dans-les-yeux-080520405.html\" data-ylk=\"slk:maladie de Charcot;cpos:7;pos:1;elm:context_link;itc:0;sec:content-canvas;outcm:mb_qualified_link;_E:mb_qualified_link;ct:story;\" class=\"link  yahoo-link\" rel=\"nofollow noopener\" target=\"_blank\">maladie de Charcot<\/a>. Une maladie neurod\u00e9g\u00e9n\u00e9rative incurable, qui affecte progressivement les cellules nerveuses du cerveau et de la moelle \u00e9pini\u00e8re, provoquant une faiblesse musculaire et une perte de contr\u00f4le. Selon <a data-i13n=\"cpos:8;pos:1\" href=\"https:\/\/presse.inserm.fr\/maladie-de-charcot-une-nouvelle-piste-pour-ameliorer-le-diagnostic-et-le-suivi-des-patients\/68195\/#:~:text=La%20scl%C3%A9rose%20lat%C3%A9rale%20amyotrophique%20ou,de%20d%C3%A9fis%20pour%20la%20recherche.\" rel=\"nofollow noopener\" target=\"_blank\" data-ylk=\"slk:l&#039;Inserm;cpos:8;pos:1;elm:context_link;itc:0;sec:content-canvas\" class=\"link \">l&rsquo;Inserm<\/a>, l\u2019esp\u00e9rance de vie moyenne apr\u00e8s les premiers sympt\u00f4mes est de 3 \u00e0 5 ans&#8230;<\/p>\n<p class=\"mb-4 text-lg md:leading-8 break-words\"><strong>Olivier Goy atteint de la maladie de Charcot : \u00ab\u00a0La mort est entr\u00e9e dans ma vie avec fracas, un jour de 2020\u00a0\u00bb<\/strong><\/p>\n<p>Une maladie incurable et redout\u00e9e<\/p>\n<p class=\"mb-4 text-lg md:leading-8 break-words\">Depuis, si la maladie a gagn\u00e9 du terrain notamment sur les capacit\u00e9s respiratoires de Mikey, le jeune homme se dit soulag\u00e9 autant que sonn\u00e9 par ce terrible diagnostic : \u00ab\u00a0C&rsquo;est fou ! J&rsquo;ai pass\u00e9 deux ans \u00e0 essayer d&rsquo;obtenir un diagnostic, \u00e0 tout documenter, et je me suis retrouv\u00e9 avec l&rsquo;une des pires maladies de la plan\u00e8te (&#8230;) Enfin, la clart\u00e9. La question \u00e9tait devenue : qu&rsquo;est-ce que j&rsquo;en fais ?\u00a0\u00bb La r\u00e9ponse s&rsquo;est impos\u00e9e comme une \u00e9vidence : Mikey partage dor\u00e9navant son combat sur TikTok, sensibilisant les jeunes g\u00e9n\u00e9rations \u00e0 cette maladie dont on ne sait encore que trop peu de choses. En France, selon la <a data-i13n=\"cpos:9;pos:1\" href=\"https:\/\/www.frm.org\/fr\/maladies\/recherches-maladies-rares\/sla\/tout-savoir-sur-la-sclerose-laterale-amyotrophique\" rel=\"nofollow noopener\" target=\"_blank\" data-ylk=\"slk:Fondation pour la Recherche M\u00e9dicale;cpos:9;pos:1;elm:context_link;itc:0;sec:content-canvas\" class=\"link \">Fondation pour la Recherche M\u00e9dicale<\/a>, affecte environ 6000 personnes, et 1 600 nouveaux cas seraient diagnostiqu\u00e9s chaque ann\u00e9e, selon la Fili\u00e8re de sant\u00e9 maladies rares. S&rsquo;il n&rsquo;existe pour le moment aucun traitement curatif, de nombreuses recherches m\u00e9dicales avancent chaque jour en ce sens.<\/p>\n","protected":false},"excerpt":{"rendered":"Lorsqu&rsquo;il quitte sa ville natale au Texas \u00e0 18 ans, Mikey Stone pense s&rsquo;envoler vers son ind\u00e9pendance. Mais&hellip;\n","protected":false},"author":2,"featured_media":348877,"comment_status":"","ping_status":"","sticky":false,"template":"","format":"standard","meta":{"footnotes":""},"categories":[10],"tags":[1764,4400,1011,27,72,48545,48543,12503,48544,48546,71],"class_list":{"0":"post-348876","1":"post","2":"type-post","3":"status-publish","4":"format-standard","5":"has-post-thumbnail","7":"category-sante","8":"tag-ans","9":"tag-covid","10":"tag-fr","11":"tag-france","12":"tag-health","13":"tag-invagination-intestinale","14":"tag-jambe-de-bois","15":"tag-maladie-de-charcot","16":"tag-mikey","17":"tag-mikey-stone","18":"tag-sante"},"share_on_mastodon":{"url":"https:\/\/pubeurope.com\/@fr\/115103697677128496","error":""},"_links":{"self":[{"href":"https:\/\/www.europesays.com\/fr\/wp-json\/wp\/v2\/posts\/348876","targetHints":{"allow":["GET"]}}],"collection":[{"href":"https:\/\/www.europesays.com\/fr\/wp-json\/wp\/v2\/posts"}],"about":[{"href":"https:\/\/www.europesays.com\/fr\/wp-json\/wp\/v2\/types\/post"}],"author":[{"embeddable":true,"href":"https:\/\/www.europesays.com\/fr\/wp-json\/wp\/v2\/users\/2"}],"replies":[{"embeddable":true,"href":"https:\/\/www.europesays.com\/fr\/wp-json\/wp\/v2\/comments?post=348876"}],"version-history":[{"count":0,"href":"https:\/\/www.europesays.com\/fr\/wp-json\/wp\/v2\/posts\/348876\/revisions"}],"wp:featuredmedia":[{"embeddable":true,"href":"https:\/\/www.europesays.com\/fr\/wp-json\/wp\/v2\/media\/348877"}],"wp:attachment":[{"href":"https:\/\/www.europesays.com\/fr\/wp-json\/wp\/v2\/media?parent=348876"}],"wp:term":[{"taxonomy":"category","embeddable":true,"href":"https:\/\/www.europesays.com\/fr\/wp-json\/wp\/v2\/categories?post=348876"},{"taxonomy":"post_tag","embeddable":true,"href":"https:\/\/www.europesays.com\/fr\/wp-json\/wp\/v2\/tags?post=348876"}],"curies":[{"name":"wp","href":"https:\/\/api.w.org\/{rel}","templated":true}]}}