{"id":348880,"date":"2025-08-28T01:04:11","date_gmt":"2025-08-28T01:04:11","guid":{"rendered":"https:\/\/www.europesays.com\/fr\/348880\/"},"modified":"2025-08-28T01:04:11","modified_gmt":"2025-08-28T01:04:11","slug":"north-west-cheveux-bleus-et-bustier-elle-pique-le-look-dune-de-ses-tantes-et-ce-nest-pas-celle-quon-croit","status":"publish","type":"post","link":"https:\/\/www.europesays.com\/fr\/348880\/","title":{"rendered":"North West cheveux bleus et bustier : elle pique le look d\u2019une de ses tantes, et ce n\u2019est pas celle qu\u2019on croit"},"content":{"rendered":"<p data-start=\"637\" data-end=\"985\">\u00c0 seulement 12 ans, <a href=\"https:\/\/www.closermag.fr\/people\/kanye-west-il-franchit-une-ligne-rouge-avec-kim-kardashian-leur-fille-de-11-ans-jetee-dans-laffaire-p-diddy-3527570\" target=\"_blank\" rel=\"noopener\"><br \/>\nNorth West<\/a> fait d\u00e9j\u00e0 parler d\u2019elle comme une v\u00e9ritable it-girl.<br \/>\nLa fille a\u00een\u00e9e de <a href=\"https:\/\/www.closermag.fr\/people\/kim-kardashian-tandis-quelle-va-diner-en-soutien-gorge-sexy-sa-fille-north-devoile-un-nouveau-look-surprenant-3554306\" target=\"_blank\" rel=\"noopener\"><br \/>\nKim Kardashian<\/a> et <a href=\"https:\/\/www.closermag.fr\/people\/p-diddy-accuse-de-trafic-sexuel-il-appelle-kanye-west-depuis-sa-prison-pour-le-mettre-en-garde-3528129\" target=\"_blank\" rel=\"noopener\"><br \/>\nKanye West<\/a> s\u2019affirme de plus en plus et multiplie les choix<br \/>\nmode <a href=\"https:\/\/www.closermag.fr\/people\/tellement-inapproprie-kim-kardashian-fait-scandale-en-laissant-sa-fille-north-12-ans-porter-cette-piece-mode-tres-controversee-3573431\" target=\"_blank\" rel=\"noopener\"><br \/>\nqui attirent l\u2019attention<\/a>. Apr\u00e8s avoir accompagn\u00e9 sa m\u00e8re sur<br \/>\nTikTok, elle a d\u00e9voil\u00e9 une nouvelle coiffure et une tenue tr\u00e8s<br \/>\ninspir\u00e9es <strong>d\u2019une figure de sa famille.<\/strong><\/p>\n<p data-start=\"987\" data-end=\"1226\">Cheveux bleus flashy, bustier<br \/>\nassum\u00e9 et attitude d\u00e9j\u00e0 tr\u00e8s pro face \u00e0 la cam\u00e9ra : la jeune star a<br \/>\nrecr\u00e9\u00e9 un look qui rappelle <strong>une \u00e9poque culte<\/strong> pour<br \/>\nles fans du clan Kardashian-Jenner. Mais cette fois, ce n\u2019est pas<br \/>\nKim qu\u2019elle a copi\u00e9e !<\/p>\n<p>North West en cheveux bleus,<br \/>\nun clin d\u2019\u0153il mode inattendu<\/p>\n<p data-start=\"1292\" data-end=\"1669\">Dans une vid\u00e9o TikTok publi\u00e9e<br \/>\naux c\u00f4t\u00e9s de sa m\u00e8re et de deux amies, North appara\u00eet transform\u00e9e.<br \/>\nArborant <strong>une chevelure bleue \u00e9lectrique<\/strong> et un<br \/>\nbustier noir, elle reprend en play-back la chanson If Looks<br \/>\nCould Kill de Destroy Lonely. Une image qui a aussit\u00f4t<br \/>\nenflamm\u00e9 les r\u00e9seaux sociaux, certains y voyant un hommage direct \u00e0<br \/>\nune \u00e8re bien connue de l\u2019univers Kardashian.<\/p>\n<p data-start=\"1671\" data-end=\"1976\">Pendant ce temps, Kim<br \/>\nKardashian affichait elle aussi une allure sensuelle dans une robe<br \/>\nnoire satin\u00e9e avec d\u00e9tails en dentelle, assortie \u00e0 un soutien-gorge<br \/>\napparent. M\u00e8re et fille ont ensuite \u00e9t\u00e9 aper\u00e7ues main dans la main,<br \/>\nen tenues coordonn\u00e9es, pour un d\u00eener au Pierluigi, restaurant<br \/>\nbranch\u00e9 de Rome. Cette sortie mode intervient dans un contexte o\u00f9<br \/>\n<strong>Kim et North multiplient les apparitions<br \/>\ncomplices.<\/strong> R\u00e9cemment, Kim s\u2019\u00e9tait m\u00eame confi\u00e9e sur la<br \/>\npersonnalit\u00e9 affirm\u00e9e de sa fille : \u00ab\u00a0C\u2019est une grande critiqueuse. Mais c\u2019est plut\u00f4t bien, tu<br \/>\nsais, sa fa\u00e7on de donner son avis.\u00a0\u00bb<\/p>\n<p data-start=\"1671\" data-end=\"1976\"><img loading=\"lazy\" decoding=\"async\" itemprop=\"thumbnailUrl\" class=\"alignnone size-large wp-image-3573901 img-responsive\" src=\"https:\/\/www.europesays.com\/fr\/wp-content\/uploads\/2025\/08\/2b0f80ee-e73c-41e4-bace-5f87d8a92719_1756148567-625x1024.jpg\" alt=\"\" width=\"625\" height=\"1024\"\/> \u00a9 Tik Tok Kim<br \/>\nKardashian<\/p>\n<p data-start=\"1671\" data-end=\"1976\"><img loading=\"lazy\" decoding=\"async\" class=\"alignnone size-full wp-image-3573902 img-responsive\" src=\"https:\/\/www.europesays.com\/fr\/wp-content\/uploads\/2025\/08\/458497247_406211718779517_4521716381687841422_n.jpg\" alt=\"\" width=\"558\" height=\"542\"\/> \u00a9 Kylie Jenner<br \/>\nInstagram<\/p>\n<p>Une<br \/>\ntante comme mod\u00e8le : un air de d\u00e9j\u00e0-vu pour les fans<\/p>\n<p data-start=\"2320\" data-end=\"2646\">Pour les observateurs, ce<br \/>\nnouveau look de North rappelle tr\u00e8s clairement celui d\u2019une de ses<br \/>\ntantes. Et surprise : il ne s\u2019agit pas de Kim. Les cheveux bleus,<br \/>\nles bustiers audacieux et l\u2019attitude rebelle renvoient \u00e0 <strong>la<br \/>\np\u00e9riode \u00ab\u00a0King Kylie<\/strong>\u00ab\u00a0, quand <a href=\"https:\/\/www.closermag.fr\/people\/kylie-jenner-et-timothee-chalamet-cest-fini-son-absence-pour-ses-28-ans-veut-tout-dire-3570899\" target=\"_blank\" rel=\"noopener\"><br \/>\nKylie Jenner<\/a> s\u2019\u00e9tait impos\u00e9e sur les r\u00e9seaux sociaux avec son<br \/>\nstyle d\u00e9tonnant. L&rsquo;adolescente semble donc marcher dans les pas de<br \/>\nsa tante, mais <strong>en imposant d\u00e9j\u00e0 sa propre<br \/>\nidentit\u00e9.<\/strong> Lors d\u2019une interview donn\u00e9e \u00e0 l\u2019automne dernier,<br \/>\nla pr\u00e9ado avait d\u2019ailleurs expliqu\u00e9 son rapport particulier \u00e0<br \/>\nl\u2019image : \u00ab\u00a0J\u2019aime prendre des<br \/>\nphotos de moi-m\u00eame, mais je n\u2019aime pas quand les paparazzis le<br \/>\nfont. Quand je viens de me r\u00e9veiller et qu\u2019il y en a partout, je<br \/>\nsuis l\u00e0 : \u2018Yo, je vais vous poursuivre.\u2019 Si je suis pr\u00eate, si je ne<br \/>\nsuis pas fatigu\u00e9e, si ma tenue est bien, alors l\u00e0 \u00e7a va.\u00a0\u00bb<\/p>\n<p data-start=\"3142\" data-end=\"3422\">Un discours qui en dit long<br \/>\nsur sa maturit\u00e9 et sur sa volont\u00e9 de ma\u00eetriser son image, dans un<br \/>\nunivers o\u00f9 chaque d\u00e9tail devient vite viral. Entre h\u00e9ritage<br \/>\n<a href=\"https:\/\/www.closermag.fr\/beaute\/kim-kardashian-sa-nouvelle-routine-beaute-coreenne-fait-froid-dans-le-dos-3572588\" target=\"_blank\" rel=\"noopener\"><br \/>\nKardashian<\/a> et exp\u00e9rimentations personnelles, North West semble<br \/>\npr\u00eate \u00e0 tracer sa route dans la mode comme dans la c\u00e9l\u00e9brit\u00e9.<\/p>\n","protected":false},"excerpt":{"rendered":"\u00c0 seulement 12 ans, North West fait d\u00e9j\u00e0 parler d\u2019elle comme une v\u00e9ritable it-girl. La fille a\u00een\u00e9e de&hellip;\n","protected":false},"author":2,"featured_media":348881,"comment_status":"","ping_status":"","sticky":false,"template":"","format":"standard","meta":{"footnotes":""},"categories":[8],"tags":[548,58,59,1011,27,8932,19295,16751,48168],"class_list":{"0":"post-348880","1":"post","2":"type-post","3":"status-publish","4":"format-standard","5":"has-post-thumbnail","7":"category-divertissement","8":"tag-article-simple","9":"tag-divertissement","10":"tag-entertainment","11":"tag-fr","12":"tag-france","13":"tag-kim-kardashian","14":"tag-kylie-jenner","15":"tag-look","16":"tag-north-west"},"share_on_mastodon":{"url":"https:\/\/pubeurope.com\/@fr\/115103705650455835","error":""},"_links":{"self":[{"href":"https:\/\/www.europesays.com\/fr\/wp-json\/wp\/v2\/posts\/348880","targetHints":{"allow":["GET"]}}],"collection":[{"href":"https:\/\/www.europesays.com\/fr\/wp-json\/wp\/v2\/posts"}],"about":[{"href":"https:\/\/www.europesays.com\/fr\/wp-json\/wp\/v2\/types\/post"}],"author":[{"embeddable":true,"href":"https:\/\/www.europesays.com\/fr\/wp-json\/wp\/v2\/users\/2"}],"replies":[{"embeddable":true,"href":"https:\/\/www.europesays.com\/fr\/wp-json\/wp\/v2\/comments?post=348880"}],"version-history":[{"count":0,"href":"https:\/\/www.europesays.com\/fr\/wp-json\/wp\/v2\/posts\/348880\/revisions"}],"wp:featuredmedia":[{"embeddable":true,"href":"https:\/\/www.europesays.com\/fr\/wp-json\/wp\/v2\/media\/348881"}],"wp:attachment":[{"href":"https:\/\/www.europesays.com\/fr\/wp-json\/wp\/v2\/media?parent=348880"}],"wp:term":[{"taxonomy":"category","embeddable":true,"href":"https:\/\/www.europesays.com\/fr\/wp-json\/wp\/v2\/categories?post=348880"},{"taxonomy":"post_tag","embeddable":true,"href":"https:\/\/www.europesays.com\/fr\/wp-json\/wp\/v2\/tags?post=348880"}],"curies":[{"name":"wp","href":"https:\/\/api.w.org\/{rel}","templated":true}]}}