{"id":348883,"date":"2025-08-28T01:06:08","date_gmt":"2025-08-28T01:06:08","guid":{"rendered":"https:\/\/www.europesays.com\/fr\/348883\/"},"modified":"2025-08-28T01:06:08","modified_gmt":"2025-08-28T01:06:08","slug":"pousse-au-suicide-par-lia-les-inquietants-echanges-entre-chatgpt-et-adam-16-ans-le-parisien","status":"publish","type":"post","link":"https:\/\/www.europesays.com\/fr\/348883\/","title":{"rendered":"Pouss\u00e9 au suicide par l\u2019IA ? Les inqui\u00e9tants \u00e9changes entre ChatGPT et Adam, 16 ans &#8211; Le Parisien"},"content":{"rendered":"<ol>\n<li><a href=\"https:\/\/news.google.com\/rss\/articles\/CBMi-gFBVV95cUxOaEhHcERIaFozT05OY2h3R0RHNmI4cFpkUkRPMTJpek1hQi1CZ3llaGhqT1RBcGc5akQzNjA3U3pJWl9MN0hLcmN0MGd2ci1vcXNmUWJfNnVaY1RTM3AyQTZzSlRoS0U0TGM2UzBGUnU3TVBGT3FVejBHMWZvRU1jbXI0SDFTMnJBcW9DOEZXWW1acmt6bEltN2w5bzU4S3ZPTVNOZ0xjczFLangteU0xS0JVOHJnV1RiY1hKYm8xRV9zSkVZWEV3cTZKVFMwd29IX0ZzRV82RTFpMV9jQ19ZRkdOb2Z2M1kzZ3NSeHFLakstYjNaeTdaY01n?oc=5\" target=\"_blank\" rel=\"nofollow noopener\">Pouss\u00e9 au suicide par l\u2019IA ? Les inqui\u00e9tants \u00e9changes entre ChatGPT et Adam, 16 ans<\/a>&nbsp;&nbsp;Le Parisien<\/li>\n<li><a href=\"https:\/\/news.google.com\/rss\/articles\/CBMijgJBVV95cUxQaTZ2N2J1VmhRRjBULThsLUhJbkszVmlRelY1RUIwOWNaNEJuX29sbTZzQjZpYTE4T2hBdC1xbjBRSm1PYnlEaUM2RU9NeUtuX2xQaWRaYzlnMnpiODlVeVRGQVNQMThfQWhCeFpfOUI5cnNQd2hFdUdTbVlhcS1qaWVzWkhqdmpDaHdOVVZBeWtsdjVqWmtWZmFoODZBZjFWLTlSekdSeHpEUU13VVVwX3N1MnFpbHRrMmIyTW9STE9IWndodUhrbWhKSjJKWjB6Z010MnVmRzVyNG0ycEp5cTFONTd5SC1UWFZSWUc4R1BnbmdQRFVLdldoTGdnUUtpRk5WcDE3RVYtLS04U2c?oc=5\" target=\"_blank\" rel=\"nofollow noopener\">Des parents am\u00e9ricains portent plainte contre OpenAI, accusant ChatGPT d\u2019avoir encourag\u00e9 leur fils \u00e0 se suicider<\/a>&nbsp;&nbsp;Le Monde.fr<\/li>\n<li><a href=\"https:\/\/news.google.com\/rss\/articles\/CBMixAFBVV95cUxPTDJzaVFZSFpjVmExV2REVy1ZdmFLNUl0TWN3eE00djBkZGlpTEs0eFFRMzE4RHV5ZHpmX0JNTGw4aFFTOFNhMHBUSG9aemNVc3gzNDI0eXBBclNhckZzMllGc3dDZXJHem81aU9sMTBvMk1DSjBuQ3Nzc0o1MWhvZ202Ty10cldDb2htVHdQZ2pLakl6aDZKMHdpYlRablFFU1pPTXM3bGNLRmQ5aGo5VHJ5MlZsUnlrN0FtQUw0TFBfd1lW?oc=5\" target=\"_blank\" rel=\"nofollow noopener\">\u00c9tats-Unis : les parents d\u2019un adolescent suicid\u00e9 accusent ChatGPT de l\u2019avoir assist\u00e9<\/a>&nbsp;&nbsp;Le Figaro<\/li>\n<li><a href=\"https:\/\/news.google.com\/rss\/articles\/CBMiggJBVV95cUxPZVM5VzN2Zi1rMkw4VnJzRHd6U09zZWZOVXU0ZjJmOTIxd00zVkNDYmFqN3hsd0tNclFnS2xXQXVZcWRMQW1ZQVFKT2FMWVpJSk5nbTJ1djVkY1lyZjRPUDVOdEZYQl9nYzZNWjVuVlZ3UW1PM3ZBbEUzZXl3TmZ3eGIxaGdONTlDZ0dJS2NzYUJlQlduX1BfdmttV0RsLWVtSExWd1RxcUFWWDRaUnNPQmF5d0hxODUtNGNZaXdvY0NUUXVJaWtQcUlOazZhdFZUWkdwaWoxTWg4aFBrRHpDVm1RZWlfV1BGTjhOQWd4YTdYN3ZNVFI1SlRKd082Q0xQdFE?oc=5\" target=\"_blank\" rel=\"nofollow noopener\">OpenAI annonce toute une s\u00e9rie d&rsquo;efforts pour s\u00e9curiser ChatGPT apr\u00e8s le suicide d&rsquo;un adolescent<\/a>&nbsp;&nbsp;BFMTV<\/li>\n<li><a href=\"https:\/\/news.google.com\/rss\/articles\/CBMi4wFBVV95cUxNelhDUUlMVXZRNjc2eWZYUFlLOENKNVl5MEZnZEVyTEtNdzFPZzZiOTEweGgwcUozeEwwVnBIdWRadDdad2FUN1RycUF0a2NIUnR2Z1hramM1SzVpcjB0TlNRMHZSd0huQ3FKVDRwUnVETFpLN2JkWXRUOWJkdkg5V1JGdGQyb0FMcE14REhYMHQ2UDVfdXdlQTZDRm0tUndnOXl2c1RKR1p1X2VoRkcyVkY0Q0JKVTVWdTdYVVJoVUFocHhxN3NkWGZrZUxvUUY5UFFjTXlFcVhpSTBrTGJJMU1mYw?oc=5\" target=\"_blank\" rel=\"nofollow noopener\">\u00ab Ce noeud coulant peut suspendre un \u00eatre humain \u00bb : ChatGPT accus\u00e9 d\u2019avoir \u00e9t\u00e9 le \u2018coach suicide\u2019 d\u2019un ado<\/a>&nbsp;&nbsp;Charente Libre<\/li>\n<\/ol>\n","protected":false},"excerpt":{"rendered":"Pouss\u00e9 au suicide par l\u2019IA ? Les inqui\u00e9tants \u00e9changes entre ChatGPT et Adam, 16 ans&nbsp;&nbsp;Le Parisien Des parents&hellip;\n","protected":false},"author":2,"featured_media":1445,"comment_status":"","ping_status":"","sticky":false,"template":"","format":"standard","meta":{"footnotes":""},"categories":[6],"tags":[35,33,34,1011,27],"class_list":{"0":"post-348883","1":"post","2":"type-post","3":"status-publish","4":"format-standard","5":"has-post-thumbnail","7":"category-economie","8":"tag-business","9":"tag-economie","10":"tag-economy","11":"tag-fr","12":"tag-france"},"share_on_mastodon":{"url":"https:\/\/pubeurope.com\/@fr\/115103713607391902","error":""},"_links":{"self":[{"href":"https:\/\/www.europesays.com\/fr\/wp-json\/wp\/v2\/posts\/348883","targetHints":{"allow":["GET"]}}],"collection":[{"href":"https:\/\/www.europesays.com\/fr\/wp-json\/wp\/v2\/posts"}],"about":[{"href":"https:\/\/www.europesays.com\/fr\/wp-json\/wp\/v2\/types\/post"}],"author":[{"embeddable":true,"href":"https:\/\/www.europesays.com\/fr\/wp-json\/wp\/v2\/users\/2"}],"replies":[{"embeddable":true,"href":"https:\/\/www.europesays.com\/fr\/wp-json\/wp\/v2\/comments?post=348883"}],"version-history":[{"count":0,"href":"https:\/\/www.europesays.com\/fr\/wp-json\/wp\/v2\/posts\/348883\/revisions"}],"wp:featuredmedia":[{"embeddable":true,"href":"https:\/\/www.europesays.com\/fr\/wp-json\/wp\/v2\/media\/1445"}],"wp:attachment":[{"href":"https:\/\/www.europesays.com\/fr\/wp-json\/wp\/v2\/media?parent=348883"}],"wp:term":[{"taxonomy":"category","embeddable":true,"href":"https:\/\/www.europesays.com\/fr\/wp-json\/wp\/v2\/categories?post=348883"},{"taxonomy":"post_tag","embeddable":true,"href":"https:\/\/www.europesays.com\/fr\/wp-json\/wp\/v2\/tags?post=348883"}],"curies":[{"name":"wp","href":"https:\/\/api.w.org\/{rel}","templated":true}]}}