{"id":348884,"date":"2025-08-28T01:07:11","date_gmt":"2025-08-28T01:07:11","guid":{"rendered":"https:\/\/www.europesays.com\/fr\/348884\/"},"modified":"2025-08-28T01:07:11","modified_gmt":"2025-08-28T01:07:11","slug":"le-president-javier-milei-vise-par-des-projectiles-lors-dune-manifestation-a-buenos-aires","status":"publish","type":"post","link":"https:\/\/www.europesays.com\/fr\/348884\/","title":{"rendered":"le pr\u00e9sident Javier Milei vis\u00e9 par des projectiles lors d\u2019une manifestation \u00e0 Buenos Aires"},"content":{"rendered":"<p>                          <img loading=\"lazy\" decoding=\"async\" src=\"https:\/\/www.europesays.com\/fr\/wp-content\/uploads\/2025\/08\/4cd2159_ftp-import-images-1-xkfuokkpjgzt-75da864c4b6e4cd1a2d5052d2e93138e-2-0468b4040c1b43ba9bcd336b.jpeg\" alt=\"La police prot\u00e8ge le pr\u00e9sident argentin, Javier Milei, et sa s\u0153ur, la secr\u00e9taire g\u00e9n\u00e9rale de la pr\u00e9sidence argentine, Karina Milei, cibl\u00e9s par des projectiles lors d\u2019un rassemblement de campagne, \u00e0 Buenos Aires, le 27\u00a0ao\u00fbt\u00a02025.\"   width=\"664\" height=\"443\"\/>    La police prot\u00e8ge le pr\u00e9sident argentin, Javier Milei, et sa s\u0153ur, la secr\u00e9taire g\u00e9n\u00e9rale de la pr\u00e9sidence argentine, Karina Milei, cibl\u00e9s par des projectiles lors d\u2019un rassemblement de campagne, \u00e0 Buenos Aires, le 27\u00a0ao\u00fbt\u00a02025.  NATACHA PISARENKO\/AP                          <\/p>\n<p class=\"article__paragraph  \">Lors d\u2019un d\u00e9placement pour promouvoir son parti en vue des \u00e9lections l\u00e9gislatives d\u2019octobre, le pr\u00e9sident argentin, Javier Milei, a \u00e9t\u00e9 mercredi 27\u00a0ao\u00fbt la cible de projectiles divers, pierres ou bouteilles, lanc\u00e9s par des manifestants m\u00e9contents alors qu\u2019il circulait \u00e0 bord d\u2019un v\u00e9hicule de la pr\u00e9sidence dans la p\u00e9riph\u00e9rie de Buenos Aires. Il a \u00e9t\u00e9 exfiltr\u00e9 par ses services de s\u00e9curit\u00e9 et est indemne, selon le porte-parole pr\u00e9sidentiel, Manuel Adorni.<\/p>\n<p class=\"article__paragraph  \">\u00ab\u00a0Ils ont attaqu\u00e9 \u00e0 coups de pierres le cort\u00e8ge dans lequel se trouvait le pr\u00e9sident de la Nation. Il n\u2019y a pas eu de bless\u00e9s\u00a0\u00bb, \u00e9crit ce dernier, dans un message post\u00e9 sur le r\u00e9seau social X. \u00ab\u00a0Des militants de l\u2019ancienne politique, pur kirchn\u00e9risme et un mod\u00e8le de violence que seuls veulent les hommes des cavernes du pass\u00e9\u00a0\u00bb, ajoute-t-il, tenant pour responsables les partisans de l\u2019ex-pr\u00e9sidente de centre gauche Cristina Kirchner (2007-2015), assign\u00e9e \u00e0 r\u00e9sidence depuis juin.<\/p>\n<p class=\"article__paragraph  \">Une bousculade a suivi les incidents et au moins une femme, une partisane du pr\u00e9sident ultralib\u00e9ral, a \u00e9t\u00e9 bless\u00e9e et \u00e9vacu\u00e9e en ambulance, a constat\u00e9 l\u2019Agence France-Presse.<\/p>\n<p>                                       Lire aussi |  Article r\u00e9serv\u00e9 \u00e0 nos abonn\u00e9s  <a href=\"https:\/\/www.lemonde.fr\/economie\/article\/2025\/08\/27\/en-argentine-javier-milei-cherche-a-relancer-les-privatisations_6636448_3234.html\" class=\"js-article-read-also catcher--favoris__link\" data-premium=\"1\" id=\"article-title-3434501\" rel=\"nofollow noopener\" target=\"_blank\">En Argentine, Javier Milei cherche \u00e0 relancer les privatisations<\/a>    <\/p>\n<p>   Lire plus tard  <\/p>\n<p>                          \u00ab\u00a0C\u2019est une honte qu\u2019ils volent aux personnes handicap\u00e9es\u00a0\u00bb                    <\/p>\n<p class=\"article__paragraph  \">Les manifestants, qui tenaient des pancartes \u00ab\u00a0Milei dehors de Lomas de Zamora\u00a0\u00bb, le nom du quartier, exprimaient leur col\u00e8re contre une suppos\u00e9e affaire de corruption \u00e9claboussant la s\u0153ur du chef d\u2019Etat argentin, Karina Milei, qui est \u00e9galement secr\u00e9taire g\u00e9n\u00e9rale de la pr\u00e9sidence.<\/p>\n<p class=\"article__paragraph  \">L\u2019affaire a \u00e9t\u00e9 d\u00e9clench\u00e9e apr\u00e8s la fuite de messages audios de l\u2019ex-directeur de l\u2019Agence pour le handicap, Diego Spagnuolo. Dans les enregistrements, ce dernier affirme que des laboratoires pharmaceutiques ont vers\u00e9 des pots-de-vin \u00e0 Karina Milei afin de s\u2019assurer l\u2019achat de m\u00e9dicaments par le gouvernement pour les personnes handicap\u00e9es. Diego Spagnuolo, qui fut l\u2019avocat de Javier Milei, a \u00e9t\u00e9 renvoy\u00e9 de son poste apr\u00e8s la diffusion de ces messages.<\/p>\n<p class=\"article__paragraph  \">\u00ab\u00a0Tout ce que dit [Diego Spagnuolo] est faux, nous allons le traduire en justice et prouver qu\u2019il a menti\u00a0\u00bb, a d\u00e9clar\u00e9 de son v\u00e9hicule aux journalistes, le pr\u00e9sident Milei, quelques minutes avant les incidents.<\/p>\n<p>                                       Lire aussi :  Article r\u00e9serv\u00e9 \u00e0 nos abonn\u00e9s  <a href=\"https:\/\/www.lemonde.fr\/m-le-mag\/article\/2023\/12\/01\/karina-milei-omnipresente-premiere-dame-du-nouveau-president-argentin_6203301_4500055.html\" class=\"js-article-read-also catcher--favoris__link\" data-premium=\"1\" id=\"article-title-3349575\" rel=\"nofollow noopener\" target=\"_blank\">Karina Milei, omnipr\u00e9sente \u00ab\u00a0premi\u00e8re dame\u00a0\u00bb du nouveau pr\u00e9sident argentin<\/a>    <\/p>\n<p>   Lire plus tard  <\/p>\n<p class=\"article__paragraph  \">\u00ab\u00a0C\u2019est une honte qu\u2019ils volent aux personnes handicap\u00e9es\u00a0\u00bb, s\u2019est offusqu\u00e9e Maria Martinez, une participante \u00e0 la manifestation. \u00ab\u00a0On ne veut pas de violence, mais il y a tellement d\u2019injustice et d\u2019hypocrisie\u00a0\u00bb, a d\u00e9clar\u00e9, de son c\u00f4t\u00e9, un autre manifestant, Joel Dominguez. \u00ab\u00a0J\u2019ai une fille en situation de handicap, et il s\u2019en prend \u00e0 nous directement. Il n\u2019y a ni r\u00e9flexion ni d\u2019autocritique, parce qu\u2019il s\u2019en moque\u00a0\u00bb, ajoute-t-il, citant l\u2019affaire de corruption mais aussi la politique d\u2019aust\u00e9rit\u00e9 du gouvernement comme raisons de sa participation au rassemblement.<\/p>\n<p> Le Monde M\u00e9morable  <\/p>\n<p> <a href=\"https:\/\/www.lemonde.fr\/memorable\/?rfextension=inread\" class=\"inread__link js-services-inread-link\" target=\"_blank\" rel=\"nofollow noopener\">  <\/p>\n<p>Testez votre culture g\u00e9n\u00e9rale avec la r\u00e9daction du \u00ab Monde \u00bb<\/p>\n<p>Testez votre culture g\u00e9n\u00e9rale avec la r\u00e9daction du \u00ab Monde \u00bb<\/p>\n<p>D\u00e9couvrir<\/p>\n<p> <\/a>      <\/p>\n<p> Newsletter  <\/p>\n<p> <a href=\"https:\/\/www.lemonde.fr\/newsletters\/a-la-une\/\" class=\"inread__link js-services-inread-link\" target=\"_blank\" rel=\"nofollow noopener\">  <\/p>\n<p>\u00ab A la une \u00bb<\/p>\n<p>Chaque matin, parcourez l&rsquo;essentiel de l&rsquo;actualit\u00e9 du jour avec les derniers titres du \u00ab Monde \u00bb<\/p>\n<p>S&rsquo;inscrire<\/p>\n<p> <\/a>          <\/p>\n<p> Le Monde Application  <\/p>\n<p> <a href=\"https:\/\/lamatinale.onelink.me\/gKMy\/ahw2ubr3\" class=\"inread__link js-services-inread-link\" target=\"_blank\" rel=\"nofollow noopener\">  <\/p>\n<p>La Matinale du Monde<\/p>\n<p>Chaque matin, retrouvez notre s\u00e9lection de 20 articles \u00e0 ne pas manquer <\/p>\n<p>T\u00e9l\u00e9charger l&rsquo;application<\/p>\n<p> <\/a>      <\/p>\n<p> Newsletter abonn\u00e9s  <\/p>\n<p> <a href=\"https:\/\/www.lemonde.fr\/newsletters\/international\/\" class=\"inread__link js-services-inread-link\" target=\"_blank\" rel=\"nofollow noopener\">  <\/p>\n<p>\u00ab International \u00bb<\/p>\n<p>L\u2019essentiel de l\u2019actualit\u00e9 internationale de la semaine<\/p>\n<p>S&rsquo;inscrire<\/p>\n<p> <\/a>             <\/p>\n<p class=\"article__paragraph  \">Les l\u00e9gislatives du 26\u00a0octobre mettront \u00e0 l\u2019\u00e9preuve la popularit\u00e9 de Javier Milei apr\u00e8s ses r\u00e9sultats en mati\u00e8re \u00e9conomique, parvenant \u00e0 ma\u00eetriser l\u2019inflation au prix de coupes s\u00e9v\u00e8res dans les d\u00e9penses publiques, notamment dans l\u2019aide sociale aux personnes handicap\u00e9es.<\/p>\n<p>                                       Lire aussi |  Article r\u00e9serv\u00e9 \u00e0 nos abonn\u00e9s  <a href=\"https:\/\/www.lemonde.fr\/international\/article\/2025\/07\/24\/en-argentine-a-trois-mois-des-legislatives-javier-milei-pris-dans-une-crise-de-gouvernance_6623431_3210.html\" class=\"js-article-read-also catcher--favoris__link\" data-premium=\"1\" id=\"article-title-3432409\" rel=\"nofollow noopener\" target=\"_blank\">En Argentine, Javier Milei pris dans une crise de gouvernance, \u00e0 trois mois des l\u00e9gislatives<\/a>    <\/p>\n<p>   Lire plus tard  <\/p>\n<p class=\"author__detail\">  Le Monde avec AP et AFP  <\/p>\n","protected":false},"excerpt":{"rendered":"La police prot\u00e8ge le pr\u00e9sident argentin, Javier Milei, et sa s\u0153ur, la secr\u00e9taire g\u00e9n\u00e9rale de la pr\u00e9sidence argentine,&hellip;\n","protected":false},"author":2,"featured_media":348885,"comment_status":"","ping_status":"","sticky":false,"template":"","format":"standard","meta":{"footnotes":""},"categories":[5],"tags":[11,1011,27,14,12,28],"class_list":{"0":"post-348884","1":"post","2":"type-post","3":"status-publish","4":"format-standard","5":"has-post-thumbnail","7":"category-international","8":"tag-actualites","9":"tag-fr","10":"tag-france","11":"tag-international","12":"tag-news","13":"tag-world"},"share_on_mastodon":{"url":"https:\/\/pubeurope.com\/@fr\/115103717534384345","error":""},"_links":{"self":[{"href":"https:\/\/www.europesays.com\/fr\/wp-json\/wp\/v2\/posts\/348884","targetHints":{"allow":["GET"]}}],"collection":[{"href":"https:\/\/www.europesays.com\/fr\/wp-json\/wp\/v2\/posts"}],"about":[{"href":"https:\/\/www.europesays.com\/fr\/wp-json\/wp\/v2\/types\/post"}],"author":[{"embeddable":true,"href":"https:\/\/www.europesays.com\/fr\/wp-json\/wp\/v2\/users\/2"}],"replies":[{"embeddable":true,"href":"https:\/\/www.europesays.com\/fr\/wp-json\/wp\/v2\/comments?post=348884"}],"version-history":[{"count":0,"href":"https:\/\/www.europesays.com\/fr\/wp-json\/wp\/v2\/posts\/348884\/revisions"}],"wp:featuredmedia":[{"embeddable":true,"href":"https:\/\/www.europesays.com\/fr\/wp-json\/wp\/v2\/media\/348885"}],"wp:attachment":[{"href":"https:\/\/www.europesays.com\/fr\/wp-json\/wp\/v2\/media?parent=348884"}],"wp:term":[{"taxonomy":"category","embeddable":true,"href":"https:\/\/www.europesays.com\/fr\/wp-json\/wp\/v2\/categories?post=348884"},{"taxonomy":"post_tag","embeddable":true,"href":"https:\/\/www.europesays.com\/fr\/wp-json\/wp\/v2\/tags?post=348884"}],"curies":[{"name":"wp","href":"https:\/\/api.w.org\/{rel}","templated":true}]}}