{"id":348886,"date":"2025-08-28T01:08:14","date_gmt":"2025-08-28T01:08:14","guid":{"rendered":"https:\/\/www.europesays.com\/fr\/348886\/"},"modified":"2025-08-28T01:08:14","modified_gmt":"2025-08-28T01:08:14","slug":"30-m-de-haut-apres-huit-ans-de-construction-le-montage-dune-spectaculaire-replique-de-la-tour-eiffel-a-debute","status":"publish","type":"post","link":"https:\/\/www.europesays.com\/fr\/348886\/","title":{"rendered":"30\u00a0m de haut\u2026 Apr\u00e8s huit ans de construction, le montage d\u2019une spectaculaire r\u00e9plique de la tour Eiffel a d\u00e9but\u00e9"},"content":{"rendered":"<p>Huit ans de travail, des milliers de pi\u00e8ces de m\u00e9tal, et une obsession devenue r\u00e9alit\u00e9. \u00c0 77 ans, l\u2019entrepreneur alsacien Jean-Claude Fassler vient d\u2019achever l\u2019\u0153uvre de sa retraite\u00a0: une r\u00e9plique exacte de la <a href=\"https:\/\/www.20minutes.fr\/dossier\/tour_eiffel\" class=\"c-link c-link--is-underlined\" target=\"_blank\" rel=\"noopener\">tour Eiffel<\/a>, construite \u00e0 l\u2019\u00e9chelle 1\/10e dans un village vosgien de 1.700 habitants. \u00ab\u00a0C\u2019est l\u2019\u0153uvre de ma vie\u00a0!\u00a0\u00bb affirme l\u2019homme.<\/p>\n<p>Mardi, les grues ont hiss\u00e9 la plateforme du deuxi\u00e8me \u00e9tage, la fl\u00e8che et le campanile du troisi\u00e8me, couronnant une structure de plus de 30 m\u00e8tres de haut. \u00ab\u00a0Maintenant on peut dire que c\u2019est un chef-d\u2019\u0153uvre, non\u00a0?\u00a0\u00bb, savoure cet infatigable admirateur de Gustave Eiffel.<\/p>\n<\/p>\n<p>Une passion familiale<\/p>\n<p>Fondateur d\u2019une m\u00e9tallerie en\u00a01975, transmise depuis \u00e0 son fils, Jean-Claude Fassler a mobilis\u00e9 son savoir-faire mais aussi sa famille\u00a0: son petit-fils Killian, 23 ans, a travaill\u00e9 sur les dessins et l\u2019assemblage, tandis que son fr\u00e8re Matt\u00e9o g\u00e8re la communication du projet. \u00ab\u00a0Je n\u2019ai pas trich\u00e9\u00a0\u00bb, insiste l\u2019homme, qui s\u2019est appuy\u00e9 sur les plans originaux de\u00a01884, tomb\u00e9s dans le domaine public. \u00ab\u00a0Vous pouvez aller voir de pr\u00e8s, je peux vous dire que c\u2019est nickel\u00a0\u00bb, s\u2019enorgueillit Jean-Claude Fassler.<\/p>\n<p><img decoding=\"async\" alt=\"Une grue maintient la section centrale de la tour pendant que des ouvriers l\u2019assemblent. \" class=\"c-img\" loading=\"lazy\" fetchpriority=\"auto\" width=\"718\"  src=\"https:\/\/img.20mn.fr\/V0p3IjzDQk2T6lSO5gEu2Ck\/718x0\" \/>Une grue maintient la section centrale de la tour pendant que des ouvriers l\u2019assemblent. \u2002-\u00a0Hannes P Albert\/DPA\/SIPA<\/p>\n<p>R\u00e9sultat\u00a0: une reproduction fid\u00e8le, jusqu\u2019aux coursives d\u2019origine, aux 72 noms de savants inscrits en lettres d\u2019or sur la charpente et m\u00eame \u00e0 l\u2019appartement priv\u00e9 de Gustave Eiffel au sommet. Peinte en rouge \u00ab\u00a0<a href=\"https:\/\/www.20minutes.fr\/dossier\/venise\" class=\"c-link c-link--is-underlined\" target=\"_blank\" rel=\"noopener\">Venise<\/a>\u00a0\u00bb, la couleur historique appliqu\u00e9e \u00e0 Paris, la tour attire d\u00e9j\u00e0 les curieux.<\/p>\n<p><img decoding=\"async\" alt=\"Vue du chantier avec une grue, une nacelle \u00e9l\u00e9vatrice et un camion. Une copie de la tour Eiffel est en construction en Alsace depuis huit ans.\" class=\"c-img\" loading=\"lazy\" fetchpriority=\"auto\" width=\"718\"  src=\"https:\/\/img.20mn.fr\/JObCXXcrSZSDTQ7tv7fbqCk\/718x0\" \/>Vue du chantier avec une grue, une nacelle \u00e9l\u00e9vatrice et un camion. Une copie de la tour Eiffel est en construction en Alsace depuis huit ans.\u2002-\u00a0Hannes P Albert\/DPA\/SIPA<img decoding=\"async\" alt=\"Jean-Claude Fassler assis devant la r\u00e9plique de la tour Eiffel. Une copie de la tour Eiffel est en construction en Alsace depuis huit ans. Mardi, les \u00e9l\u00e9ments de la tour rouge ont \u00e9t\u00e9 assembl\u00e9s.\" class=\"c-img\" loading=\"lazy\" fetchpriority=\"auto\" width=\"718\"  src=\"https:\/\/img.20mn.fr\/u9BI7y9sR32qXVP5CZvTsCk\/718x0\" \/>Jean-Claude Fassler assis devant la r\u00e9plique de la tour Eiffel. Une copie de la tour Eiffel est en construction en Alsace depuis huit ans. Mardi, les \u00e9l\u00e9ments de la tour rouge ont \u00e9t\u00e9 assembl\u00e9s.\u2002-\u00a0Hannes P Albert\/DPA\/SIPAUne valeur \u00ab\u00a0inestimable\u00a0\u00bb \u2026 \u00e0 vendre<\/p>\n<p>Le chantier au long cours sur la commune de Sainte-Marie-aux-Mines (<a href=\"https:\/\/www.20minutes.fr\/dossier\/alsace\" class=\"c-link c-link--is-underlined\" target=\"_blank\" rel=\"noopener\">Alsace<\/a>), qui a englouti une bonne part du patrimoine de Jean-Claude Fassler, est son projet de retraite pour \u00ab\u00a0rester actif\u00a0\u00bb. \u00ab\u00a0Regardez le temps, le travail qu\u2019il faut\u2026 C\u2019est inestimable\u00a0\u00bb. S\u2019il n\u2019a aucune id\u00e9e du prix de son \u0153uvre, il caresse un r\u00eave\u00a0: voir sa r\u00e9plique install\u00e9e \u00e0 Paris, au Champs-de-Mars, sous la v\u00e9ritable tour Eiffel. \u00ab\u00a0En deux semaines, on peut la d\u00e9monter, et en deux semaines la remonter.\u00a0\u00bb, assure Matt\u00e9o.<\/p>\n<p><img decoding=\"async\" alt=\"Vue de la partie d\u00e9j\u00e0 \u00e9rig\u00e9e de la tour (vue a\u00e9rienne par drone).\" class=\"c-img\" loading=\"lazy\" fetchpriority=\"auto\" width=\"718\"  src=\"https:\/\/img.20mn.fr\/JSk16KP1TuqJtLPEX4RF6Ck\/718x0\" \/>Vue de la partie d\u00e9j\u00e0 \u00e9rig\u00e9e de la tour (vue a\u00e9rienne par drone).\u2002-\u00a0Hannes P Albert\/DPA\/SIPA<\/p>\n<p>En attendant un acheteur, le septuag\u00e9naire promet de profiter de son monument\u00a0en passant une nuit au premier \u00e9tage de la tour. \u00ab\u00a0Je le ferai. Vous croyez que je rigole, moi\u00a0? Quand je dis quelque chose, je le fais\u00a0!\u00a0\u00bb<\/p>\n","protected":false},"excerpt":{"rendered":"Huit ans de travail, des milliers de pi\u00e8ces de m\u00e9tal, et une obsession devenue r\u00e9alit\u00e9. \u00c0 77 ans,&hellip;\n","protected":false},"author":2,"featured_media":348887,"comment_status":"","ping_status":"","sticky":false,"template":"","format":"standard","meta":{"footnotes":""},"categories":[4],"tags":[47,11,2389,1011,27,775,776,12,25,104,896,7184,774],"class_list":{"0":"post-348886","1":"post","2":"type-post","3":"status-publish","4":"format-standard","5":"has-post-thumbnail","7":"category-france","8":"tag-actualite","9":"tag-actualites","10":"tag-alsace","11":"tag-fr","12":"tag-france","13":"tag-grand-est","14":"tag-lorraine","15":"tag-news","16":"tag-republique-francaise","17":"tag-societe","18":"tag-tas-vu","19":"tag-tour-eiffel","20":"tag-vosges"},"share_on_mastodon":{"url":"https:\/\/pubeurope.com\/@fr\/115103721454888992","error":""},"_links":{"self":[{"href":"https:\/\/www.europesays.com\/fr\/wp-json\/wp\/v2\/posts\/348886","targetHints":{"allow":["GET"]}}],"collection":[{"href":"https:\/\/www.europesays.com\/fr\/wp-json\/wp\/v2\/posts"}],"about":[{"href":"https:\/\/www.europesays.com\/fr\/wp-json\/wp\/v2\/types\/post"}],"author":[{"embeddable":true,"href":"https:\/\/www.europesays.com\/fr\/wp-json\/wp\/v2\/users\/2"}],"replies":[{"embeddable":true,"href":"https:\/\/www.europesays.com\/fr\/wp-json\/wp\/v2\/comments?post=348886"}],"version-history":[{"count":0,"href":"https:\/\/www.europesays.com\/fr\/wp-json\/wp\/v2\/posts\/348886\/revisions"}],"wp:featuredmedia":[{"embeddable":true,"href":"https:\/\/www.europesays.com\/fr\/wp-json\/wp\/v2\/media\/348887"}],"wp:attachment":[{"href":"https:\/\/www.europesays.com\/fr\/wp-json\/wp\/v2\/media?parent=348886"}],"wp:term":[{"taxonomy":"category","embeddable":true,"href":"https:\/\/www.europesays.com\/fr\/wp-json\/wp\/v2\/categories?post=348886"},{"taxonomy":"post_tag","embeddable":true,"href":"https:\/\/www.europesays.com\/fr\/wp-json\/wp\/v2\/tags?post=348886"}],"curies":[{"name":"wp","href":"https:\/\/api.w.org\/{rel}","templated":true}]}}