{"id":348896,"date":"2025-08-28T01:17:13","date_gmt":"2025-08-28T01:17:13","guid":{"rendered":"https:\/\/www.europesays.com\/fr\/348896\/"},"modified":"2025-08-28T01:17:13","modified_gmt":"2025-08-28T01:17:13","slug":"ce-tableau-du-mont-saint-michel-est-expose-a-montpellier","status":"publish","type":"post","link":"https:\/\/www.europesays.com\/fr\/348896\/","title":{"rendered":"Ce tableau du Mont-Saint-Michel est expos\u00e9 \u00e0 Montpellier"},"content":{"rendered":"<p>1830. On aper\u00e7oit d\u2019abord un groupement d\u2019hommes, qui semblent se battre sur la baie, surpris par la mar\u00e9e remontante. Seules leurs silhouettes sombres se d\u00e9tachent du sable tremp\u00e9. Puis Le Mont-Saint-Michel (Manche), baign\u00e9 d\u2019une lumi\u00e8re presque divine, \u00e0 l\u2019oppos\u00e9 du ciel sombre repr\u00e9sent\u00e9 \u00e0 l\u2019arri\u00e8re-plan de ce tableau, mesurant 97\u00a0par 138\u00a0cm. Il a \u00e9t\u00e9 peint \u00e0 l\u2019huile par <a href=\"https:\/\/guingamp.maville.com\/bretagne\/cotes-d-armor\/paimpol\/un-tableau-de-1833-au-musee-de-la-mer-1257298\" target=\"_blank\" rel=\"noopener\">Th\u00e9odore Gudin (1802-1880)<\/a>, artiste Fran\u00e7ais \u00e0 l\u2019inspiration romantique, sp\u00e9cialiste des paysages du littoral. Il sera l\u2019un des premiers, avec Louis-Philippe Cr\u00e9pin, \u00e0 devenir officiellement peintre de la Marine.<\/p>\n<p><strong>Voir aussi\u00a0: <\/strong> <a href=\"https:\/\/www.ouest-france.fr\/insolite\/video-insolite-des-courses-de-dromadaires-a-l-hippodrome-du-mont-saint-michel-f565b6dc-0333-3f34-bddc-f8f5bd69398e\" target=\"_blank\" rel=\"noopener\">VID\u00c9O. Insolite\u00a0: des courses de dromadaires \u00e0 l\u2019hippodrome du Mont-Saint-Michel<\/a><\/p>\n<p>Acquis aux ench\u00e8res<\/p>\n<p>Contre toute attente, Le Mont-Saint-Michel sous l\u2019orage n\u2019est pas expos\u00e9 <a href=\"https:\/\/granville.maville.com\/actu\/actudet_-pretre-dans-la-manche-l-abbe-nicolas-courtois-est-decede-_10-6946580_actu.Htm\" target=\"_blank\" rel=\"noopener\">dans la Manche<\/a>, mais \u00e0 Montpellier (H\u00e9rault), dans le sud de la France. Le mus\u00e9e Fabre, l\u2019un des nombreux \u00e9tablissements culturels de la ville, l\u2019a acquis le 1er\u00a0d\u00e9cembre 2017 pour la modique somme de 41\u00a0000\u00a0\u20ac hors frais. Une pr\u00e9emption r\u00e9alis\u00e9e dans le cadre d\u2019une vente publique \u00e0 l\u2019h\u00f4tel Drouot, place centrale des ench\u00e8res parisiennes.<\/p>\n<p><strong>\u00ab\u00a0Ce tableau a sans doute \u00e9t\u00e9 peint \u00e0 la suite du s\u00e9jour de l\u2019artiste sur les c\u00f4tes de la Manche et en Bretagne en 1\u00a0830\u00a0\u00bb<\/strong>, note l\u2019institution, qui le met en valeur vers ses collections d\u00e9di\u00e9es \u00e0 Delacroix et l\u2019Orientalisme. On remarque, par ailleurs, l\u2019absence de <a href=\"https:\/\/granville.maville.com\/actu\/actudet_-sur-le-chemin-de-l-archange-saint-michel-2-400-km-a-pieds-en-solitaire-_10-6900980_actu.Htm\" target=\"_blank\" rel=\"noopener\">l\u2019archange Saint-Michel<\/a>, cette statue en plaques de cuivre lamin\u00e9 et d\u2019or. En effet, celle-ci n\u2019a \u00e9t\u00e9 install\u00e9e qu\u2019en 1898, dans le cadre de travaux de restauration supervis\u00e9s par l\u2019architecte Eug\u00e8ne Viollet-le-Duc.<\/p>\n<p>\u00a0<\/p>\n","protected":false},"excerpt":{"rendered":"1830. On aper\u00e7oit d\u2019abord un groupement d\u2019hommes, qui semblent se battre sur la baie, surpris par la mar\u00e9e&hellip;\n","protected":false},"author":2,"featured_media":348897,"comment_status":"","ping_status":"","sticky":false,"template":"","format":"standard","meta":{"footnotes":""},"categories":[9599],"tags":[1111,11,1777,674,8110,1011,27,8247,2208,12,2680,25,13662,3898],"class_list":{"0":"post-348896","1":"post","2":"type-post","3":"status-publish","4":"format-standard","5":"has-post-thumbnail","7":"category-montpellier","8":"tag-actu","9":"tag-actualites","10":"tag-eu","11":"tag-europe","12":"tag-expose","13":"tag-fr","14":"tag-france","15":"tag-mont-saint-michel","16":"tag-montpellier","17":"tag-news","18":"tag-occitanie","19":"tag-republique-francaise","20":"tag-saint-lo","21":"tag-tableau"},"share_on_mastodon":{"url":"https:\/\/pubeurope.com\/@fr\/115103756609870315","error":""},"_links":{"self":[{"href":"https:\/\/www.europesays.com\/fr\/wp-json\/wp\/v2\/posts\/348896","targetHints":{"allow":["GET"]}}],"collection":[{"href":"https:\/\/www.europesays.com\/fr\/wp-json\/wp\/v2\/posts"}],"about":[{"href":"https:\/\/www.europesays.com\/fr\/wp-json\/wp\/v2\/types\/post"}],"author":[{"embeddable":true,"href":"https:\/\/www.europesays.com\/fr\/wp-json\/wp\/v2\/users\/2"}],"replies":[{"embeddable":true,"href":"https:\/\/www.europesays.com\/fr\/wp-json\/wp\/v2\/comments?post=348896"}],"version-history":[{"count":0,"href":"https:\/\/www.europesays.com\/fr\/wp-json\/wp\/v2\/posts\/348896\/revisions"}],"wp:featuredmedia":[{"embeddable":true,"href":"https:\/\/www.europesays.com\/fr\/wp-json\/wp\/v2\/media\/348897"}],"wp:attachment":[{"href":"https:\/\/www.europesays.com\/fr\/wp-json\/wp\/v2\/media?parent=348896"}],"wp:term":[{"taxonomy":"category","embeddable":true,"href":"https:\/\/www.europesays.com\/fr\/wp-json\/wp\/v2\/categories?post=348896"},{"taxonomy":"post_tag","embeddable":true,"href":"https:\/\/www.europesays.com\/fr\/wp-json\/wp\/v2\/tags?post=348896"}],"curies":[{"name":"wp","href":"https:\/\/api.w.org\/{rel}","templated":true}]}}