{"id":348898,"date":"2025-08-28T01:22:11","date_gmt":"2025-08-28T01:22:11","guid":{"rendered":"https:\/\/www.europesays.com\/fr\/348898\/"},"modified":"2025-08-28T01:22:11","modified_gmt":"2025-08-28T01:22:11","slug":"asse-grenoble-affluence-record","status":"publish","type":"post","link":"https:\/\/www.europesays.com\/fr\/348898\/","title":{"rendered":"ASSE-Grenoble : affluence record ?"},"content":{"rendered":"<p data-start=\"382\" data-end=\"573\"><strong data-start=\"382\" data-end=\"573\">Avec d\u00e9j\u00e0 bien plus de 30 000 places vendues, le Chaudron pourrait battre son propre record de la saison face \u00e0 Grenoble. Une preuve suppl\u00e9mentaire que<a href=\"https:\/\/peuple-vert.fr\/asse-actualite\/asse-le-club-fait-un-pas-vers-ses-supporters\/\" rel=\"nofollow noopener\" target=\"_blank\"> la passion verte est intacte en Ligue 2.<\/a><\/strong><\/p>\n<p data-start=\"638\" data-end=\"1043\">Apr\u00e8s avoir d\u00e9j\u00e0 r\u00e9uni 33 051 spectateurs pour la r\u00e9ception de Rodez lors de la premi\u00e8re journ\u00e9e \u00e0 domicile, l\u2019ASSE s\u2019appr\u00eate \u00e0 faire encore mieux. Ce samedi \u00e0 20h, face au GF38, le stade Geoffroy-Guichard devrait une nouvelle fois vibrer au rythme du Peuple Vert. \u00c0 ce jour, plus de 30 000 billets ont \u00e9t\u00e9 \u00e9coul\u00e9s, et tout laisse penser que la barre des 35 000 spectateurs pourrait \u00eatre franchie.<\/p>\n<p data-start=\"1045\" data-end=\"1518\">Les Kops Nord et Sud seront pleins \u00e0 craquer. Leurs balcons n&rsquo;\u00e9tant pas ouverts \u00e0 la vente, la capacit\u00e9 maximale reste plafonn\u00e9e \u00e0 environ 37 000 places. La tribune Henri Point inf\u00e9rieure affiche complet, tandis qu\u2019il en reste une poign\u00e9e en Henri Point sup\u00e9rieure. Il en reste encore quelques centaines en Pierre-Faurand. Un afflux massif de supporters qui t\u00e9moigne d\u2019une ferveur toujours aussi puissante.<\/p>\n<p>ASSE \u2013 Grenoble : le Chaudron en \u00e9bullition<\/p>\n<p data-start=\"1574\" data-end=\"1878\">L\u2019accueil des 450 supporters grenoblois attendus dans le parcage visiteurs viendra compl\u00e9ter cette ambiance de feu. Le match, programm\u00e9 en prime-time un samedi soir, ajoute un attrait suppl\u00e9mentaire pour les fans. La billetterie en ligne de l\u2019ASSE reste ouverte, <a href=\"https:\/\/billetterie.asse.fr\/fr\/catalogue\/match-asse-vs-grenoble-1\" target=\"_blank\" rel=\"noopener nofollow\">mais les places partent vite.<\/a><\/p>\n<p data-start=\"1880\" data-end=\"2209\">Avec une affluence estim\u00e9e autour de 35 000 spectateurs, le club lig\u00e9rien s\u2019appr\u00eate \u00e0 battre son propre record de la saison. Ce chiffre repr\u00e9sente presque le triple de la meilleure affluence de la Ligue 2. En effet, le second stade \u00e0 accueillir pour le moment le plus de spectateurs en moyenne est Bastia. Le club corse compte une affluence de 13 134 supporters pour le moment. Cela confirme que Saint-\u00c9tienne joue dans une autre dimension, m\u00eame \u00e0 l\u2019\u00e9chelon inf\u00e9rieur.<\/p>\n<p>Un soutien populaire d\u00e9cisif pour viser la mont\u00e9e<\/p>\n<p data-start=\"2265\" data-end=\"2587\">Dans un championnat aussi disput\u00e9 que la Ligue 2, chaque d\u00e9tail compte. Et l\u2019atout Geoffroy-Guichard est loin d\u2019\u00eatre n\u00e9gligeable. Pouss\u00e9s par un public fid\u00e8le, bruyant et passionn\u00e9, les Verts disposent d\u2019un avantage psychologique important.<\/p>\n<p data-start=\"2589\" data-end=\"2923\">Ce soutien populaire, additionn\u00e9 \u00e0 une politique tarifaire intelligente et \u00e0 un vent d\u2019optimisme souffl\u00e9 par l\u2019arriv\u00e9e de Kilmer Sports, place l\u2019ASSE dans une dynamique unique en France. Pour les joueurs comme pour les supporters, ce match face \u00e0 Grenoble est plus qu\u2019un simple rendez-vous.<\/p>\n","protected":false},"excerpt":{"rendered":"Avec d\u00e9j\u00e0 bien plus de 30 000 places vendues, le Chaudron pourrait battre son propre record de la&hellip;\n","protected":false},"author":2,"featured_media":348899,"comment_status":"","ping_status":"","sticky":false,"template":"","format":"standard","meta":{"footnotes":""},"categories":[9566],"tags":[1111,11,2430,1777,674,1011,27,2731,12,25],"class_list":{"0":"post-348898","1":"post","2":"type-post","3":"status-publish","4":"format-standard","5":"has-post-thumbnail","7":"category-grenoble","8":"tag-actu","9":"tag-actualites","10":"tag-auvergne-rhone-alpes","11":"tag-eu","12":"tag-europe","13":"tag-fr","14":"tag-france","15":"tag-grenoble","16":"tag-news","17":"tag-republique-francaise"},"share_on_mastodon":{"url":"https:\/\/pubeurope.com\/@fr\/115103776492118385","error":""},"_links":{"self":[{"href":"https:\/\/www.europesays.com\/fr\/wp-json\/wp\/v2\/posts\/348898","targetHints":{"allow":["GET"]}}],"collection":[{"href":"https:\/\/www.europesays.com\/fr\/wp-json\/wp\/v2\/posts"}],"about":[{"href":"https:\/\/www.europesays.com\/fr\/wp-json\/wp\/v2\/types\/post"}],"author":[{"embeddable":true,"href":"https:\/\/www.europesays.com\/fr\/wp-json\/wp\/v2\/users\/2"}],"replies":[{"embeddable":true,"href":"https:\/\/www.europesays.com\/fr\/wp-json\/wp\/v2\/comments?post=348898"}],"version-history":[{"count":0,"href":"https:\/\/www.europesays.com\/fr\/wp-json\/wp\/v2\/posts\/348898\/revisions"}],"wp:featuredmedia":[{"embeddable":true,"href":"https:\/\/www.europesays.com\/fr\/wp-json\/wp\/v2\/media\/348899"}],"wp:attachment":[{"href":"https:\/\/www.europesays.com\/fr\/wp-json\/wp\/v2\/media?parent=348898"}],"wp:term":[{"taxonomy":"category","embeddable":true,"href":"https:\/\/www.europesays.com\/fr\/wp-json\/wp\/v2\/categories?post=348898"},{"taxonomy":"post_tag","embeddable":true,"href":"https:\/\/www.europesays.com\/fr\/wp-json\/wp\/v2\/tags?post=348898"}],"curies":[{"name":"wp","href":"https:\/\/api.w.org\/{rel}","templated":true}]}}