{"id":348900,"date":"2025-08-28T01:23:45","date_gmt":"2025-08-28T01:23:45","guid":{"rendered":"https:\/\/www.europesays.com\/fr\/348900\/"},"modified":"2025-08-28T01:23:45","modified_gmt":"2025-08-28T01:23:45","slug":"notre-selection-de-sorties-du-week-end-du-29-au-31-aout","status":"publish","type":"post","link":"https:\/\/www.europesays.com\/fr\/348900\/","title":{"rendered":"notre s\u00e9lection de sorties du week-end du 29 au 31 ao\u00fbt"},"content":{"rendered":"<p class=\"intro\">Ce week-end du 29 au 31 ao\u00fbt, l&rsquo;agglom\u00e9ration rennaise vous r\u00e9serve un cocktail d\u00e9tonnant d&rsquo;\u00e9v\u00e9nements\u00a0! Entre com\u00e9die th\u00e9\u00e2trale, festival artistique en plein air et salon animalier attendrissant, il y en a pour tous les go\u00fbts et toutes les g\u00e9n\u00e9rations. Que vous soyez amateur de spectacles, d&rsquo;art de rue ou passionn\u00e9 du monde canin, votre programme est tout trac\u00e9. Alors, sortez vos agendas et pr\u00e9parez-vous \u00e0 vivre un week-end riche en d\u00e9couvertes\u00a0!<\/p>\n<p class=\"mise_en_avant\"><strong>Pr\u00e9visions m\u00e9t\u00e9o ce week-end\u00a0:<\/strong> Pr\u00e9parez vos parapluies\u00a0! Pluie mod\u00e9r\u00e9e vendredi (20\u00b0C), l\u00e9g\u00e8re pluie samedi (26\u00b0C) et temps nuageux dimanche (23\u00b0C).<\/p>\n<p>1\/ L&rsquo;Art du Mensonge &#8211; Tourn\u00e9e\u00a0: quand mentir devient un art<\/p>\n<p>\ud83c\udfad Direction la <a href=\"https:\/\/www.jds.fr\/rennes\/spectacles\/humour\/l-art-du-mensonge-tournee-961891_A\" rel=\"nofollow noopener\" target=\"_blank\">Com\u00e9die de Rennes pour L&rsquo;Art du Mensonge &#8211; Tourn\u00e9e<\/a>, une com\u00e9die p\u00e9tillante qui explore les m\u00e9andres du mensonge amoureux\u00a0! Alexandre se fait passer pour Matthieu aupr\u00e8s de Sylvie, qui croit le reconna\u00eetre&#8230; mais ne l&rsquo;a jamais vu de sa vie. \ud83d\ude05 Un quiproquo savoureux sign\u00e9 Julien Sigalas qui promet de beaux moments de rire. Cette pi\u00e8ce a \u00e9t\u00e9 s\u00e9lectionn\u00e9e pour son humour intelligent et ses situations rocambolesques parfaitement ma\u00eetris\u00e9es.<\/p>\n<p>\ud83d\udca1 <strong>Notre conseil\u00a0:<\/strong> R\u00e9servez vite vos places, les spectacles de Julien Sigalas font g\u00e9n\u00e9ralement salle comble. Parfait pour une soir\u00e9e en amoureux&#8230; ironique, non\u00a0?<\/p>\n<p>\ud83d\udccd Com\u00e9die de Rennes | Rennes<br \/>\ud83d\udcc5 Du 29\/08\/2025 au 30\/08\/2025<\/p>\n<p class=\"mise_en_avant\">\ud83d\udc49 <a href=\"https:\/\/www.jds.fr\/rennes\/spectacles\/humour\/l-art-du-mensonge-tournee-961891_A\" rel=\"nofollow noopener\" target=\"_blank\">L&rsquo;Art du Mensonge &#8211; Tourn\u00e9e\u00a0: toutes les informations<\/a><\/p>\n<p><a class=\"btn btn-lg shadow-lg btn-primary rounded-pill fnac_link\" data-fnac=\"in_article\" href=\"https:\/\/www.awin1.com\/pclick.php?p=41399303811&amp;a=634278&amp;m=12494&amp;clickref=in_article-A-desktop\" target=\"_blank\" rel=\"nofollow noopener\"> Acheter des billets<\/a><\/p>\n<p>2\/ Bol d&rsquo;Air(s) #6\u00a0: l&rsquo;art de rue s&#8217;empare de La M\u00e9zi\u00e8re<\/p>\n<p>\ud83c\udfaa Rendez-vous sur le <a href=\"https:\/\/www.jds.fr\/rennes\/manifestations\/festival\/bol-d-air-s-6-1097669_A\" rel=\"nofollow noopener\" target=\"_blank\">parvis de la m\u00e9diath\u00e8que de La M\u00e9zi\u00e8re pour Bol d&rsquo;Air(s) #6<\/a>, o\u00f9 l&rsquo;esprit guinguette rencontre les arts de la rue\u00a0! Le vendredi soir, trois spectacles se succ\u00e8dent\u00a0: Urbam.musique \u00e0 18h30, suivi de\u00a0\u00ab\u00a0Comic Show\u00a0\u00bb de la Cie Primitif \u00e0 20h, et enfin @lblk_off \u00e0 21h30. \ud83c\udfad Une soir\u00e9e qui cl\u00f4ture en beaut\u00e9 cette 6e \u00e9dition du festival, avec buvette et restauration sur place. Nous avons choisi cet \u00e9v\u00e9nement pour son ambiance conviviale et sa programmation \u00e9clectique accessible \u00e0 tous.<\/p>\n<p>\ud83d\udca1 <strong>Notre conseil\u00a0:<\/strong> Arrivez d\u00e8s l&rsquo;ouverture de la guinguette \u00e0 19h pour profiter de l&rsquo;ambiance et d\u00e9guster les sp\u00e9cialit\u00e9s locales avant les spectacles. Le tarif \u00e0 prix libre conscient permet \u00e0 chacun de participer selon ses moyens.<\/p>\n<p>\ud83d\udccd Parvis de la m\u00e9diath\u00e8que, 34 place de l&rsquo;\u00e9glise | La M\u00e9zi\u00e8re<br \/>\ud83d\udcc5 Du 27\/08\/2025 au 29\/08\/2025<\/p>\n<p class=\"mise_en_avant\">\ud83d\udc49 <a href=\"https:\/\/www.jds.fr\/rennes\/manifestations\/festival\/bol-d-air-s-6-1097669_A\" rel=\"nofollow noopener\" target=\"_blank\">Bol d&rsquo;Air(s) #6\u00a0: toutes les informations<\/a><\/p>\n<p><a data-lightbox=\"article\" data-title=\" \u00a9 Accueil &amp; Loisirs\" class=\"image detail fullwidth\" href=\"https:\/\/www.jds.fr\/medias\/image\/0.13429100-1752841766-678249-1200-0-F.webp\" title=\" \u00a9 Accueil &amp; Loisirs\" rel=\"nofollow noopener\" target=\"_blank\"><br \/>\n<img decoding=\"async\" loading=\"lazy\" src=\"https:\/\/www.europesays.com\/fr\/wp-content\/uploads\/2025\/08\/0.13429100-1752841766-678249-1200-0.webp.webp\"   alt=\"Bol d'Air(s) #6\" class=\"shortcode_image border\"\/><br \/>\n\u00a9 Accueil &amp; Loisirs<br \/>\n<\/a>\n<\/p>\n<p>3\/ Salon du Chiot\u00a0: 23 \u00e9leveurs pour une overdose de mignonnerie<\/p>\n<p>\ud83d\udc15 Cap sur <a href=\"https:\/\/www.jds.fr\/rennes\/foires-et-salons\/foires\/salon-du-chiot-1138482_A\" rel=\"nofollow noopener\" target=\"_blank\">Les Hourdis \u00e0 Chavagne pour le Salon du Chiot<\/a>, un \u00e9v\u00e9nement qui va faire fondre petits et grands\u00a0! Plus de 40 races seront repr\u00e9sent\u00e9es par des \u00e9leveurs naisseurs-producteurs venus des quatre coins de France, avec contr\u00f4le v\u00e9t\u00e9rinaire obligatoire. \ud83d\udc3e Du Akita au Yorkshire en passant par le Pomsky et m\u00eame des chatons Maine Coon, c&rsquo;est la garantie de repartir avec des \u00e9toiles plein les yeux. Ce salon a \u00e9t\u00e9 retenu pour son \u00e9thique irr\u00e9prochable et la diversit\u00e9 exceptionnelle des races pr\u00e9sent\u00e9es.<\/p>\n<p>\ud83d\udca1 <strong>Notre conseil\u00a0:<\/strong> Si vous envisagez une adoption, t\u00e9l\u00e9chargez le certificat d&rsquo;engagement obligatoire sur leur site avant votre visite. Et attention, votre propre chien ne sera pas admis pour des raisons sanitaires\u00a0!<\/p>\n<p>\ud83d\udccd Les Hourdis | Chavagne<br \/>\ud83d\udcc5 Du 30\/08\/2025 au 31\/08\/2025<\/p>\n<p class=\"mise_en_avant\">\ud83d\udc49 <a href=\"https:\/\/www.jds.fr\/rennes\/foires-et-salons\/foires\/salon-du-chiot-1138482_A\" rel=\"nofollow noopener\" target=\"_blank\">Salon du Chiot\u00a0: toutes les informations<\/a><\/p>\n<p><a data-lightbox=\"article\" data-title=\" \u00a9 Bernard Moreau\" class=\"image detail fullwidth\" href=\"https:\/\/www.jds.fr\/medias\/image\/0.01338900-1756112889-700801-1200-0-F.webp\" title=\" \u00a9 Bernard Moreau\" rel=\"nofollow noopener\" target=\"_blank\"><br \/>\n<img decoding=\"async\" loading=\"lazy\" src=\"https:\/\/www.europesays.com\/fr\/wp-content\/uploads\/2025\/08\/0.01338900-1756112889-700801-1200-0.webp.webp\"   alt=\"Salon du Chiot\" class=\"shortcode_image border\"\/><br \/>\n\u00a9 Bernard Moreau<br \/>\n<\/a>\n<\/p>\n<p>Date de publication : le 27\/08\/2025.<\/p>\n<p class=\"font-size-30 fw-bold lh-1 mt-0 mb-4\">Je trouve les meilleures sorties dans ma ville<\/p>\n","protected":false},"excerpt":{"rendered":"Ce week-end du 29 au 31 ao\u00fbt, l&rsquo;agglom\u00e9ration rennaise vous r\u00e9serve un cocktail d\u00e9tonnant d&rsquo;\u00e9v\u00e9nements\u00a0! Entre com\u00e9die th\u00e9\u00e2trale,&hellip;\n","protected":false},"author":2,"featured_media":348901,"comment_status":"","ping_status":"","sticky":false,"template":"","format":"standard","meta":{"footnotes":""},"categories":[2821],"tags":[1111,11,829,1777,674,1011,27,12,584,25],"class_list":{"0":"post-348900","1":"post","2":"type-post","3":"status-publish","4":"format-standard","5":"has-post-thumbnail","7":"category-rennes","8":"tag-actu","9":"tag-actualites","10":"tag-bretagne","11":"tag-eu","12":"tag-europe","13":"tag-fr","14":"tag-france","15":"tag-news","16":"tag-rennes","17":"tag-republique-francaise"},"share_on_mastodon":{"url":"https:\/\/pubeurope.com\/@fr\/115103780828372405","error":""},"_links":{"self":[{"href":"https:\/\/www.europesays.com\/fr\/wp-json\/wp\/v2\/posts\/348900","targetHints":{"allow":["GET"]}}],"collection":[{"href":"https:\/\/www.europesays.com\/fr\/wp-json\/wp\/v2\/posts"}],"about":[{"href":"https:\/\/www.europesays.com\/fr\/wp-json\/wp\/v2\/types\/post"}],"author":[{"embeddable":true,"href":"https:\/\/www.europesays.com\/fr\/wp-json\/wp\/v2\/users\/2"}],"replies":[{"embeddable":true,"href":"https:\/\/www.europesays.com\/fr\/wp-json\/wp\/v2\/comments?post=348900"}],"version-history":[{"count":0,"href":"https:\/\/www.europesays.com\/fr\/wp-json\/wp\/v2\/posts\/348900\/revisions"}],"wp:featuredmedia":[{"embeddable":true,"href":"https:\/\/www.europesays.com\/fr\/wp-json\/wp\/v2\/media\/348901"}],"wp:attachment":[{"href":"https:\/\/www.europesays.com\/fr\/wp-json\/wp\/v2\/media?parent=348900"}],"wp:term":[{"taxonomy":"category","embeddable":true,"href":"https:\/\/www.europesays.com\/fr\/wp-json\/wp\/v2\/categories?post=348900"},{"taxonomy":"post_tag","embeddable":true,"href":"https:\/\/www.europesays.com\/fr\/wp-json\/wp\/v2\/tags?post=348900"}],"curies":[{"name":"wp","href":"https:\/\/api.w.org\/{rel}","templated":true}]}}