{"id":348910,"date":"2025-08-28T01:28:10","date_gmt":"2025-08-28T01:28:10","guid":{"rendered":"https:\/\/www.europesays.com\/fr\/348910\/"},"modified":"2025-08-28T01:28:10","modified_gmt":"2025-08-28T01:28:10","slug":"easyjet-lance-une-nouvelle-ligne-entre-nice-et-newcastle-actualite-aeronautique","status":"publish","type":"post","link":"https:\/\/www.europesays.com\/fr\/348910\/","title":{"rendered":"easyJet lance une nouvelle ligne entre Nice et Newcastle &#8211; Actualit\u00e9 a\u00e9ronautique"},"content":{"rendered":"<p class=\"subtitle\">Article publi\u00e9 le 27 ao\u00fbt 2025 par David Dagouret<\/p>\n<p>La compagnie orange proposera 3 vols par semaine vers Newcastle \u00e0 partir du 29 mars 2026.<\/p>\n<p>easyJet lance une nouvelle ligne entre Nice et Newcastle. Cette nouveaut\u00e9 s\u2019ajoute \u00e0 l\u2019annonce r\u00e9cente de la nouvelle route vers Hurghada (\u00c9gypte), desservie \u00e0 raison de deux vols par semaine depuis Nice, les mercredis et dimanches, \u00e0 partir du 26 octobre 2025.<\/p>\n<p><strong>Reginald Otten, Directeur g\u00e9n\u00e9ral adjoint d\u2019easyJet pour la France a d\u00e9clar\u00e9 :<\/strong><strong> <\/strong>\u00ab\u00a0L\u2019ouverture de cette nouvelle liaison exclusive vers Newcastle illustre notre volont\u00e9, en tant que premi\u00e8re compagnie \u00e0 Nice en parts de march\u00e9, de r\u00e9pondre aux attentes des voyageurs azur\u00e9ens, qu\u2019ils souhaitent retrouver leurs proches ou d\u00e9couvrir les richesses du nord-est de l\u2019Angleterre. easyJet continue ainsi de renforcer son r\u00e9seau afin d\u2019offrir toujours plus de choix et de flexibilit\u00e9 au d\u00e9part de Nice.\u00a0\u00bb<\/p>\n<p><img loading=\"lazy\" decoding=\"async\" src=\"https:\/\/www.europesays.com\/fr\/wp-content\/uploads\/2025\/08\/10217.jpg\" alt=\"easyjet\" width=\"600\" height=\"400\" style=\"border:0px solid;\" \/><\/p>\n<p>  Sur le m\u00eame sujet<\/p>\n","protected":false},"excerpt":{"rendered":"Article publi\u00e9 le 27 ao\u00fbt 2025 par David Dagouret La compagnie orange proposera 3 vols par semaine vers&hellip;\n","protected":false},"author":2,"featured_media":348911,"comment_status":"","ping_status":"","sticky":false,"template":"","format":"standard","meta":{"footnotes":""},"categories":[2819],"tags":[1111,47,11,296,30397,30398,7182,13796,17318,30399,9919,11821,341,1777,674,30400,5556,1011,27,30401,30402,1031,12,2401,882,25],"class_list":{"0":"post-348910","1":"post","2":"type-post","3":"status-publish","4":"format-standard","5":"has-post-thumbnail","7":"category-nice","8":"tag-actu","9":"tag-actualite","10":"tag-actualites","11":"tag-aeronautique","12":"tag-aeroweb","13":"tag-aeroweb-fr-net","14":"tag-aviation","15":"tag-avions","16":"tag-compagnies-aeriennes","17":"tag-constructeurs-aeronautiques","18":"tag-cv","19":"tag-dossiers","20":"tag-emploi","21":"tag-eu","22":"tag-europe","23":"tag-fiches-techniques","24":"tag-forum","25":"tag-fr","26":"tag-france","27":"tag-histoire-de-laeronautique","28":"tag-histoire-de-laviation","29":"tag-magazine","30":"tag-news","31":"tag-nice","32":"tag-provence-alpes-cote-dazur","33":"tag-republique-francaise"},"share_on_mastodon":{"url":"https:\/\/pubeurope.com\/@fr\/115103799947913797","error":""},"_links":{"self":[{"href":"https:\/\/www.europesays.com\/fr\/wp-json\/wp\/v2\/posts\/348910","targetHints":{"allow":["GET"]}}],"collection":[{"href":"https:\/\/www.europesays.com\/fr\/wp-json\/wp\/v2\/posts"}],"about":[{"href":"https:\/\/www.europesays.com\/fr\/wp-json\/wp\/v2\/types\/post"}],"author":[{"embeddable":true,"href":"https:\/\/www.europesays.com\/fr\/wp-json\/wp\/v2\/users\/2"}],"replies":[{"embeddable":true,"href":"https:\/\/www.europesays.com\/fr\/wp-json\/wp\/v2\/comments?post=348910"}],"version-history":[{"count":0,"href":"https:\/\/www.europesays.com\/fr\/wp-json\/wp\/v2\/posts\/348910\/revisions"}],"wp:featuredmedia":[{"embeddable":true,"href":"https:\/\/www.europesays.com\/fr\/wp-json\/wp\/v2\/media\/348911"}],"wp:attachment":[{"href":"https:\/\/www.europesays.com\/fr\/wp-json\/wp\/v2\/media?parent=348910"}],"wp:term":[{"taxonomy":"category","embeddable":true,"href":"https:\/\/www.europesays.com\/fr\/wp-json\/wp\/v2\/categories?post=348910"},{"taxonomy":"post_tag","embeddable":true,"href":"https:\/\/www.europesays.com\/fr\/wp-json\/wp\/v2\/tags?post=348910"}],"curies":[{"name":"wp","href":"https:\/\/api.w.org\/{rel}","templated":true}]}}