{"id":348914,"date":"2025-08-28T01:30:50","date_gmt":"2025-08-28T01:30:50","guid":{"rendered":"https:\/\/www.europesays.com\/fr\/348914\/"},"modified":"2025-08-28T01:30:50","modified_gmt":"2025-08-28T01:30:50","slug":"nouveau-defi-pour-alban-lafont","status":"publish","type":"post","link":"https:\/\/www.europesays.com\/fr\/348914\/","title":{"rendered":"nouveau d\u00e9fi pour Alban Lafont\u00a0!"},"content":{"rendered":"<p><strong>L\u2019ancien gardien du FC Nantes Alban Lafont va rev\u00eatir un nouveau maillot\u2026<\/strong><\/p>\n<p>Parti au Panathina\u00efkos, Alban Lafont ronge son frein depuis son arriv\u00e9e en Gr\u00e8ce, contraint \u00e0 un r\u00f4le de doublure qu\u2019il tenait d\u00e9j\u00e0 au FC Nantes depuis l\u2019arriv\u00e9e en janvier dernier d\u2019Anthony Lopes. Mais l\u2019ancien toulousain s\u2019appr\u00eate \u00e0 relever un nouveau d\u00e9fi.<\/p>\n<p>Lafont s\u00e9lectionn\u00e9 par la C\u00f4te d\u2019Ivoire<\/p>\n<p>A 26 ans, alors qu\u2019il avait connu la s\u00e9lection fran\u00e7aise lors d\u2019un rassemblement en septembre 2022 contre l\u2019Autriche et le Danemark, sans jouer, est en effet appel\u00e9 en s\u00e9lection de C\u00f4te d\u2019Ivoire par Emerse Fa\u00e9 o\u00f9 il sera en concurrence avec Yahia Fofana, le gardien du SCO d\u2019Angers. N\u00e9 \u00e0 Ouagadougou au Burkina Faso, Lafont a finalement opt\u00e9 pour une troisi\u00e8me s\u00e9lection. La C\u00f4te d\u2019Ivoire d\u00e9fiera le Burundi (5 septembre) et le Gabon (9 septembre) dans le cadre des \u00e9liminatoires de la Coupe du monde 2026.<\/p>\n","protected":false},"excerpt":{"rendered":"L\u2019ancien gardien du FC Nantes Alban Lafont va rev\u00eatir un nouveau maillot\u2026 Parti au Panathina\u00efkos, Alban Lafont ronge&hellip;\n","protected":false},"author":2,"featured_media":348915,"comment_status":"","ping_status":"","sticky":false,"template":"","format":"standard","meta":{"footnotes":""},"categories":[2818],"tags":[1111,11,448,1777,674,63,1011,27,66,3388,766,12,2636,25,10662],"class_list":{"0":"post-348914","1":"post","2":"type-post","3":"status-publish","4":"format-standard","5":"has-post-thumbnail","7":"category-nantes","8":"tag-actu","9":"tag-actualites","10":"tag-champions-league","11":"tag-eu","12":"tag-europe","13":"tag-football","14":"tag-fr","15":"tag-france","16":"tag-ligue-1","17":"tag-matchs","18":"tag-nantes","19":"tag-news","20":"tag-pays-de-la-loire","21":"tag-republique-francaise","22":"tag-transferts"},"share_on_mastodon":{"url":"https:\/\/pubeurope.com\/@fr\/115103811725583497","error":""},"_links":{"self":[{"href":"https:\/\/www.europesays.com\/fr\/wp-json\/wp\/v2\/posts\/348914","targetHints":{"allow":["GET"]}}],"collection":[{"href":"https:\/\/www.europesays.com\/fr\/wp-json\/wp\/v2\/posts"}],"about":[{"href":"https:\/\/www.europesays.com\/fr\/wp-json\/wp\/v2\/types\/post"}],"author":[{"embeddable":true,"href":"https:\/\/www.europesays.com\/fr\/wp-json\/wp\/v2\/users\/2"}],"replies":[{"embeddable":true,"href":"https:\/\/www.europesays.com\/fr\/wp-json\/wp\/v2\/comments?post=348914"}],"version-history":[{"count":0,"href":"https:\/\/www.europesays.com\/fr\/wp-json\/wp\/v2\/posts\/348914\/revisions"}],"wp:featuredmedia":[{"embeddable":true,"href":"https:\/\/www.europesays.com\/fr\/wp-json\/wp\/v2\/media\/348915"}],"wp:attachment":[{"href":"https:\/\/www.europesays.com\/fr\/wp-json\/wp\/v2\/media?parent=348914"}],"wp:term":[{"taxonomy":"category","embeddable":true,"href":"https:\/\/www.europesays.com\/fr\/wp-json\/wp\/v2\/categories?post=348914"},{"taxonomy":"post_tag","embeddable":true,"href":"https:\/\/www.europesays.com\/fr\/wp-json\/wp\/v2\/tags?post=348914"}],"curies":[{"name":"wp","href":"https:\/\/api.w.org\/{rel}","templated":true}]}}