{"id":348920,"date":"2025-08-28T01:33:12","date_gmt":"2025-08-28T01:33:12","guid":{"rendered":"https:\/\/www.europesays.com\/fr\/348920\/"},"modified":"2025-08-28T01:33:12","modified_gmt":"2025-08-28T01:33:12","slug":"les-elections-se-tiendront-les-15-et-22-mars-2026","status":"publish","type":"post","link":"https:\/\/www.europesays.com\/fr\/348920\/","title":{"rendered":"les \u00e9lections se tiendront les 15 et 22 mars 2026"},"content":{"rendered":"<p><strong>Le calendrier est officiel et d\u00e9finitif.<\/strong> Malgr\u00e9 l&rsquo;instabilit\u00e9 politique actuelle, <strong>les \u00e9lections municipales se tiendront les 15 et 22 mars 2026 \u00e0 <\/strong><a href=\"https:\/\/lopinion.com\/\" rel=\"noopener noreferrer nofollow\" target=\"_blank\"><strong>Toulouse<\/strong><\/a><strong> et dans les 34.874 autres communes de France<\/strong>, a annonc\u00e9, ce mercredi 27 ao\u00fbt, la porte-parole du gouvernement, Sophie Primas, \u00e0 l\u2019issue du Conseil des ministres.\u00a0<\/p>\n<p>Le ministre de l&rsquo;Int\u00e9rieur, Bruno Retailleau, a effectivement pr\u00e9sent\u00e9 un d\u00e9cret fixant ces dates en Conseil des ministres, a-t-elle pr\u00e9cis\u00e9.<\/p>\n<p>Le mode de scrutin \u00e9volue dans certaines villes de France<\/p>\n<p>Si Toulouse est \u00e9pargn\u00e9e par les nouveaut\u00e9s, <strong>le mode de scrutin \u00e9volue dans de nombreuses communes<\/strong>. <\/p>\n<p>En effet, les modalit\u00e9s du vote pour les \u00e9lections municipales changent dans les communes de moins de 1.000\u00a0habitants\u00a0et des \u00e9volutions ont \u00e9galement lieu \u00e0 <strong>Paris, Lyon et Marseille<\/strong>.<\/p>\n<p>\u00ab\u00a0D\u00e9sormais, dans les communes de moins de 1.000 habitants, lors des \u00e9lections municipales, il sera appliqu\u00e9 le m\u00eame mode de scrutin que dans les autres villes. Il s\u2019agit d\u2019un scrutin de liste proportionnel et paritaire, \u00e0 deux\u00a0tours.\u00a0\u00bb, explique le site du service public.<\/p>\n<p>Concernant les trois grandes villes de France cit\u00e9es plus haut, lors des \u00e9lections municipales, les habitants seront invit\u00e9s \u00e0 participer \u00e0 <strong>deux scrutins <\/strong>(ils auront lieu le m\u00eame jour) :\u00a0<\/p>\n<ul>\n<li>Un scrutin\u00a0<strong>pour \u00e9lire les conseillers d\u2019arrondissement<\/strong>\u00a0(\u00e0 Paris et \u00e0 Lyon)\u00a0<strong>ou de secteur<\/strong>\u00a0(\u00e0 Marseille) ;<\/li>\n<li>Un scrutin\u00a0<strong>pour \u00e9lire les conseillers municipaux (\u00e0 Lyon et \u00e0 Marseille), ou les membres du Conseil de Paris<\/strong>. Ceux qui sont \u00e9lus voteront ensuite pour d\u00e9signer le maire de la ville.<\/li>\n<\/ul>\n<p>C&rsquo;est donc \u00e0 la mi-mars que les quelque 35.000 maires sortants de l&rsquo;Hexagone, dont <a href=\"https:\/\/lopinion.com\/articles\/politique\/30009_rentree-scolaire-mesures-prises-mairie-toulouse-enfants\" rel=\"noopener noreferrer nofollow\" target=\"_blank\">Jean-Luc Moudenc<\/a>, remettront leur \u00e9charpe tricolore en jeu.<\/p>\n<p>&gt;&gt; \u00c0 LIRE AUSSI : <a href=\"https:\/\/lopinion.com\/articles\/politique\/30019_elections-legislatives-partielles-deplacement-bureaux-vote-tarn-garonne\" rel=\"noopener noreferrer nofollow\" target=\"_blank\">\u00c9lections l\u00e9gislatives partielles dans le Tarn-et-Garonne : certains bureaux de vote d\u00e9plac\u00e9s \u00e0 Montauban<\/a><\/p>\n","protected":false},"excerpt":{"rendered":"Le calendrier est officiel et d\u00e9finitif. Malgr\u00e9 l&rsquo;instabilit\u00e9 politique actuelle, les \u00e9lections municipales se tiendront les 15 et&hellip;\n","protected":false},"author":2,"featured_media":348921,"comment_status":"","ping_status":"","sticky":false,"template":"","format":"standard","meta":{"footnotes":""},"categories":[2816],"tags":[1111,11,1777,674,1011,27,12,2680,25,2312],"class_list":{"0":"post-348920","1":"post","2":"type-post","3":"status-publish","4":"format-standard","5":"has-post-thumbnail","7":"category-toulouse","8":"tag-actu","9":"tag-actualites","10":"tag-eu","11":"tag-europe","12":"tag-fr","13":"tag-france","14":"tag-news","15":"tag-occitanie","16":"tag-republique-francaise","17":"tag-toulouse"},"share_on_mastodon":{"url":"https:\/\/pubeurope.com\/@fr\/115103819628584786","error":""},"_links":{"self":[{"href":"https:\/\/www.europesays.com\/fr\/wp-json\/wp\/v2\/posts\/348920","targetHints":{"allow":["GET"]}}],"collection":[{"href":"https:\/\/www.europesays.com\/fr\/wp-json\/wp\/v2\/posts"}],"about":[{"href":"https:\/\/www.europesays.com\/fr\/wp-json\/wp\/v2\/types\/post"}],"author":[{"embeddable":true,"href":"https:\/\/www.europesays.com\/fr\/wp-json\/wp\/v2\/users\/2"}],"replies":[{"embeddable":true,"href":"https:\/\/www.europesays.com\/fr\/wp-json\/wp\/v2\/comments?post=348920"}],"version-history":[{"count":0,"href":"https:\/\/www.europesays.com\/fr\/wp-json\/wp\/v2\/posts\/348920\/revisions"}],"wp:featuredmedia":[{"embeddable":true,"href":"https:\/\/www.europesays.com\/fr\/wp-json\/wp\/v2\/media\/348921"}],"wp:attachment":[{"href":"https:\/\/www.europesays.com\/fr\/wp-json\/wp\/v2\/media?parent=348920"}],"wp:term":[{"taxonomy":"category","embeddable":true,"href":"https:\/\/www.europesays.com\/fr\/wp-json\/wp\/v2\/categories?post=348920"},{"taxonomy":"post_tag","embeddable":true,"href":"https:\/\/www.europesays.com\/fr\/wp-json\/wp\/v2\/tags?post=348920"}],"curies":[{"name":"wp","href":"https:\/\/api.w.org\/{rel}","templated":true}]}}