{"id":348924,"date":"2025-08-28T01:35:22","date_gmt":"2025-08-28T01:35:22","guid":{"rendered":"https:\/\/www.europesays.com\/fr\/348924\/"},"modified":"2025-08-28T01:35:22","modified_gmt":"2025-08-28T01:35:22","slug":"7-idees-sorties-sympa-pour-ce-week-end-29-au-31-aout","status":"publish","type":"post","link":"https:\/\/www.europesays.com\/fr\/348924\/","title":{"rendered":"7 id\u00e9es sorties sympa pour ce week-end (29 au 31 ao\u00fbt)"},"content":{"rendered":"<p class=\"intro\">Ah, la fin d&rsquo;ao\u00fbt \u00e0 Lille\u00a0! Entre les derniers rayons d&rsquo;\u00e9t\u00e9 et la rentr\u00e9e qui pointe le bout de son nez, ce week-end du 29 au 31 ao\u00fbt s&rsquo;annonce particuli\u00e8rement riche en d\u00e9couvertes. Que vous soyez amateur de sensations fortes, passionn\u00e9 de culture ou simplement en qu\u00eate d&rsquo;un bon moment en famille, la m\u00e9tropole lilloise et ses environs ont de quoi satisfaire toutes les envies. De la grande foire traditionnelle aux concerts intimistes \u00e0 la bougie, en passant par l&rsquo;humour d\u00e9cal\u00e9 et les sorties culturelles, voici 7 id\u00e9es pour profiter pleinement de ce dernier week-end d&rsquo;ao\u00fbt.<\/p>\n<p class=\"mise_en_avant\"><strong>Pr\u00e9visions m\u00e9t\u00e9o ce week-end\u00a0:<\/strong> Pr\u00e9parez vos parapluies\u00a0! Le vendredi 29 ao\u00fbt annonce 16\u00b0C avec de la pluie mod\u00e9r\u00e9e, suivi d&rsquo;un samedi 30 ao\u00fbt plus cl\u00e9ment \u00e0 23\u00b0C malgr\u00e9 une l\u00e9g\u00e8re pluie. Le dimanche 31 ao\u00fbt s&rsquo;am\u00e9liorera avec 21\u00b0C et un ciel partiellement nuageux.<\/p>\n<p>1\/ [Coup de \u2764\ufe0f JDS] Foire aux Man\u00e8ges de Lille 2025 &#8211; L&rsquo;incontournable rendez-vous festif<\/p>\n<p>La <a href=\"https:\/\/www.jds.fr\/lille\/manifestations\/fete-foraine\/foire-aux-maneges-de-lille-177809_A\" rel=\"nofollow noopener\" target=\"_blank\">[Coup de \u2764\ufe0f JDS] Foire aux Man\u00e8ges de Lille 2025<\/a> fait son grand retour sur l&rsquo;Esplanade du Champ de Mars\u00a0! \ud83c\udfa2 Avec son nouveau Grand 8 promettant des sensations fortes, ses auto-tamponneuses mythiques et ses nouveaut\u00e9s comme le Pouss-pouss et le Roller coaster\u00a0\u00ab\u00a0Taxi driver\u00a0\u00bb, cette \u00e9dition 2025 s&rsquo;annonce particuli\u00e8rement riche en \u00e9motions. Un incontournable qui conjugue tradition foraine et innovations pour le plaisir des petits et grands.<\/p>\n<p>\ud83d\udca1 <strong>Notre conseil\u00a0:<\/strong> Profitez de la journ\u00e9e promotionnelle du samedi 30 ao\u00fbt avec l&rsquo;offre 1 tour achet\u00e9 = 1 tour offert dans les attractions participantes\u00a0!<\/p>\n<p>\ud83d\udccd Esplanade du Champ de Mars | Lille<br \/>\ud83d\udcc5 Du 30\/08\/2025 au 28\/09\/2025<\/p>\n<p class=\"mise_en_avant\">\ud83d\udc49 <a href=\"https:\/\/www.jds.fr\/lille\/manifestations\/fete-foraine\/foire-aux-maneges-de-lille-177809_A\" rel=\"nofollow noopener\" target=\"_blank\">[Coup de \u2764\ufe0f JDS] Foire aux Man\u00e8ges de Lille 2025\u00a0: toutes les informations<\/a><\/p>\n<p><a data-lightbox=\"article\" data-title=\"Le Crazy Mouse, une attraction \u00e0 sensation \u00a9 Christophe Pasquet\" class=\"image detail fullwidth\" href=\"https:\/\/www.jds.fr\/medias\/image\/foire-aux-maneges-de-lille-414776-1200-0-F.webp\" title=\"Le Crazy Mouse, une attraction \u00e0 sensation \u00a9 Christophe Pasquet\" rel=\"nofollow noopener\" target=\"_blank\"><br \/>\n<img decoding=\"async\" loading=\"lazy\" src=\"https:\/\/www.europesays.com\/fr\/wp-content\/uploads\/2025\/08\/foire-aux-maneges-de-lille-414776-1200-0.webp.webp\"   alt=\"Le Crazy Mouse, une attraction \u00e0 sensation\" class=\"shortcode_image border\"\/><br \/>\n\u00a9 Christophe Pasquet<br \/>\nLe Crazy Mouse, une attraction \u00e0 sensation<br \/>\n<\/a><\/p>\n<p>2\/ Tom Boudet vous dit quoi &#8211; L&rsquo;humour au service de l&rsquo;introspection<\/p>\n<p>L&rsquo;humoriste lillois <a href=\"https:\/\/www.jds.fr\/lille\/spectacles\/humour\/tom-boudet-vous-dit-quoi-342539_A\" rel=\"nofollow noopener\" target=\"_blank\">Tom Boudet vous dit quoi au Spotlight \u00e0 Lille<\/a> le samedi 30 ao\u00fbt\u00a0! \ud83c\udfad Dans ce spectacle de stand-up, Tom partage ses introspections touchantes sur l&rsquo;enfance, la vingtaine et la vieillesse \u00e0 travers des observations aiguis\u00e9es et des personnages absurdes. Un moment d&rsquo;humour intelligent qui r\u00e9sonne avec toutes les g\u00e9n\u00e9rations.<\/p>\n<p>\ud83d\udca1 <strong>Notre conseil\u00a0:<\/strong> Arrivez un peu en avance pour profiter de l&rsquo;ambiance intimiste du Spotlight et choisir les meilleures places\u00a0!<\/p>\n<p>\ud83d\udccd Le Spotlight | Lille<br \/>\ud83d\udcc5 Le 30\/08\/2025<\/p>\n<p class=\"mise_en_avant\">\ud83d\udc49 <a href=\"https:\/\/www.jds.fr\/lille\/spectacles\/humour\/tom-boudet-vous-dit-quoi-342539_A\" rel=\"nofollow noopener\" target=\"_blank\">Tom Boudet vous dit quoi\u00a0: toutes les informations<\/a><\/p>\n<p><a class=\"btn btn-lg shadow-lg btn-primary rounded-pill fnac_link\" data-fnac=\"in_article\" href=\"https:\/\/www.awin1.com\/pclick.php?p=40818601543&amp;a=634278&amp;m=12494&amp;clickref=in_article-A-desktop\" target=\"_blank\" rel=\"nofollow noopener\"> Acheter des billets<\/a><\/p>\n<p>3\/ Smallicieux &#8211; la Cit\u00e9 des Enfants de Lillenium &#8211; L&rsquo;aventure familiale parfaite<\/p>\n<p><a href=\"https:\/\/www.jds.fr\/lille\/sorties-famille\/smallicieux-la-cite-des-enfants-de-lillenium-1047723_A\" rel=\"nofollow noopener\" target=\"_blank\">Smallicieux &#8211; la Cit\u00e9 des Enfants de Lillenium \u00e0 Lille<\/a> propose 1000m\u00b2 d&rsquo;activit\u00e9s d\u00e9di\u00e9es aux 2-12 ans\u00a0! \ud83c\udfaa Jeux d&rsquo;eau, machines \u00e0 boules, studio d&rsquo;effets sp\u00e9ciaux, chantier de construction&#8230; tout est con\u00e7u pour stimuler cr\u00e9ativit\u00e9 et apprentissage par le jeu. Un concept \u00e9ducatif inspir\u00e9 de la Cit\u00e9 des sciences parisienne, parfait pour une sortie famille enrichissante.<\/p>\n<p>\ud83d\udca1 <strong>Notre conseil\u00a0:<\/strong> Optez pour le billet journ\u00e9e du week-end (10h-19h) pour profiter pleinement de toutes les activit\u00e9s sans contrainte de temps\u00a0!<\/p>\n<p>\ud83d\udccd Smallicieux &#8211; La Cit\u00e9 des Enfants | Lille<br \/>\ud83d\udcc5 Du 27\/08\/2025 au 31\/08\/2025<\/p>\n<p class=\"mise_en_avant\">\ud83d\udc49 <a href=\"https:\/\/www.jds.fr\/lille\/sorties-famille\/smallicieux-la-cite-des-enfants-de-lillenium-1047723_A\" rel=\"nofollow noopener\" target=\"_blank\">Smallicieux &#8211; la Cit\u00e9 des Enfants de Lillenium\u00a0: toutes les informations<\/a><\/p>\n<p><a class=\"btn btn-lg shadow-lg btn-primary rounded-pill fnac_link\" data-fnac=\"in_article\" href=\"https:\/\/www.awin1.com\/pclick.php?p=41629512092&amp;a=634278&amp;m=12494&amp;clickref=in_article-A-desktop\" target=\"_blank\" rel=\"nofollow noopener\"> Acheter des billets<\/a><\/p>\n<p>4\/ Billet coupe-file pour la Villa Cavrois &#8211; Plong\u00e9e dans l&rsquo;art d\u00e9co moderniste<\/p>\n<p>D\u00e9couvrez la <a href=\"https:\/\/www.jds.fr\/lille\/manifestations\/billet-coupe-file-pour-la-villa-cavrois-1130164_A\" rel=\"nofollow noopener\" target=\"_blank\">Villa Cavrois \u00e0 Croix<\/a>, joyau architectural de Mallet-Stevens parfaitement restaur\u00e9\u00a0! \ud83c\udfdb\ufe0f Cette merveille moderniste des ann\u00e9es 1930 vous plonge dans l&rsquo;histoire fascinante de la famille Cavrois et r\u00e9v\u00e8le les secrets de leur mode de vie d&rsquo;exception. Une escapade culturelle intemporelle \u00e0 quelques minutes de Lille.<\/p>\n<p>\ud83d\udca1 <strong>Notre conseil\u00a0:<\/strong> N&rsquo;oubliez pas de r\u00e9server votre cr\u00e9neau horaire sur le site officiel apr\u00e8s l&rsquo;achat de votre billet coupe-file pour \u00e9viter toute d\u00e9convenue\u00a0!<\/p>\n<p>\ud83d\udccd Villa Cavrois | Croix<br \/>\ud83d\udcc5 Du 27\/08\/2025 au 19\/10\/2025<\/p>\n<p class=\"mise_en_avant\">\ud83d\udc49 <a href=\"https:\/\/www.jds.fr\/lille\/manifestations\/billet-coupe-file-pour-la-villa-cavrois-1130164_A\" rel=\"nofollow noopener\" target=\"_blank\">Billet coupe-file pour la Villa Cavrois\u00a0: toutes les informations<\/a><\/p>\n<p><a class=\"btn btn-lg shadow-lg btn-primary rounded-pill fnac_link\" data-fnac=\"in_article\" href=\"https:\/\/pdt.tradedoubler.com\/click?a(3419081)p(354825)product(103801-141528)ttid(3)url(https%3A%2F%2Ffeverup.com%2Fm%2F141528)&amp;clickref=in_article-A-desktop\" target=\"_blank\" rel=\"nofollow noopener\"> Acheter des billets<\/a><\/p>\n<p><a data-lightbox=\"article\" data-title=\" DR\" class=\"image detail fullwidth\" href=\"https:\/\/www.jds.fr\/medias\/image\/billet-coupe-file-pour-la-villa-cavrois-696232-1200-0-F.webp\" title=\" DR\" rel=\"nofollow noopener\" target=\"_blank\"><br \/>\n<img decoding=\"async\" loading=\"lazy\" src=\"https:\/\/www.europesays.com\/fr\/wp-content\/uploads\/2025\/08\/billet-coupe-file-pour-la-villa-cavrois-696232-1200-0.webp.webp\"   alt=\"Billet coupe-file pour la Villa Cavrois\" class=\"shortcode_image border\"\/><br \/>\n\u00a9 DR<br \/>\n<\/a><\/p>\n<p>5\/ L&rsquo;Espace Comedy Club &#8211; Stand-up \u00e0 l&rsquo;am\u00e9ricaine au c\u0153ur de Lille<\/p>\n<p>Vivez l&rsquo;exp\u00e9rience authentique du <a href=\"https:\/\/www.jds.fr\/lille\/spectacles\/humour\/l-espace-comedy-club-la-scene-du-stand-up-phare-a-lille-1097575_A\" rel=\"nofollow noopener\" target=\"_blank\">Comedy Club \u00e0 l&rsquo;Espace Com\u00e9die de Lille<\/a>\u00a0! \ud83c\udfa4 Dans cette ambiance d&rsquo;inspiration new-yorkaise, des humoristes confirm\u00e9s se succ\u00e8dent pour une heure de pur stand-up avec programmation surprise. L&rsquo;adresse incontournable pour d\u00e9couvrir les talents qui montent dans une atmosph\u00e8re intimiste et survolt\u00e9e.<\/p>\n<p>\ud83d\udca1 <strong>Notre conseil\u00a0:<\/strong> La programmation \u00e9tant secr\u00e8te, chaque soir\u00e9e est unique &#8211; parfait pour les amateurs de surprises et de d\u00e9couvertes\u00a0!<\/p>\n<p>\ud83d\udccd L&rsquo;Espace Com\u00e9die | Lille<br \/>\ud83d\udcc5 Du 27\/08\/2025 au 27\/06\/2026<\/p>\n<p class=\"mise_en_avant\">\ud83d\udc49 <a href=\"https:\/\/www.jds.fr\/lille\/spectacles\/humour\/l-espace-comedy-club-la-scene-du-stand-up-phare-a-lille-1097575_A\" rel=\"nofollow noopener\" target=\"_blank\">L&rsquo;Espace Comedy Club &#8211;  la Sc\u00e8ne du Stand Up Phare \u00e0 Lille\u00a0: toutes les informations<\/a><\/p>\n<p><a class=\"btn btn-lg shadow-lg btn-primary rounded-pill fnac_link\" data-fnac=\"in_article\" href=\"https:\/\/www.awin1.com\/pclick.php?p=42200493607&amp;a=634278&amp;m=12494&amp;clickref=in_article-A-desktop\" target=\"_blank\" rel=\"nofollow noopener\"> Acheter des billets<\/a><\/p>\n<p>6\/ C&rsquo;Est D\u00e9cid\u00e9, Je Deviens&#8230; Une Connasse\u00a0! &#8211; Com\u00e9die d\u00e9cal\u00e9e \u00e0 la lilloise<\/p>\n<p><a href=\"https:\/\/www.jds.fr\/lille\/spectacles\/humour\/c-est-decide-je-deviens-une-connasse-la-comedie-de-lille-690317_A\" rel=\"nofollow noopener\" target=\"_blank\">C&rsquo;Est D\u00e9cid\u00e9, Je Deviens&#8230; Une Connasse\u00a0! \u00e0 la Com\u00e9die de Lille<\/a> met en sc\u00e8ne Dolor\u00e8s, timide et distingu\u00e9e, qui d\u00e9cide de changer radicalement\u00a0! \ud83d\ude04 Avec l&rsquo;aide d&rsquo;Alex, dragueur imp\u00e9nitent, elle veut devenir une parfaite femme imbuvable pour attirer l&rsquo;attention de ces messieurs. Une com\u00e9die pleine de rebondissements et d&rsquo;humour d\u00e9cal\u00e9 sign\u00e9e Elise Ponti.<\/p>\n<p>\ud83d\udca1 <strong>Notre conseil\u00a0:<\/strong> Un spectacle parfait pour une soir\u00e9e entre amis, l&rsquo;humour grin\u00e7ant et les situations cocasses garantissent de francs \u00e9clats de rire\u00a0!<\/p>\n<p>\ud83d\udccd Com\u00e9die de Lille | Lille<br \/>\ud83d\udcc5 Du 28\/08\/2025 au 18\/04\/2026<\/p>\n<p class=\"mise_en_avant\">\ud83d\udc49 <a href=\"https:\/\/www.jds.fr\/lille\/spectacles\/humour\/c-est-decide-je-deviens-une-connasse-la-comedie-de-lille-690317_A\" rel=\"nofollow noopener\" target=\"_blank\">C&rsquo;Est D\u00e9cid\u00e9, Je Deviens&#8230; Une Connasse\u00a0! &#8211; la Com\u00e9die de Lille\u00a0: toutes les informations<\/a><\/p>\n<p><a class=\"btn btn-lg shadow-lg btn-primary rounded-pill fnac_link\" data-fnac=\"in_article\" href=\"https:\/\/www.awin1.com\/pclick.php?p=42075693724&amp;a=634278&amp;m=12494&amp;clickref=in_article-A-desktop\" target=\"_blank\" rel=\"nofollow noopener\"> Acheter des billets<\/a><\/p>\n<p>7\/ Candlelight\u00a0: Hommage \u00e0 Johnny Hallyday &#8211; Concert magique aux chandelles<\/p>\n<p>Vivez une exp\u00e9rience musicale unique avec <a href=\"https:\/\/www.jds.fr\/lille\/concerts\/candlelight-hommage-a-johnny-hallyday-1027824_A\" rel=\"nofollow noopener\" target=\"_blank\">Candlelight\u00a0: Hommage \u00e0 Johnny Hallyday \u00e0 l&rsquo;\u00c9glise Saint \u00c9tienne de Lille<\/a>\u00a0! \ud83d\udd6f\ufe0f Dans ce cadre intimiste \u00e9clair\u00e9 \u00e0 la bougie, un quatuor \u00e0 cordes revisite les plus grands tubes du rockeur fran\u00e7ais\u00a0:\u00a0\u00ab\u00a0Allumer le feu\u00a0\u00bb,\u00a0\u00ab\u00a0Que je t&rsquo;aime\u00a0\u00bb,\u00a0\u00ab\u00a0Gabrielle\u00a0\u00bb&#8230; Une soir\u00e9e \u00e9motionnelle d&rsquo;une heure qui rend un hommage po\u00e9tique au Taulier.<\/p>\n<p>\ud83d\udca1 <strong>Notre conseil\u00a0:<\/strong> Arrivez 30 minutes avant le d\u00e9but du concert, les places \u00e9tant attribu\u00e9es par ordre d&rsquo;arriv\u00e9e selon votre cat\u00e9gorie &#8211; et les retards ne sont pas accept\u00e9s\u00a0!<\/p>\n<p>\ud83d\udccd \u00c9glise Saint \u00c9tienne | Lille<br \/>\ud83d\udcc5 Du 29\/08\/2025 au 26\/09\/2025<\/p>\n<p class=\"mise_en_avant\">\ud83d\udc49 <a href=\"https:\/\/www.jds.fr\/lille\/concerts\/candlelight-hommage-a-johnny-hallyday-1027824_A\" rel=\"nofollow noopener\" target=\"_blank\">Candlelight\u00a0: Hommage \u00e0 Johnny Hallyday\u00a0: toutes les informations<\/a><\/p>\n<p><a class=\"btn btn-lg shadow-lg btn-primary rounded-pill fnac_link\" data-fnac=\"in_article\" href=\"https:\/\/pdt.tradedoubler.com\/click?a(3419081)p(354825)product(103801-361340)ttid(3)url(https%3A%2F%2Ffeverup.com%2Fm%2F361340)&amp;clickref=in_article-A-desktop\" target=\"_blank\" rel=\"nofollow noopener\"> Acheter des billets<\/a><\/p>\n<p><a data-lightbox=\"article\" data-title=\" DR\" class=\"image detail fullwidth\" href=\"https:\/\/www.jds.fr\/medias\/image\/candlelight-hommage-a-johnny-hallyday-641403-1200-0-F.webp\" title=\" DR\" rel=\"nofollow noopener\" target=\"_blank\"><br \/>\n<img decoding=\"async\" loading=\"lazy\" src=\"https:\/\/www.europesays.com\/fr\/wp-content\/uploads\/2025\/08\/candlelight-hommage-a-johnny-hallyday-641403-1200-0.webp.webp\"   alt=\"Candlelight : Hommage \u00e0 Johnny Hallyday\" class=\"shortcode_image border\"\/><br \/>\n\u00a9 DR<br \/>\n<\/a><\/p>\n<p>Date de publication : le 27\/08\/2025.<\/p>\n<p class=\"font-size-30 fw-bold lh-1 mt-0 mb-4\">Je trouve les meilleures sorties dans ma ville<\/p>\n","protected":false},"excerpt":{"rendered":"Ah, la fin d&rsquo;ao\u00fbt \u00e0 Lille\u00a0! Entre les derniers rayons d&rsquo;\u00e9t\u00e9 et la rentr\u00e9e qui pointe le bout&hellip;\n","protected":false},"author":2,"featured_media":348925,"comment_status":"","ping_status":"","sticky":false,"template":"","format":"standard","meta":{"footnotes":""},"categories":[2815],"tags":[1111,11,1777,674,1011,27,811,1307,12,25],"class_list":{"0":"post-348924","1":"post","2":"type-post","3":"status-publish","4":"format-standard","5":"has-post-thumbnail","7":"category-lille","8":"tag-actu","9":"tag-actualites","10":"tag-eu","11":"tag-europe","12":"tag-fr","13":"tag-france","14":"tag-hauts-de-france","15":"tag-lille","16":"tag-news","17":"tag-republique-francaise"},"share_on_mastodon":{"url":"https:\/\/pubeurope.com\/@fr\/115103827575499063","error":""},"_links":{"self":[{"href":"https:\/\/www.europesays.com\/fr\/wp-json\/wp\/v2\/posts\/348924","targetHints":{"allow":["GET"]}}],"collection":[{"href":"https:\/\/www.europesays.com\/fr\/wp-json\/wp\/v2\/posts"}],"about":[{"href":"https:\/\/www.europesays.com\/fr\/wp-json\/wp\/v2\/types\/post"}],"author":[{"embeddable":true,"href":"https:\/\/www.europesays.com\/fr\/wp-json\/wp\/v2\/users\/2"}],"replies":[{"embeddable":true,"href":"https:\/\/www.europesays.com\/fr\/wp-json\/wp\/v2\/comments?post=348924"}],"version-history":[{"count":0,"href":"https:\/\/www.europesays.com\/fr\/wp-json\/wp\/v2\/posts\/348924\/revisions"}],"wp:featuredmedia":[{"embeddable":true,"href":"https:\/\/www.europesays.com\/fr\/wp-json\/wp\/v2\/media\/348925"}],"wp:attachment":[{"href":"https:\/\/www.europesays.com\/fr\/wp-json\/wp\/v2\/media?parent=348924"}],"wp:term":[{"taxonomy":"category","embeddable":true,"href":"https:\/\/www.europesays.com\/fr\/wp-json\/wp\/v2\/categories?post=348924"},{"taxonomy":"post_tag","embeddable":true,"href":"https:\/\/www.europesays.com\/fr\/wp-json\/wp\/v2\/tags?post=348924"}],"curies":[{"name":"wp","href":"https:\/\/api.w.org\/{rel}","templated":true}]}}