{"id":348926,"date":"2025-08-28T01:36:26","date_gmt":"2025-08-28T01:36:26","guid":{"rendered":"https:\/\/www.europesays.com\/fr\/348926\/"},"modified":"2025-08-28T01:36:26","modified_gmt":"2025-08-28T01:36:26","slug":"hamza-igamane-glasgow-rangers-arrive-a-lille","status":"publish","type":"post","link":"https:\/\/www.europesays.com\/fr\/348926\/","title":{"rendered":"Hamza Igamane (Glasgow Rangers) arrive \u00e0 Lille !"},"content":{"rendered":"<p>\n\t\t\t\t\t Tout est quasiment r\u00e9gl\u00e9 pour le transfert de Hamza Igamane au LOSC en cette fin de mercato ! Selon plusieurs m\u00e9dias \u00e9cossais, Lille et les Glasgow Rangers seraient sur le point de conclure un accord aux alentours des 12 millions d&rsquo;euros pour l&rsquo;attaquant international marocain de 22 ans. Si le discours d&rsquo;Olivier L\u00e9tang avait rapidement convaincu Hamza Igamane de signer chez les Dogues, le LOSC aura su faire preuve de patience sur ce dossier pour finalement faire craquer les Glasgow Rangers. Une bonne nouvelle pour Bruno Genesio qui avait r\u00e9clam\u00e9 la venue d&rsquo;un nouvel attaquant \u00e0 Lille, en plus d&rsquo;Olivier Giroud. La saison derni\u00e8re, l&rsquo;ancien buteur du FAR Rabat aura totalis\u00e9 16 buts et 3 passes d\u00e9cisives toutes comp\u00e9titions confondues.\n\t\t\t\t <\/p>\n","protected":false},"excerpt":{"rendered":"Tout est quasiment r\u00e9gl\u00e9 pour le transfert de Hamza Igamane au LOSC en cette fin de mercato !&hellip;\n","protected":false},"author":2,"featured_media":348927,"comment_status":"","ping_status":"","sticky":false,"template":"","format":"standard","meta":{"footnotes":""},"categories":[2815],"tags":[1111,11,1777,674,1011,27,811,1307,12,25],"class_list":{"0":"post-348926","1":"post","2":"type-post","3":"status-publish","4":"format-standard","5":"has-post-thumbnail","7":"category-lille","8":"tag-actu","9":"tag-actualites","10":"tag-eu","11":"tag-europe","12":"tag-fr","13":"tag-france","14":"tag-hauts-de-france","15":"tag-lille","16":"tag-news","17":"tag-republique-francaise"},"share_on_mastodon":{"url":"https:\/\/pubeurope.com\/@fr\/115103831550133251","error":""},"_links":{"self":[{"href":"https:\/\/www.europesays.com\/fr\/wp-json\/wp\/v2\/posts\/348926","targetHints":{"allow":["GET"]}}],"collection":[{"href":"https:\/\/www.europesays.com\/fr\/wp-json\/wp\/v2\/posts"}],"about":[{"href":"https:\/\/www.europesays.com\/fr\/wp-json\/wp\/v2\/types\/post"}],"author":[{"embeddable":true,"href":"https:\/\/www.europesays.com\/fr\/wp-json\/wp\/v2\/users\/2"}],"replies":[{"embeddable":true,"href":"https:\/\/www.europesays.com\/fr\/wp-json\/wp\/v2\/comments?post=348926"}],"version-history":[{"count":0,"href":"https:\/\/www.europesays.com\/fr\/wp-json\/wp\/v2\/posts\/348926\/revisions"}],"wp:featuredmedia":[{"embeddable":true,"href":"https:\/\/www.europesays.com\/fr\/wp-json\/wp\/v2\/media\/348927"}],"wp:attachment":[{"href":"https:\/\/www.europesays.com\/fr\/wp-json\/wp\/v2\/media?parent=348926"}],"wp:term":[{"taxonomy":"category","embeddable":true,"href":"https:\/\/www.europesays.com\/fr\/wp-json\/wp\/v2\/categories?post=348926"},{"taxonomy":"post_tag","embeddable":true,"href":"https:\/\/www.europesays.com\/fr\/wp-json\/wp\/v2\/tags?post=348926"}],"curies":[{"name":"wp","href":"https:\/\/api.w.org\/{rel}","templated":true}]}}