{"id":348930,"date":"2025-08-28T01:38:17","date_gmt":"2025-08-28T01:38:17","guid":{"rendered":"https:\/\/www.europesays.com\/fr\/348930\/"},"modified":"2025-08-28T01:38:17","modified_gmt":"2025-08-28T01:38:17","slug":"om-transfert-imminent-il-va-debarquer-a-marseille","status":"publish","type":"post","link":"https:\/\/www.europesays.com\/fr\/348930\/","title":{"rendered":"OM : Transfert imminent, il va d\u00e9barquer \u00e0 Marseille !"},"content":{"rendered":"<p class=\"heading\">Alors que tout le monde se demande ce qu\u2019il en sera du feuilleton Rabiot, l\u2019Olympique de Marseille continue son recrutement en cette fin de mercato. En Espagne on annonce notamment un accord avec le Real Madrid pour Dani Ceballos, mais un autre renfort pourrait \u00e9galement arriver prochainement. <\/p>\n<p>Les derniers jours du mercato s\u2019annoncent bouillants du cot\u00e9 de Marseille. Les dirigeants de l\u2019<strong>OM<\/strong> n\u2019ont toujours pas r\u00e9gl\u00e9 l\u2019avenir d\u2019<strong>Adrien Rabiot<\/strong>, qui a \u00e9t\u00e9 plac\u00e9 sur la liste des transferts et reste donc sur le d\u00e9part. Mais alors qu\u2019il est toujours au club, son rempla\u00e7ant pourrait d\u00e9j\u00e0 d\u00e9barquer. <\/p>\n<p>                                            Ceballos arrive <\/p>\n<p>Double vainqueur de la <strong>Ligue des Champions<\/strong>, <a href=\"https:\/\/le10sport.com\/football\/mercato\/transfert-annule-a-lom-la-presse-espagnole-lache-une-bombe-755832\" rel=\"nofollow noopener\" target=\"_blank\">Dani Ceballos <\/a>est en effet annonc\u00e9 tout proche de rejoindre l\u2019<strong>OM<\/strong>. Il est \u00e9videmment le rempla\u00e7ant de <strong>Rabiot <\/strong>et une signature de l\u2019Espagnol, pourrait donc mettre d\u00e9finitivement un terme aux rumeurs autour d\u2019une r\u00e9conciliation. Mais il pourrait bien ne pas \u00eatre le seul \u00e0 rejoindre le club marseillais ! <\/p>\n<p>                                            Junior Traor\u00e9 aussi ? <\/p>\n<p>D\u2019apr\u00e8s les informations de <strong>Gianluca Di Marzio<\/strong>, l\u2019<strong>OM<\/strong> serait tout proche de trouver un accord avec <strong>Bournemouth<\/strong>, pour le pr\u00eat d\u2019<strong>Hamed Junior Traor\u00e9<\/strong>. Un contrat de cinq ans l\u2019attendrait \u00e0 Marseille et Foot Mercato explique de son c\u00f4t\u00e9 qu\u2019il devrait d\u00e9barquer dans les prochains jours, afin de passer ses visites m\u00e9dicales et boucler l\u2019op\u00e9ration. <\/p>\n","protected":false},"excerpt":{"rendered":"Alors que tout le monde se demande ce qu\u2019il en sera du feuilleton Rabiot, l\u2019Olympique de Marseille continue&hellip;\n","protected":false},"author":2,"featured_media":348931,"comment_status":"","ping_status":"","sticky":false,"template":"","format":"standard","meta":{"footnotes":""},"categories":[2814],"tags":[1111,11,1777,674,1011,27,884,12,882,25],"class_list":{"0":"post-348930","1":"post","2":"type-post","3":"status-publish","4":"format-standard","5":"has-post-thumbnail","7":"category-marseille","8":"tag-actu","9":"tag-actualites","10":"tag-eu","11":"tag-europe","12":"tag-fr","13":"tag-france","14":"tag-marseille","15":"tag-news","16":"tag-provence-alpes-cote-dazur","17":"tag-republique-francaise"},"share_on_mastodon":{"url":"https:\/\/pubeurope.com\/@fr\/115103839225488674","error":""},"_links":{"self":[{"href":"https:\/\/www.europesays.com\/fr\/wp-json\/wp\/v2\/posts\/348930","targetHints":{"allow":["GET"]}}],"collection":[{"href":"https:\/\/www.europesays.com\/fr\/wp-json\/wp\/v2\/posts"}],"about":[{"href":"https:\/\/www.europesays.com\/fr\/wp-json\/wp\/v2\/types\/post"}],"author":[{"embeddable":true,"href":"https:\/\/www.europesays.com\/fr\/wp-json\/wp\/v2\/users\/2"}],"replies":[{"embeddable":true,"href":"https:\/\/www.europesays.com\/fr\/wp-json\/wp\/v2\/comments?post=348930"}],"version-history":[{"count":0,"href":"https:\/\/www.europesays.com\/fr\/wp-json\/wp\/v2\/posts\/348930\/revisions"}],"wp:featuredmedia":[{"embeddable":true,"href":"https:\/\/www.europesays.com\/fr\/wp-json\/wp\/v2\/media\/348931"}],"wp:attachment":[{"href":"https:\/\/www.europesays.com\/fr\/wp-json\/wp\/v2\/media?parent=348930"}],"wp:term":[{"taxonomy":"category","embeddable":true,"href":"https:\/\/www.europesays.com\/fr\/wp-json\/wp\/v2\/categories?post=348930"},{"taxonomy":"post_tag","embeddable":true,"href":"https:\/\/www.europesays.com\/fr\/wp-json\/wp\/v2\/tags?post=348930"}],"curies":[{"name":"wp","href":"https:\/\/api.w.org\/{rel}","templated":true}]}}