{"id":348932,"date":"2025-08-28T01:39:22","date_gmt":"2025-08-28T01:39:22","guid":{"rendered":"https:\/\/www.europesays.com\/fr\/348932\/"},"modified":"2025-08-28T01:39:22","modified_gmt":"2025-08-28T01:39:22","slug":"un-restaurant-et-une-boulangerie-doullins-pierre-benite-fermes-en-urgence-pour-manque-dhygiene","status":"publish","type":"post","link":"https:\/\/www.europesays.com\/fr\/348932\/","title":{"rendered":"Un restaurant et une boulangerie d\u2019Oullins-Pierre-B\u00e9nite ferm\u00e9s en urgence pour manque d\u2019hygi\u00e8ne"},"content":{"rendered":"<p itemprop=\"description\"><strong>\u00ab\u00a0Une menace pour la sant\u00e9 des consommateurs\u00a0\u00bb.<\/strong><\/p>\n<p>La pr\u00e9fecture du Rh\u00f4ne a proc\u00e9d\u00e9 \u00e0 la fermeture d\u2019urgence de deux \u00e9tablissements \u00e0 Oullins-Pierre-B\u00e9nite. Il s\u2019agit du restaurant Mix Food et de la boulangerie-p\u00e2tisserie La Boulang\u2019Epik en raison de manquements graves aux r\u00e8gles d\u2019hygi\u00e8ne et de s\u00e9curit\u00e9 alimentaire.<\/p>\n<p>\u00ab\u00a0Du fait de ces manquements, la poursuite de l\u2019activit\u00e9, dans les conditions constat\u00e9es, constitue une menace pour la sant\u00e9 des consommateurs en raison de la probabilit\u00e9 importante de contaminations et des risques d\u2019intoxication qui en r\u00e9sultent\u00a0\u00bb, indiquent les autorit\u00e9s.<\/p>\n<p>Les mesures de fermeture seront lev\u00e9es d\u00e8s que les \u00e9tablissements respecteront les normes en vigueur.<\/p>\n","protected":false},"excerpt":{"rendered":"\u00ab\u00a0Une menace pour la sant\u00e9 des consommateurs\u00a0\u00bb. La pr\u00e9fecture du Rh\u00f4ne a proc\u00e9d\u00e9 \u00e0 la fermeture d\u2019urgence de&hellip;\n","protected":false},"author":2,"featured_media":348933,"comment_status":"","ping_status":"","sticky":false,"template":"","format":"standard","meta":{"footnotes":""},"categories":[1889],"tags":[1111,11,2813,2190,2430,1109,251,1112,2811,1777,674,118,1011,27,1922,1110,1114,2428,2810,12,241,316,25,2812,517,800],"class_list":{"0":"post-348932","1":"post","2":"type-post","3":"status-publish","4":"format-standard","5":"has-post-thumbnail","7":"category-lyon","8":"tag-actu","9":"tag-actualites","10":"tag-article","11":"tag-asvel","12":"tag-auvergne-rhone-alpes","13":"tag-breves","14":"tag-culture","15":"tag-depeches","16":"tag-economique","17":"tag-eu","18":"tag-europe","19":"tag-faits-divers","20":"tag-fr","21":"tag-france","22":"tag-info","23":"tag-informations","24":"tag-infos","25":"tag-lyon","26":"tag-lyonmag","27":"tag-news","28":"tag-ol","29":"tag-politique","30":"tag-republique-francaise","31":"tag-sociale","32":"tag-sport","33":"tag-transports"},"share_on_mastodon":{"url":"https:\/\/pubeurope.com\/@fr\/115103843208025292","error":""},"_links":{"self":[{"href":"https:\/\/www.europesays.com\/fr\/wp-json\/wp\/v2\/posts\/348932","targetHints":{"allow":["GET"]}}],"collection":[{"href":"https:\/\/www.europesays.com\/fr\/wp-json\/wp\/v2\/posts"}],"about":[{"href":"https:\/\/www.europesays.com\/fr\/wp-json\/wp\/v2\/types\/post"}],"author":[{"embeddable":true,"href":"https:\/\/www.europesays.com\/fr\/wp-json\/wp\/v2\/users\/2"}],"replies":[{"embeddable":true,"href":"https:\/\/www.europesays.com\/fr\/wp-json\/wp\/v2\/comments?post=348932"}],"version-history":[{"count":0,"href":"https:\/\/www.europesays.com\/fr\/wp-json\/wp\/v2\/posts\/348932\/revisions"}],"wp:featuredmedia":[{"embeddable":true,"href":"https:\/\/www.europesays.com\/fr\/wp-json\/wp\/v2\/media\/348933"}],"wp:attachment":[{"href":"https:\/\/www.europesays.com\/fr\/wp-json\/wp\/v2\/media?parent=348932"}],"wp:term":[{"taxonomy":"category","embeddable":true,"href":"https:\/\/www.europesays.com\/fr\/wp-json\/wp\/v2\/categories?post=348932"},{"taxonomy":"post_tag","embeddable":true,"href":"https:\/\/www.europesays.com\/fr\/wp-json\/wp\/v2\/tags?post=348932"}],"curies":[{"name":"wp","href":"https:\/\/api.w.org\/{rel}","templated":true}]}}