{"id":348934,"date":"2025-08-28T01:40:19","date_gmt":"2025-08-28T01:40:19","guid":{"rendered":"https:\/\/www.europesays.com\/fr\/348934\/"},"modified":"2025-08-28T01:40:19","modified_gmt":"2025-08-28T01:40:19","slug":"pres-de-lyon-la-baignade-suspendue-dans-ce-lac-tres-frequente-lete-voici-pourquoi","status":"publish","type":"post","link":"https:\/\/www.europesays.com\/fr\/348934\/","title":{"rendered":"Pr\u00e8s de Lyon. La baignade suspendue dans ce lac tr\u00e8s fr\u00e9quent\u00e9 l&rsquo;\u00e9t\u00e9, voici pourquoi"},"content":{"rendered":"<p>            Par<br \/>\n        <strong><br \/>\n            <a href=\"https:\/\/actu.fr\/auteur\/redaction-lyon\" title=\"Consulter tous les articles de R\u00e9daction Lyon\" target=\"_blank\" rel=\"noopener\">R\u00e9daction Lyon<\/a><br \/>\n        <\/strong><\/p>\n<p>        Publi\u00e9 le<\/p>\n<p>            27 ao\u00fbt 2025 \u00e0 15h54        <\/p>\n<p>Apr\u00e8s un retour <strong>d\u2019analyses de l\u2019Agence r\u00e9gionale de sant\u00e9<\/strong> (ARS), la baignade dans le <a href=\"https:\/\/actu.fr\/auvergne-rhone-alpes\/cublize_69070\/faire-du-velo-sur-l-eau-cette-activite-insolite-a-tester-absolument-pres-de-lyon_63032216.html\" target=\"_blank\" rel=\"noopener\">lac des Sapins<\/a> est temporairement suspendue \u00e0 compter de ce mercredi 27 ao\u00fbt. Situ\u00e9 au nord-ouest du Rh\u00f4ne, \u00e0 1h de <a href=\"https:\/\/actu.fr\/auvergne-rhone-alpes\/lyon_69123\" target=\"_blank\" rel=\"noopener\">Lyon<\/a>, cet endroit est tr\u00e8s fr\u00e9quent\u00e9 l\u2019\u00e9t\u00e9.<\/p>\n<p>    <a href=\"https:\/\/www.google.com\/maps\/embed?pb=!1m18!1m12!1m3!1d1308862.1089952905!2d5.048435476748078!3d45.676063556992695!2m3!1f0!2f0!3f0!3m2!1i1024!2i768!4f13.1!3m3!1m2!1s0x47f470594ac02bb5%3A0xb362396541e5900e!2sLac%20des%20Sapins!5e0!3m2!1sfr!2sfr!4v1756301727595!5m2!1sfr!2sfr\" title=\"Ouvrie le lien\" target=\"_blank\" rel=\"noopener\">Cliquez ici pour visualiser le contenu<\/a><\/p>\n<p>La baignade biologique reste ouverte<\/p>\n<p class=\" wall-content\">Les visiteurs peuvent toujours profiter de<strong> la baignade biologique (entr\u00e9e payante)<\/strong>, qui n\u2019est pas concern\u00e9e par cette d\u00e9cision et demeure donc ouverte au public. Son eau, contr\u00f4l\u00e9e tout aussi r\u00e9guli\u00e8rement par l\u2019ARS, est <strong>purifi\u00e9e naturellement<\/strong> gr\u00e2ce \u00e0 des plantes filtrantes.<\/p>\n<p class=\" wall-content\">Pour rappel, la baignade biologique est ouverte tous les jours de 10h30 \u00e0 19 heures, sauf les lundis et jeudis, de 12h \u00e0 19 heures.<\/p>\n<p class=\" wall-content\"><strong>Elle fermera ses portes pour la saison, ce dimanche 31 ao\u00fbt.<\/strong> Donc profitez-en vite\u2026<\/p>\n<p>Les tarifs du parking baiss\u00e9s<\/p>\n<p class=\" wall-content\">\u00c0 noter que les <strong>tarifs<\/strong> du parking du Lac des Sapins ont \u00e9t\u00e9 am\u00e9nag\u00e9s durant la fermeture.<\/p>\n<p class=\" wall-content\">Ce sont les tarifs basse saison qui seront appliqu\u00e9s : 5 \u20ac \u00e0 partir de 10 heures, 3 \u20ac \u00e0 partir de 13 heures et 2 \u20ac \u00e0 partir de 15 heures.<\/p>\n<p class=\" wall-content\">Personnalisez votre actualit\u00e9 en ajoutant vos villes et m\u00e9dias en favori avec <a href=\"https:\/\/moncompte.actu.fr\" title=\"D\u00e9couvez Mon Actu\" rel=\"nofollow noopener\" data-trk=\"{&quot;cta&quot;:{&quot;action&quot;:&quot;https:\\\/\\\/moncompte.actu.fr&quot;,&quot;category&quot;:&quot;mon compte&quot;,&quot;from&quot;:&quot;article footer&quot;,&quot;name&quot;:&quot;Mon actu&quot;,&quot;type&quot;:&quot;cta&quot;}}\" target=\"_blank\">Mon Actu<\/a>.<\/p>\n","protected":false},"excerpt":{"rendered":"Par R\u00e9daction Lyon Publi\u00e9 le 27 ao\u00fbt 2025 \u00e0 15h54 Apr\u00e8s un retour d\u2019analyses de l\u2019Agence r\u00e9gionale de&hellip;\n","protected":false},"author":2,"featured_media":348935,"comment_status":"","ping_status":"","sticky":false,"template":"","format":"standard","meta":{"footnotes":""},"categories":[1889],"tags":[1111,11,2430,1777,674,1011,27,2428,12,25,71,104,3176],"class_list":{"0":"post-348934","1":"post","2":"type-post","3":"status-publish","4":"format-standard","5":"has-post-thumbnail","7":"category-lyon","8":"tag-actu","9":"tag-actualites","10":"tag-auvergne-rhone-alpes","11":"tag-eu","12":"tag-europe","13":"tag-fr","14":"tag-france","15":"tag-lyon","16":"tag-news","17":"tag-republique-francaise","18":"tag-sante","19":"tag-societe","20":"tag-vacances-scolaires"},"share_on_mastodon":{"url":"https:\/\/pubeurope.com\/@fr\/115103847092221747","error":""},"_links":{"self":[{"href":"https:\/\/www.europesays.com\/fr\/wp-json\/wp\/v2\/posts\/348934","targetHints":{"allow":["GET"]}}],"collection":[{"href":"https:\/\/www.europesays.com\/fr\/wp-json\/wp\/v2\/posts"}],"about":[{"href":"https:\/\/www.europesays.com\/fr\/wp-json\/wp\/v2\/types\/post"}],"author":[{"embeddable":true,"href":"https:\/\/www.europesays.com\/fr\/wp-json\/wp\/v2\/users\/2"}],"replies":[{"embeddable":true,"href":"https:\/\/www.europesays.com\/fr\/wp-json\/wp\/v2\/comments?post=348934"}],"version-history":[{"count":0,"href":"https:\/\/www.europesays.com\/fr\/wp-json\/wp\/v2\/posts\/348934\/revisions"}],"wp:featuredmedia":[{"embeddable":true,"href":"https:\/\/www.europesays.com\/fr\/wp-json\/wp\/v2\/media\/348935"}],"wp:attachment":[{"href":"https:\/\/www.europesays.com\/fr\/wp-json\/wp\/v2\/media?parent=348934"}],"wp:term":[{"taxonomy":"category","embeddable":true,"href":"https:\/\/www.europesays.com\/fr\/wp-json\/wp\/v2\/categories?post=348934"},{"taxonomy":"post_tag","embeddable":true,"href":"https:\/\/www.europesays.com\/fr\/wp-json\/wp\/v2\/tags?post=348934"}],"curies":[{"name":"wp","href":"https:\/\/api.w.org\/{rel}","templated":true}]}}