{"id":348942,"date":"2025-08-28T01:45:24","date_gmt":"2025-08-28T01:45:24","guid":{"rendered":"https:\/\/www.europesays.com\/fr\/348942\/"},"modified":"2025-08-28T01:45:24","modified_gmt":"2025-08-28T01:45:24","slug":"la-decision-prise-par-le-chef-jean-imbert-vise-par-une-enquete-pour-violences-conjugales","status":"publish","type":"post","link":"https:\/\/www.europesays.com\/fr\/348942\/","title":{"rendered":"la d\u00e9cision prise par le chef Jean Imbert, vis\u00e9 par une enqu\u00eate pour violences conjugales"},"content":{"rendered":"<p>            Par<br \/>\n        <strong><br \/>\n            <a href=\"https:\/\/actu.fr\/auteur\/redaction-paris\" title=\"Consulter tous les articles de R\u00e9daction Paris\" rel=\"nofollow noopener\" target=\"_blank\">R\u00e9daction Paris<\/a><br \/>\n        <\/strong><\/p>\n<p>        Publi\u00e9 le<\/p>\n<p>            27 ao\u00fbt 2025 \u00e0 16h22        <\/p>\n<p>\u00ab\u2009Par respect\u2009\u00bb pour ses collaborateurs, Jean Imbert a annonc\u00e9, ce mercredi 27\u00a0ao\u00fbt 2025, se mettre en retrait de ses \u00e9tablissements, \u00ab\u2009le temps que la justice fasse son travail\u2009\u00bb. Le chef du Plaza Ath\u00e9n\u00e9e \u00e0 Paris fait l\u2019objet d\u2019une <a href=\"https:\/\/actu.fr\/ile-de-france\/paris_75056\/paris-giflee-et-sequestree-une-ex-comedienne-porte-plainte-contre-le-chef-jean-imbert-pour-violences_63072873.html\" rel=\"nofollow noopener\" target=\"_blank\">plainte pour violences conjugales<\/a>, d\u00e9pos\u00e9e par Lila Salet, son ex-compagne, samedi 23\u00a0ao\u00fbt 2025.<\/p>\n<p>\u00ab\u2009Le m\u00e9pris, les rabaissements, les silences\u2009\u00bb<\/p>\n<p class=\" wall-content\">Les faits se seraient d\u00e9roul\u00e9s entre\u00a02012 et\u00a02013, \u00e9poque o\u00f9 la jeune femme \u00e9tait com\u00e9dienne. Dans sa plainte, elle \u00e9voque des <strong>gifles r\u00e9currentes<\/strong> et une s\u00e9questration dans un h\u00f4tel.<\/p>\n<p class=\" wall-content\">Ce n\u2019est pas la seule femme ayant eu une relation avec le cuisinier \u00e0 d\u00e9noncer les violences survenues pendant leur histoire. En avril\u00a02025, le magazine <a href=\"https:\/\/www.elle.fr\/Societe\/Les-enquetes\/Exclusif-quatre-ex-compagnes-de-Jean-Imbert-temoignent-de-violences-conjugales-4342334#_=_\" rel=\"nofollow noopener\" target=\"_blank\">ELLE<\/a> publiait le t\u00e9moignage de <strong>quatre de ses anciennes compagnes<\/strong>. Toutes d\u00e9crivent des sch\u00e9mas similaires de violences, physiques et psychologiques, impos\u00e9es par le gagnant de <a href=\"https:\/\/actu.fr\/tag\/top-chef\" rel=\"nofollow noopener\" target=\"_blank\">Top Chef<\/a>.<\/p>\n<p class=\" wall-content\"><a href=\"https:\/\/www.instagram.com\/p\/DNiI2ldMuD3\/embed\" title=\"Ouvrir le lien sur Instagram\" rel=\"nofollow noopener\" target=\"_blank\">Visualiser le contenu sur Instagram<\/a><\/p>\n<p class=\" wall-content\">Plus r\u00e9cemment, le 19\u00a0ao\u00fbt 2025, Alexandra Rosenfeld, Miss France 2006, confiait dans un post Instagram avoir eu le <strong>nez fractur\u00e9<\/strong> apr\u00e8s un coup de t\u00eate port\u00e9 par Jean Imbert. \u00ab\u2009Le m\u00e9pris, les rabaissements, les silences, les mots parfaitement plac\u00e9s pour me faire douter de moi, de ma valeur. Je ne cherche ni lumi\u00e8re ni revanche, mais ce que j\u2019ai v\u00e9cu c\u2019\u00e9tait de la violence\u2009\u00bb, \u00e9crit-elle. Pour l\u2019heure, le chef de 44\u00a0ans nie les faits.<\/p>\n<p class=\" wall-content\">Personnalisez votre actualit\u00e9 en ajoutant vos villes et m\u00e9dias en favori avec <a href=\"https:\/\/moncompte.actu.fr\" title=\"D\u00e9couvez Mon Actu\" rel=\"nofollow noopener\" data-trk=\"{&quot;cta&quot;:{&quot;action&quot;:&quot;https:\\\/\\\/moncompte.actu.fr&quot;,&quot;category&quot;:&quot;mon compte&quot;,&quot;from&quot;:&quot;article footer&quot;,&quot;name&quot;:&quot;Mon actu&quot;,&quot;type&quot;:&quot;cta&quot;}}\" target=\"_blank\">Mon Actu<\/a>.<\/p>\n<p>                    <script async src=\"\/\/www.instagram.com\/embed.js\"><\/script><\/p>\n","protected":false},"excerpt":{"rendered":"Par R\u00e9daction Paris Publi\u00e9 le 27 ao\u00fbt 2025 \u00e0 16h22 \u00ab\u2009Par respect\u2009\u00bb pour ses collaborateurs, Jean Imbert a&hellip;\n","protected":false},"author":2,"featured_media":348943,"comment_status":"","ping_status":"","sticky":false,"template":"","format":"standard","meta":{"footnotes":""},"categories":[1888],"tags":[11,902,1777,674,118,1011,27,12,626,25,798],"class_list":{"0":"post-348942","1":"post","2":"type-post","3":"status-publish","4":"format-standard","5":"has-post-thumbnail","7":"category-paris","8":"tag-actualites","9":"tag-cuisine","10":"tag-eu","11":"tag-europe","12":"tag-faits-divers","13":"tag-fr","14":"tag-france","15":"tag-news","16":"tag-paris","17":"tag-republique-francaise","18":"tag-violences-conjugales"},"share_on_mastodon":{"url":"https:\/\/pubeurope.com\/@fr\/115103866786153940","error":""},"_links":{"self":[{"href":"https:\/\/www.europesays.com\/fr\/wp-json\/wp\/v2\/posts\/348942","targetHints":{"allow":["GET"]}}],"collection":[{"href":"https:\/\/www.europesays.com\/fr\/wp-json\/wp\/v2\/posts"}],"about":[{"href":"https:\/\/www.europesays.com\/fr\/wp-json\/wp\/v2\/types\/post"}],"author":[{"embeddable":true,"href":"https:\/\/www.europesays.com\/fr\/wp-json\/wp\/v2\/users\/2"}],"replies":[{"embeddable":true,"href":"https:\/\/www.europesays.com\/fr\/wp-json\/wp\/v2\/comments?post=348942"}],"version-history":[{"count":0,"href":"https:\/\/www.europesays.com\/fr\/wp-json\/wp\/v2\/posts\/348942\/revisions"}],"wp:featuredmedia":[{"embeddable":true,"href":"https:\/\/www.europesays.com\/fr\/wp-json\/wp\/v2\/media\/348943"}],"wp:attachment":[{"href":"https:\/\/www.europesays.com\/fr\/wp-json\/wp\/v2\/media?parent=348942"}],"wp:term":[{"taxonomy":"category","embeddable":true,"href":"https:\/\/www.europesays.com\/fr\/wp-json\/wp\/v2\/categories?post=348942"},{"taxonomy":"post_tag","embeddable":true,"href":"https:\/\/www.europesays.com\/fr\/wp-json\/wp\/v2\/tags?post=348942"}],"curies":[{"name":"wp","href":"https:\/\/api.w.org\/{rel}","templated":true}]}}