{"id":348946,"date":"2025-08-28T01:47:11","date_gmt":"2025-08-28T01:47:11","guid":{"rendered":"https:\/\/www.europesays.com\/fr\/348946\/"},"modified":"2025-08-28T01:47:11","modified_gmt":"2025-08-28T01:47:11","slug":"simposer-en-moldavie-est-un-moyen-pour-la-russie-de-peser-sur-la-guerre-en-ukraine","status":"publish","type":"post","link":"https:\/\/www.europesays.com\/fr\/348946\/","title":{"rendered":"\u00ab S\u2019imposer en Moldavie est un moyen pour la Russie de peser sur la guerre en Ukraine\u00a0\u00bb\u00a0"},"content":{"rendered":"<p>L\u2019Europe unie face \u00e0 la menace russe. C\u2019est le message que sont venus porter Emmanuel Macron, le chancelier allemand Friedrich Merz et le Premier ministre polonais Donald Tusk, en visite ce mercredi \u00e0 Chisinau, capitale de la Moldavie, \u00e0 l\u2019occasion du 34e anniversaire de l\u2019ind\u00e9pendance de cette ex-r\u00e9publique sovi\u00e9tique, \u00e0 la fronti\u00e8re sud-ouest de l\u2019Ukraine. Les dirigeants de ce qu\u2019on appelle le Triangle de Weimar ont soutenu la pr\u00e9sidente moldave pro-europ\u00e9enne Maia Sandu face \u00e0 la menace d\u2019ing\u00e9rence russe, \u00e0 un mois des \u00e9lections l\u00e9gislatives en Moldavie. Fin juillet, Maia Sandu a accus\u00e9 la Russie de mener \u00ab\u00a0une op\u00e9ration d\u2019ing\u00e9rence sans pr\u00e9c\u00e9dent pour contr\u00f4ler son pays d\u2019ici l\u2019automne\u00a0\u00bb.<\/p>\n<p>Lors de son discours \u00e0 Chisinau, Emmanuel Macron a d\u00e9nonc\u00e9 les manipulations \u00e9lectorales pilot\u00e9es par Moscou. \u00ab\u00a0La propagande du Kremlin nous explique que les Europ\u00e9ens souhaitent prolonger la guerre et que l\u2019Union europ\u00e9enne opprime les peuples. Ce sont des mensonges\u00a0\u00bb. Il a assur\u00e9 un \u00ab\u00a0soutien d\u00e9termin\u00e9 \u00e0 la Moldavie au cours des prochaines \u00e9tapes de son parcours vers l\u2019adh\u00e9sion \u00e0 l\u2019Union europ\u00e9enne\u00a0\u00bb.<\/p>\n<p><b>Entretien avec Florent Parmentier, chercheur sp\u00e9cialiste de la Moldavie, associ\u00e9 au centre de g\u00e9opolitique d\u2019HEC et secr\u00e9taire g\u00e9n\u00e9ral du Cevipof, le centre de recherches de Sciences Po.<\/b><\/p>\n<p><b>Quel est l\u2019objectif des trois dirigeants europ\u00e9ens avec cette visite en Moldavie\u00a0?<\/b><\/p>\n<p>Emmanuel Macron, Friedrich Merz et Donald Tusk sont venus soutenir tr\u00e8s directement le parti pro-europ\u00e9en de la pr\u00e9sidente Maia Sandu, le PAS (Parti Action Solidarit\u00e9), actuellement majoritaire au Parlement moldave, \u00e0 un mois des \u00e9lections l\u00e9gislatives. D\u2019abord pour des raisons r\u00e9gionales. Dans le contexte de la guerre en Ukraine, la Moldavie est un partenaire important de l\u2019Union europ\u00e9enne, et ce pour des raisons historiques. Parmi les 6 anciennes r\u00e9publiques sovi\u00e9tiques ayant conclu en 2009 l\u2019accord de rapprochement avec l\u2019Union europ\u00e9enne dit \u00ab\u00a0partenariat oriental\u00a0\u00bb, la Moldavie est le seul partenaire solide aujourd\u2019hui. Parmi les 5 pays autres signataires, l\u2019Ukraine est fragilis\u00e9e par la guerre qu\u2019on conna\u00eet, la Bi\u00e9lorussie est sous emprise russe, la G\u00e9orgie a d\u00e9sormais un gouvernement pro russe, et l\u2019Arm\u00e9nie et l\u2019Azerba\u00efdjan ne se sont pas vraiment rapproch\u00e9s des int\u00e9r\u00eats europ\u00e9ens.<\/p>\n<p>Et puis du point de vue de la politique int\u00e9rieure moldave, les Europ\u00e9ens souhaitent la victoire du parti de Maia Sandu. En octobre\u00a02024, \u00e0 une semaine de l\u2019\u00e9lection pr\u00e9sidentielle en Moldavie (qui s\u2019est sold\u00e9e par la r\u00e9\u00e9lection de Maia Sandu), la pr\u00e9sidente de la Commission europ\u00e9enne Ursula von\u00a0der\u00a0Leyen \u00e9tait venue dans le pays pour annoncer un soutien \u00e9conomique important de la part de Bruxelles.<\/p>\n<p><b>Une visite d\u2019Emmanuel Macron pour soutenir surtout la lutte contre l\u2019ing\u00e9rence russe\u2026<\/b><\/p>\n<p>Oui depuis des ann\u00e9es, le Kremlin s\u2019est beaucoup investi pour d\u00e9stabiliser le gouvernement pro-europ\u00e9en de Maia Sandu, via les r\u00e9seaux sociaux, la fabrication de fausses nouvelles, l\u2019achat de votes. A cela s\u2019ajoutent les nombreuses visites \u00e0 Moscou de partis moldaves pro russes, pour faire ensuite la promotion aupr\u00e8s des citoyens moldaves du gaz russe peu cher.<\/p>\n<p>Depuis l\u2019ind\u00e9pendance de la Moldavie en 1991, la Russie a toujours \u00e9t\u00e9 pr\u00e9sente dans ce petit pays de 2,6\u00a0millions d\u2019habitants. Des soldats russes d\u2019interposition sont pr\u00e9sents depuis 34 ans \u00e0 l\u2019est du pays dans la r\u00e9gion de Transnistrie. En 2001, le parti pro russe des communistes de Moldavie avait m\u00eame d\u00e9croch\u00e9 une large majorit\u00e9 aux \u00e9lections (71 d\u00e9put\u00e9s sur 101). Il y a 4 ans, la Moldavie importait son gaz exclusivement de Russie.<\/p>\n<p>Mais avec la guerre en Ukraine, Maia Sandu a r\u00e9ussi \u00e0 op\u00e9rer un \u00e9loignement de la Russie, en diversifiant par exemple les approvisionnements \u00e9nerg\u00e9tiques. Mais cela au prix de cons\u00e9quences \u00e9conomiques n\u00e9fastes\u00a0: une inflation forte, une contraction de la richesse nationale produite, ce qui ternit l\u2019image de la pr\u00e9sidente moldave dans l\u2019opinion. A l\u2019approche de ces \u00e9lections, les pr\u00e9occupations des Moldaves sont surtout \u00e9conomiques.<\/p>\n<p><b>Quelle est la r\u00e9ponse du gouvernement moldave pro europ\u00e9en \u00e0 cette ing\u00e9rence russe\u00a0?<\/b><\/p>\n<p>D\u2019abord il s\u2019appuie sur la mission europ\u00e9enne de lutte contre la d\u00e9sinformation. Ensuite il a pris la d\u00e9cision d\u2019interdire le parti pro russe Sor, du nom de l\u2019oligarque Ilan Sor, coupable d\u2019achats de voix (aujourd\u2019hui exil\u00e9 \u00e0 Moscou). Ce mois-ci, la gouverneure pro russe de la province moldave de Gagaouzie a \u00e9t\u00e9 condamn\u00e9e pour financement ill\u00e9gal de campagne\u00a0: une d\u00e9cision tr\u00e8s politique face aux manipulations de la Russie. Cette lutte ferme contre l\u2019ing\u00e9rence russe a tendance \u00e0 polariser la population en Moldavie\u00a0: les pro-europ\u00e9ens se f\u00e9licitent de ce combat contre la propagande du Kremlin quand les oppositions pro russes crient \u00e0 la censure et d\u00e9noncent un scandale d\u00e9mocratique.<\/p>\n<p><b>Dans un mois, aux l\u00e9gislatives, la Moldavie peut-elle basculer dans le camp pro russe, comme la G\u00e9orgie \u00e0 la pr\u00e9sidentielle de d\u00e9cembre\u00a02024\u00a0?<\/b><\/p>\n<p>L\u2019enjeu est de voir quelle sera l\u2019ampleur de la majorit\u00e9 du parti pro europ\u00e9en, le PAS. Est-ce qu\u2019il va conserver une majorit\u00e9 absolue sup\u00e9rieure \u00e0 51 si\u00e8ges, comme actuellement avec 63 si\u00e8ges, ou seulement une majorit\u00e9 relative et il aura alors trois mois pour former un gouvernement de coalition\u00a0? Face \u00e0 lui, il y a une coalition de partis pro russes communistes et socialistes, le Bloc des Patriotes, qui d\u00e9fendent une reprise des relations avec la Russie et avec les Etats-Unis de Donald Trump.<\/p>\n<p><b>Au niveau strat\u00e9gique, que repr\u00e9sente la Moldavie pour Vladimir Poutine\u00a0?<\/b><\/p>\n<p>S\u2019imposer en Moldavie via cette \u00e9lection serait une mani\u00e8re pour la Russie de couper l\u2019herbe aux Europ\u00e9ens mais surtout de peser sur le conflit en Ukraine. On voit mal comment les Moldaves, m\u00eame sous gouvernement pro russe, pourraient aller combattre les Ukrainiens, mais il y a des soldats russes en Transnistrie. Si l\u2019arm\u00e9e russe r\u00e9ussit \u00e0 prendre Odessa, la situation pourrait changer radicalement pour la Moldavie. La Transnistrie deviendrait un point d\u2019appui important de la Russie qui affaiblirait l\u2019Ukraine en multipliant les fronts et en dispersant leurs forces.<\/p>\n<p><b>Pour quelles raisons ces soldats russes sont-ils pr\u00e9sents en Moldavie ? Ce n\u2019est pas une violation de l\u2019int\u00e9grit\u00e9 territoriale du pays ?<\/b><\/p>\n<p>Ces 1\u00a0500 soldats russes sont pr\u00e9sents en Transnistrie en vertu d\u2019un accord de cessez-le-feu en Moldavie en 1992. En janvier\u00a01992, un conflit a \u00e9clat\u00e9 entre l\u2019arm\u00e9e moldave et les forces russophones de Transnistrie. 6 mois plus tard, Moldavie et Russie concluaient un accord de cessez-le-feu avec une force d\u2019interposition de soldats russes dans cette r\u00e9gion. Depuis 33 ans, un seul mort est \u00e0 d\u00e9plorer durant ce cessez-le-feu, et pour des raisons accidentelles.<\/p>\n<p><b>O\u00f9 en est la proc\u00e9dure d\u2019adh\u00e9sion de la Moldavie \u00e0 l\u2019UE\u00a0?<\/b><\/p>\n<p>Sur le m\u00eame rythme que l\u2019adh\u00e9sion de l\u2019Ukraine, la candidature officielle de la Moldavie a \u00e9t\u00e9 reconnue par l\u2019Union europ\u00e9enne en juin\u00a02022, et les n\u00e9gociations se sont ouvertes en d\u00e9cembre\u00a02023. Et les choses pourraient avancer plus vite que pour l\u2019Ukraine car la Moldavie est un petit pays plus facile \u00e0 int\u00e9grer. Les lois europ\u00e9ennes sont d\u00e9j\u00e0 traduites en roumain, la langue officielle. Le gouvernement moldave table sur une adh\u00e9sion en 2028.<\/p>\n","protected":false},"excerpt":{"rendered":"L\u2019Europe unie face \u00e0 la menace russe. C\u2019est le message que sont venus porter Emmanuel Macron, le chancelier&hellip;\n","protected":false},"author":2,"featured_media":348947,"comment_status":"","ping_status":"","sticky":false,"template":"","format":"standard","meta":{"footnotes":""},"categories":[1591],"tags":[11,1887,12,1885,1886,132],"class_list":{"0":"post-348946","1":"post","2":"type-post","3":"status-publish","4":"format-standard","5":"has-post-thumbnail","7":"category-russie","8":"tag-actualites","9":"tag-federation-de-russie","10":"tag-news","11":"tag-russia","12":"tag-russian-federation","13":"tag-russie"},"share_on_mastodon":{"url":"https:\/\/pubeurope.com\/@fr\/115103874732320694","error":""},"_links":{"self":[{"href":"https:\/\/www.europesays.com\/fr\/wp-json\/wp\/v2\/posts\/348946","targetHints":{"allow":["GET"]}}],"collection":[{"href":"https:\/\/www.europesays.com\/fr\/wp-json\/wp\/v2\/posts"}],"about":[{"href":"https:\/\/www.europesays.com\/fr\/wp-json\/wp\/v2\/types\/post"}],"author":[{"embeddable":true,"href":"https:\/\/www.europesays.com\/fr\/wp-json\/wp\/v2\/users\/2"}],"replies":[{"embeddable":true,"href":"https:\/\/www.europesays.com\/fr\/wp-json\/wp\/v2\/comments?post=348946"}],"version-history":[{"count":0,"href":"https:\/\/www.europesays.com\/fr\/wp-json\/wp\/v2\/posts\/348946\/revisions"}],"wp:featuredmedia":[{"embeddable":true,"href":"https:\/\/www.europesays.com\/fr\/wp-json\/wp\/v2\/media\/348947"}],"wp:attachment":[{"href":"https:\/\/www.europesays.com\/fr\/wp-json\/wp\/v2\/media?parent=348946"}],"wp:term":[{"taxonomy":"category","embeddable":true,"href":"https:\/\/www.europesays.com\/fr\/wp-json\/wp\/v2\/categories?post=348946"},{"taxonomy":"post_tag","embeddable":true,"href":"https:\/\/www.europesays.com\/fr\/wp-json\/wp\/v2\/tags?post=348946"}],"curies":[{"name":"wp","href":"https:\/\/api.w.org\/{rel}","templated":true}]}}