{"id":348948,"date":"2025-08-28T01:48:13","date_gmt":"2025-08-28T01:48:13","guid":{"rendered":"https:\/\/www.europesays.com\/fr\/348948\/"},"modified":"2025-08-28T01:48:13","modified_gmt":"2025-08-28T01:48:13","slug":"guerre-en-ukraine-un-soldat-se-fait-trancher-la-gorge-par-les-forces-russes-et-rampe-pendant-5-jours-pour-rejoindre-ses-camarades","status":"publish","type":"post","link":"https:\/\/www.europesays.com\/fr\/348948\/","title":{"rendered":"Guerre en Ukraine\u00a0: un soldat se fait trancher la gorge par les forces russes et rampe pendant 5 jours pour rejoindre ses camarades"},"content":{"rendered":"<p>\n                                                                Le 26\u00a0ao\u00fbt 2025, un soldat a racont\u00e9 comment il avait surv\u00e9cu pendant 5 jours, en rampant dans la campagne ukrainienne, apr\u00e8s avoir \u00e9t\u00e9 \u00e9gorg\u00e9.\u00a0Vladyslav a travers\u00e9 l\u2019enfer apr\u00e8s avoir \u00e9t\u00e9 bless\u00e9 par les forces russes.\n                            <\/p>\n<p>Comment a-t-il fait pour tenir\u00a0? Vladyslav a travers\u00e9<a href=\"https:\/\/www.midilibre.fr\/2025\/08\/27\/guerre-en-ukraine-les-jeunes-ages-de-18-a-22-ans-vont-pouvoir-sortir-pour-la-premiere-fois-depuis-le-debut-de-linvasion-russe-12894710.php\" target=\"_blank\" rel=\"nofollow noopener\"> l\u2019enfer sur le front ukrainien<\/a>. Bless\u00e9 <a href=\"https:\/\/www.midilibre.fr\/2025\/08\/23\/guerre-en-ukraine-les-russes-continuent-de-bombarder-et-de-mentir-ces-humanitaires-francais-nont-aucun-espoir-de-paix-12886271.php\" target=\"_blank\" rel=\"nofollow noopener\">\u00e0 la\u00a0gorge par l\u2019arm\u00e9e russe<\/a>, il a \u00e9t\u00e9 laiss\u00e9 pour mort avant de parvenir \u00e0 s\u2019extraire de son pi\u00e8ge et<a href=\"https:\/\/www.midilibre.fr\/2025\/08\/26\/guerre-en-ukraine-entre-bombe-aerienne-et-missile-de-croisiere-le-systeme-hybride-eram-arrive-dans-larsenal-de-kiev-12894150.php\" target=\"_blank\" rel=\"nofollow noopener\"> de rejoindre ses camarades<\/a>. Il a racont\u00e9 son histoire au m\u00e9dia\u00a0<a href=\"https:\/\/www.youtube.com\/watch?v=4ILVEv7L0PM\" target=\"_blank\" rel=\"nofollow noopener\">Suspilne<\/a>, dans une interview traduite par nos confr\u00e8res du <a href=\"https:\/\/www.leparisien.fr\/international\/ukraine\/guerre-en-ukraine-il-a-rampe-pendant-5-jours-la-gorge-tranchee-le-cauchemar-dun-soldat-miracule-apres-sa-capture-par-les-russes-27-08-2025-LJ23WYPLINGFROEYSV4XLEAJPQ.php\" target=\"_blank\" rel=\"nofollow noopener\">Parisien<\/a>.<\/p>\n<p>Il a ramp\u00e9 pendant 5 jours<\/p>\n<p>Vladyslav, 33 ans, fait partie de la Garde nationale ukrainienne. Il y a quelques semaines, dans la r\u00e9gion de\u00a0Dnipropetrovsk, il a \u00e9t\u00e9 captur\u00e9 par l\u2019arm\u00e9e russe. Le d\u00e9but d\u2019un long calvaire. Ses ennemis l\u2019ont tortur\u00e9 et, surtout, lui ont tranch\u00e9 la gorge. Avant de le laisser pour mort, les mains li\u00e9es, dans un foss\u00e9.<\/p>\n<p>Vladyslav aurait pu mourir l\u00e0. C\u2019\u00e9tait sans compter sa force incroyable. Le trentenaire est sorti du foss\u00e9 et, toujours en rampant, a avanc\u00e9 vers son propre camp pendant cinq jours. Finalement, il a trouv\u00e9 une position ukrainienne. Apr\u00e8s avoir retrouv\u00e9 ses compatriotes, il a \u00e9t\u00e9 pris en charge, soign\u00e9, op\u00e9r\u00e9, et enfin remis sur pied.<\/p>\n<p>Aujourd\u2019hui, Vladyslav ne peut plus parler. Ce qu\u2019il a racont\u00e9, il l\u2019a \u00e9crit \u00e0 nos confr\u00e8res. Il est devenu le symbole de la progression russe dans la r\u00e9gion de\u00a0Dnipropetrovsk, et de la r\u00e9sistance ukrainienne face \u00e0 cette invasion.<\/p>\n","protected":false},"excerpt":{"rendered":"Le 26\u00a0ao\u00fbt 2025, un soldat a racont\u00e9 comment il avait surv\u00e9cu pendant 5 jours, en rampant dans la&hellip;\n","protected":false},"author":2,"featured_media":348949,"comment_status":"","ping_status":"","sticky":false,"template":"","format":"standard","meta":{"footnotes":""},"categories":[1590],"tags":[11,1777,674,12,220],"class_list":{"0":"post-348948","1":"post","2":"type-post","3":"status-publish","4":"format-standard","5":"has-post-thumbnail","7":"category-ukraine","8":"tag-actualites","9":"tag-eu","10":"tag-europe","11":"tag-news","12":"tag-ukraine"},"share_on_mastodon":{"url":"https:\/\/pubeurope.com\/@fr\/115103878584299268","error":""},"_links":{"self":[{"href":"https:\/\/www.europesays.com\/fr\/wp-json\/wp\/v2\/posts\/348948","targetHints":{"allow":["GET"]}}],"collection":[{"href":"https:\/\/www.europesays.com\/fr\/wp-json\/wp\/v2\/posts"}],"about":[{"href":"https:\/\/www.europesays.com\/fr\/wp-json\/wp\/v2\/types\/post"}],"author":[{"embeddable":true,"href":"https:\/\/www.europesays.com\/fr\/wp-json\/wp\/v2\/users\/2"}],"replies":[{"embeddable":true,"href":"https:\/\/www.europesays.com\/fr\/wp-json\/wp\/v2\/comments?post=348948"}],"version-history":[{"count":0,"href":"https:\/\/www.europesays.com\/fr\/wp-json\/wp\/v2\/posts\/348948\/revisions"}],"wp:featuredmedia":[{"embeddable":true,"href":"https:\/\/www.europesays.com\/fr\/wp-json\/wp\/v2\/media\/348949"}],"wp:attachment":[{"href":"https:\/\/www.europesays.com\/fr\/wp-json\/wp\/v2\/media?parent=348948"}],"wp:term":[{"taxonomy":"category","embeddable":true,"href":"https:\/\/www.europesays.com\/fr\/wp-json\/wp\/v2\/categories?post=348948"},{"taxonomy":"post_tag","embeddable":true,"href":"https:\/\/www.europesays.com\/fr\/wp-json\/wp\/v2\/tags?post=348948"}],"curies":[{"name":"wp","href":"https:\/\/api.w.org\/{rel}","templated":true}]}}