{"id":348950,"date":"2025-08-28T01:49:20","date_gmt":"2025-08-28T01:49:20","guid":{"rendered":"https:\/\/www.europesays.com\/fr\/348950\/"},"modified":"2025-08-28T01:49:20","modified_gmt":"2025-08-28T01:49:20","slug":"usa-trump-ordonne-la-mise-en-berne-des-drapeaux-en-hommage-aux-victimes-de-la-fusillade-du-minnesota","status":"publish","type":"post","link":"https:\/\/www.europesays.com\/fr\/348950\/","title":{"rendered":"USA : Trump ordonne la mise en berne des drapeaux en hommage aux victimes de la fusillade du Minnesota"},"content":{"rendered":"<p>Le pr\u00e9sident am\u00e9ricain Donald Trump a ordonn\u00e9 que les drapeaux am\u00e9ricains soient mis en berne \u00e0 la Maison Blanche et sur les b\u00e2timents officiels jusqu\u2019au 31 ao\u00fbt, en hommage aux victimes de la fusillade qui a vis\u00e9, mercredi, une \u00e9cole catholique dans la ville de Minneapolis, dans le Minnesota (nord-est), faisant deux morts parmi les \u00e9coliers et 17 bless\u00e9s.<\/p>\n<p>\u201cEn hommage aux victimes des actes de violence insens\u00e9s perp\u00e9tr\u00e9s le 27 ao\u00fbt (..) j\u2019ordonne par la pr\u00e9sente que le drapeau des \u00c9tats-Unis soit mis en berne \u00e0 la Maison Blanche et sur tous les b\u00e2timents et \u00e9difices publics\u201d, a \u00e9crit M. Trump dans une proclamation.<\/p>\n<p>Le pr\u00e9sident a \u00e9galement ordonn\u00e9 que le drapeau am\u00e9ricain soit mis en berne dans toutes les ambassades, consulats et autres institutions des \u00c9tats-Unis \u00e0 l\u2019\u00e9tranger, y compris toutes les installations militaires et les navires et stations navales.<\/p>\n<p>Les deux victimes sont des enfants \u00e2g\u00e9s de 8 et 10 ans, alors que 14 autres enfants figurent parmi les bless\u00e9s, selon la police.<\/p>\n<p>L\u2019auteur de la fusillade, \u00e2g\u00e9 d\u2019une vingtaine d\u2019ann\u00e9es, aurait ouvert le feu \u00e0 l\u2019aide d\u2019armes d\u2019assaut depuis l\u2019ext\u00e9rieur des fen\u00eatres de l\u2019\u00e9tablissement catholique, a fait savoir le chef de la police de Minneapolis.<\/p>\n<p>L\u2019assaillant aurait tir\u00e9 des dizaines de coup de feu sur les enfants r\u00e9unis dans le cadre d\u2019une messe, avant de se suicider en retournant son arme contre lui.<\/p>\n<p>Plus t\u00f4t, le pr\u00e9sident Trump a dit avoir \u00e9t\u00e9 brief\u00e9 sur ce \u201ctragique\u201d incident, assurant que la police f\u00e9d\u00e9rale (FBI) a rapidement r\u00e9agi et se trouvait sur les lieux.<\/p>\n<p>\u201cLa Maison Blanche continuera \u00e0 suivre ce terrible incident. Je vous invite \u00e0 prier avec moi pour toutes les personnes affect\u00e9es\u201d, a ajout\u00e9 le pr\u00e9sident sur son r\u00e9seau Truth Social.<\/p>\n<p>De son c\u00f4t\u00e9, le Maire de Minneapolis, Jacob Frey, a d\u00e9plor\u00e9 un \u201cacte de violence d\u00e9lib\u00e9r\u00e9\u201d, soulignant qu\u2019il n\u2019y a \u201cpas de mots pour d\u00e9crire l\u2019horreur\u201d de cet incident.<\/p>\n<p>La police a indiqu\u00e9 que l\u2019enqu\u00eate \u00e9tait en cours pour d\u00e9terminer les motifs de l\u2019assaillant, qui n\u2019avait pas d\u2019ant\u00e9c\u00e9dents criminels et dont l\u2019identit\u00e9 n\u2019a pas encore \u00e9t\u00e9 r\u00e9v\u00e9l\u00e9e.<\/p>\n<p>MAP<\/p>\n","protected":false},"excerpt":{"rendered":"Le pr\u00e9sident am\u00e9ricain Donald Trump a ordonn\u00e9 que les drapeaux am\u00e9ricains soient mis en berne \u00e0 la Maison&hellip;\n","protected":false},"author":2,"featured_media":348951,"comment_status":"","ping_status":"","sticky":false,"template":"","format":"standard","meta":{"footnotes":""},"categories":[1589],"tags":[11,73,1866,12,1864,1865,1863,308],"class_list":{"0":"post-348950","1":"post","2":"type-post","3":"status-publish","4":"format-standard","5":"has-post-thumbnail","7":"category-etats-unis","8":"tag-actualites","9":"tag-etats-unis","10":"tag-etats-unis-damerique","11":"tag-news","12":"tag-united-states","13":"tag-united-states-of-america","14":"tag-us","15":"tag-usa"},"share_on_mastodon":{"url":"https:\/\/pubeurope.com\/@fr\/115103882525489770","error":""},"_links":{"self":[{"href":"https:\/\/www.europesays.com\/fr\/wp-json\/wp\/v2\/posts\/348950","targetHints":{"allow":["GET"]}}],"collection":[{"href":"https:\/\/www.europesays.com\/fr\/wp-json\/wp\/v2\/posts"}],"about":[{"href":"https:\/\/www.europesays.com\/fr\/wp-json\/wp\/v2\/types\/post"}],"author":[{"embeddable":true,"href":"https:\/\/www.europesays.com\/fr\/wp-json\/wp\/v2\/users\/2"}],"replies":[{"embeddable":true,"href":"https:\/\/www.europesays.com\/fr\/wp-json\/wp\/v2\/comments?post=348950"}],"version-history":[{"count":0,"href":"https:\/\/www.europesays.com\/fr\/wp-json\/wp\/v2\/posts\/348950\/revisions"}],"wp:featuredmedia":[{"embeddable":true,"href":"https:\/\/www.europesays.com\/fr\/wp-json\/wp\/v2\/media\/348951"}],"wp:attachment":[{"href":"https:\/\/www.europesays.com\/fr\/wp-json\/wp\/v2\/media?parent=348950"}],"wp:term":[{"taxonomy":"category","embeddable":true,"href":"https:\/\/www.europesays.com\/fr\/wp-json\/wp\/v2\/categories?post=348950"},{"taxonomy":"post_tag","embeddable":true,"href":"https:\/\/www.europesays.com\/fr\/wp-json\/wp\/v2\/tags?post=348950"}],"curies":[{"name":"wp","href":"https:\/\/api.w.org\/{rel}","templated":true}]}}