{"id":348954,"date":"2025-08-28T01:51:09","date_gmt":"2025-08-28T01:51:09","guid":{"rendered":"https:\/\/www.europesays.com\/fr\/348954\/"},"modified":"2025-08-28T01:51:09","modified_gmt":"2025-08-28T01:51:09","slug":"la-liste-de-lallemagne-devoilee","status":"publish","type":"post","link":"https:\/\/www.europesays.com\/fr\/348954\/","title":{"rendered":"la liste de l\u2019Allemagne d\u00e9voil\u00e9e"},"content":{"rendered":"<p>Apr\u00e8s Didier Deschamps <a href=\"https:\/\/www.footmercato.net\/a758768235347992871-equipe-de-france-la-liste-de-didier-deschamps-avec-rabiot-akliouche-et-cherki\" rel=\"nofollow noopener\" target=\"_blank\">plus t\u00f4t dans l\u2019apr\u00e8s-midi<\/a>, Julian Nagelsmann a lui aussi d\u00e9voil\u00e9 sa liste en vue des qualifications pour la Coupe du Monde 2026. Revers\u00e9e dans un groupe de 4 comme l\u2019\u00e9quipe de France en raison de sa qualification au Final Four de Ligue des Nations en juin, la Nationalmannschaft se d\u00e9placera en Slovaquie le 4 septembre, puis recevra l\u2019Irlande du Nord trois jours plus tard, pour lancer sa campagne.<\/p>\n<p>            La suite apr\u00e8s cette publicit\u00e9<\/p>\n<p>On retrouve dans la liste du s\u00e9lectionneur allemand des visages bien connus. Absent en juin, Antonio R\u00fcdiger est de retour. Au milieu de terrain, Joshua Kimmich est aussi convoqu\u00e9, comme Florian Wirtz, Serge Gnabry ou encore Angelo Stiller. Seuls deux num\u00e9ros 9 de m\u00e9tier sont retenus : Niclas F\u00fcllkrug, et la sensation de Stuttgart Nick Woltemade.<\/p>\n<p>\n    Pub. le 27\/08\/2025 17:29<br \/>\n            &#8211; MAJ le 27\/08\/2025 21:44\n    <\/p>\n","protected":false},"excerpt":{"rendered":"Apr\u00e8s Didier Deschamps plus t\u00f4t dans l\u2019apr\u00e8s-midi, Julian Nagelsmann a lui aussi d\u00e9voil\u00e9 sa liste en vue des&hellip;\n","protected":false},"author":2,"featured_media":321363,"comment_status":"","ping_status":"","sticky":false,"template":"","format":"standard","meta":{"footnotes":""},"categories":[1587],"tags":[11,672,1804,1805,1803,1777,674,1801,12,1802],"class_list":{"0":"post-348954","1":"post","2":"type-post","3":"status-publish","4":"format-standard","5":"has-post-thumbnail","7":"category-allemagne","8":"tag-actualites","9":"tag-allemagne","10":"tag-bundesrepublik-deutschland","11":"tag-de","12":"tag-deutschland","13":"tag-eu","14":"tag-europe","15":"tag-germany","16":"tag-news","17":"tag-republique-federale-dallemagne"},"share_on_mastodon":{"url":"https:\/\/pubeurope.com\/@fr\/115103890440770649","error":""},"_links":{"self":[{"href":"https:\/\/www.europesays.com\/fr\/wp-json\/wp\/v2\/posts\/348954","targetHints":{"allow":["GET"]}}],"collection":[{"href":"https:\/\/www.europesays.com\/fr\/wp-json\/wp\/v2\/posts"}],"about":[{"href":"https:\/\/www.europesays.com\/fr\/wp-json\/wp\/v2\/types\/post"}],"author":[{"embeddable":true,"href":"https:\/\/www.europesays.com\/fr\/wp-json\/wp\/v2\/users\/2"}],"replies":[{"embeddable":true,"href":"https:\/\/www.europesays.com\/fr\/wp-json\/wp\/v2\/comments?post=348954"}],"version-history":[{"count":0,"href":"https:\/\/www.europesays.com\/fr\/wp-json\/wp\/v2\/posts\/348954\/revisions"}],"wp:featuredmedia":[{"embeddable":true,"href":"https:\/\/www.europesays.com\/fr\/wp-json\/wp\/v2\/media\/321363"}],"wp:attachment":[{"href":"https:\/\/www.europesays.com\/fr\/wp-json\/wp\/v2\/media?parent=348954"}],"wp:term":[{"taxonomy":"category","embeddable":true,"href":"https:\/\/www.europesays.com\/fr\/wp-json\/wp\/v2\/categories?post=348954"},{"taxonomy":"post_tag","embeddable":true,"href":"https:\/\/www.europesays.com\/fr\/wp-json\/wp\/v2\/tags?post=348954"}],"curies":[{"name":"wp","href":"https:\/\/api.w.org\/{rel}","templated":true}]}}