{"id":348957,"date":"2025-08-28T01:53:11","date_gmt":"2025-08-28T01:53:11","guid":{"rendered":"https:\/\/www.europesays.com\/fr\/348957\/"},"modified":"2025-08-28T01:53:11","modified_gmt":"2025-08-28T01:53:11","slug":"quel-biodroit-pour-lunion-europeenne","status":"publish","type":"post","link":"https:\/\/www.europesays.com\/fr\/348957\/","title":{"rendered":"Quel biodroit pour l&rsquo;Union europ\u00e9enne ?"},"content":{"rendered":"<p>    <img decoding=\"async\" src=\"https:\/\/www.europesays.com\/fr\/wp-content\/uploads\/2025\/08\/9782802776185-475x500-1-68a5bc16e8af0671869101.jpg\" alt=\"ActuaLitt\u00e9\" loading=\"lazy\"\/><\/p>\n<p>\n                L&rsquo;\u00e9mergence du droit de l&rsquo;Union europ\u00e9enne en mati\u00e8re de bio\u00e9thique marque un tournant cl\u00e9, ancr\u00e9 dans la dignit\u00e9 humaine et influen\u00e7ant la r\u00e9flexion \u00e9thique et l\u00e9gislative des Etats membres. Cette \u00e9volution r\u00e9gule les enjeux \u00e9thiques, notamment face aux nouvelles technologies telles que l&rsquo;intelligence artificielle. La construction d&rsquo;une gouvernance europ\u00e9enne renforce le r\u00f4le de l&rsquo;UE dans la promotion de la bio\u00e9thique.\n              <\/p>\n","protected":false},"excerpt":{"rendered":"L&rsquo;\u00e9mergence du droit de l&rsquo;Union europ\u00e9enne en mati\u00e8re de bio\u00e9thique marque un tournant cl\u00e9, ancr\u00e9 dans la dignit\u00e9&hellip;\n","protected":false},"author":2,"featured_media":348958,"comment_status":"","ping_status":"","sticky":false,"template":"","format":"standard","meta":{"footnotes":""},"categories":[1586],"tags":[11,1777,674,1779,1011,27,12,25,1778,364],"class_list":{"0":"post-348957","1":"post","2":"type-post","3":"status-publish","4":"format-standard","5":"has-post-thumbnail","7":"category-europe","8":"tag-actualites","9":"tag-eu","10":"tag-europe","11":"tag-european-union","12":"tag-fr","13":"tag-france","14":"tag-news","15":"tag-republique-francaise","16":"tag-ue","17":"tag-union-europeenne"},"share_on_mastodon":{"url":"https:\/\/pubeurope.com\/@fr\/115103898347065110","error":""},"_links":{"self":[{"href":"https:\/\/www.europesays.com\/fr\/wp-json\/wp\/v2\/posts\/348957","targetHints":{"allow":["GET"]}}],"collection":[{"href":"https:\/\/www.europesays.com\/fr\/wp-json\/wp\/v2\/posts"}],"about":[{"href":"https:\/\/www.europesays.com\/fr\/wp-json\/wp\/v2\/types\/post"}],"author":[{"embeddable":true,"href":"https:\/\/www.europesays.com\/fr\/wp-json\/wp\/v2\/users\/2"}],"replies":[{"embeddable":true,"href":"https:\/\/www.europesays.com\/fr\/wp-json\/wp\/v2\/comments?post=348957"}],"version-history":[{"count":0,"href":"https:\/\/www.europesays.com\/fr\/wp-json\/wp\/v2\/posts\/348957\/revisions"}],"wp:featuredmedia":[{"embeddable":true,"href":"https:\/\/www.europesays.com\/fr\/wp-json\/wp\/v2\/media\/348958"}],"wp:attachment":[{"href":"https:\/\/www.europesays.com\/fr\/wp-json\/wp\/v2\/media?parent=348957"}],"wp:term":[{"taxonomy":"category","embeddable":true,"href":"https:\/\/www.europesays.com\/fr\/wp-json\/wp\/v2\/categories?post=348957"},{"taxonomy":"post_tag","embeddable":true,"href":"https:\/\/www.europesays.com\/fr\/wp-json\/wp\/v2\/tags?post=348957"}],"curies":[{"name":"wp","href":"https:\/\/api.w.org\/{rel}","templated":true}]}}