{"id":348961,"date":"2025-08-28T01:55:16","date_gmt":"2025-08-28T01:55:16","guid":{"rendered":"https:\/\/www.europesays.com\/fr\/348961\/"},"modified":"2025-08-28T01:55:16","modified_gmt":"2025-08-28T01:55:16","slug":"le-profil-trouble-de-robin-westman-qui-a-massacre-des-enfants-lors-dune-messe-a-minneapolis","status":"publish","type":"post","link":"https:\/\/www.europesays.com\/fr\/348961\/","title":{"rendered":"le profil trouble de Robin Westman, qui a massacr\u00e9 des enfants lors d\u2019une messe \u00e0 Minneapolis"},"content":{"rendered":"<p><strong>PORTRAIT <\/strong>&#8211; Vers 8h30 heure locale, Robin Westman a ouvert le feu dans une \u00e9glise, au nord des \u00c9tats-Unis, lors d\u2019une messe \u00e0 laquelle assistaient des dizaines d\u2019enfants. L\u2019individu avait m\u00e9ticuleusement pr\u00e9par\u00e9 sa tuerie.<\/p>\n<p class=\"fig-paragraph\">\u00abLa vie est douleur. Il y a trop de choses \u00e0 endurer.\u00bb Il n\u2019a fallu que quelques heures pour d\u00e9couvrir les multiples vid\u00e9os en ligne du tireur qui\u00a0<a href=\"http:\/\/www.lefigaro.fr\/international\/etats-unis-plusieurs-victimes-apres-une-fusillade-dans-une-ecole-du-minnesota-20250827\" target=\"_blank\" data-fig-type=\"NewsFlash\" rel=\"noopener\" data-gtm-custom-categorie=\"navigation\" data-gtm-custom-action=\"crossclick\" data-gtm-custom-label=\"Contextuel\" data-gtm-event=\"customEventSPE\" data-fig-domain=\"LEFIGARO\">a tu\u00e9 deux \u00e9coliers, et bless\u00e9 17 autres personnes dont 14 enfants<\/a>, dans une \u00e9glise du Minnesota, dans le nord des \u00c9tats-Unis, ce mercredi 27 ao\u00fbt. Vers 8h30 du matin heure locale (16h30 en France), un homme porteur de trois armes a ouvert le feu dans une \u00e9glise attenante \u00e0 une \u00e9cole catholique, \u00e0 Minneapolis. Des dizaines d\u2019enfants s\u2019y trouvaient pour assister \u00e0 une\u00a0<a href=\"http:\/\/www.lefigaro.fr\/vox\/politique\/messe-interrompue-a-la-madeleine-l-agit-prop-palestinien-n-a-rien-d-une-lubie-estudiantine-c-est-un-outil-de-destabilisation-20250729\" target=\"_blank\" data-fig-type=\"Article\" rel=\"noopener\" data-gtm-custom-categorie=\"navigation\" data-gtm-custom-action=\"crossclick\" data-gtm-custom-label=\"Contextuel\" data-gtm-event=\"customEventSPE\" data-fig-domain=\"LEFIGARO\">messe<\/a>, organis\u00e9e pour c\u00e9l\u00e9brer la rentr\u00e9e scolaire.<\/p>\n<p class=\"fig-paragraph\">\u00abDeux jeunes enfants, de 8 et 10 ans, ont \u00e9t\u00e9 tu\u00e9s alors qu\u2019ils \u00e9taient assis sur les bancs de l\u2019\u00e9glise\u00bb, a pr\u00e9cis\u00e9 le chef de la police de la ville lors d\u2019une conf\u00e9rence de presse. \u00abIl s\u2019agit d\u2019un acte de violence d\u00e9lib\u00e9r\u00e9e contre des enfants innocents et d\u2019autres personnes venues prier. La cruaut\u00e9 et la l\u00e2chet\u00e9 dont il faut faire preuve pour tirer dans une \u00e9glise remplie d\u2019enfants est absolument incompr\u00e9hensible\u00bb, a-t-il ajout\u00e9\u2026<\/p>\n<p class=\"fig-premium-paywall__infos\">\n        Cet article est r\u00e9serv\u00e9 aux abonn\u00e9s.        Il vous reste 83% \u00e0 d\u00e9couvrir.\n    <\/p>\n<p>                <img  data- alt=\"Le Figaro\" class=\"fig-img--complete fig-img\"\/><\/p>\n<p class=\"fig-premium-paywall__title\">Vente Flash<\/p>\n<p class=\"fig-premium-paywall__subtitle\">4,99\u20ac par mois pendant 12 mois. Sans engagement<\/p>\n<p class=\"fig-premium-paywall__connect\">\n                D\u00e9j\u00e0 abonn\u00e9\u00a0?                <a class=\"fig-premium-paywall__connect-link\" href=\"https:\/\/connect.lefigaro.fr\/login?client=horizon_web&amp;type=main&amp;redirect_uri=https%3A%2F%2Fwww.lefigaro.fr%2Finternational%2Ftransgenre-anti-israel-et-obsede-par-les-armes-le-profil-trouble-de-robin-westman-qui-a-massacre-des-enfants-lors-d-une-messe-a-minneapolis-20250827\" data-js-gtm=\"{&quot;customCategorie&quot;: &quot;conversion&quot;, &quot;customAction&quot;: &quot;before_Landing_Connexion_paywall_auto&quot;, &quot;customLabel&quot;: &quot;bGVmaWdhcm8uZnJfXzFmMDgzNzQ4LTFjNDQtNjc0Yy1hMzBhLTViMzIyMzk4YzkwY19fTmV3c0ZsYXNo_Transgenre, anti-Isra\u00ebl et obs\u00e9d\u00e9 par les armes\u00a0: le profil trouble de Robin Westman, qui a massacr\u00e9 des enfants lors d\u2019une messe \u00e0 Minneapolis_432&quot;, &quot;customIDSPE&quot;: &quot;bGVmaWdhcm8uZnJfXzFmMDgzNzQ4LTFjNDQtNjc0Yy1hMzBhLTViMzIyMzk4YzkwY19fTmV3c0ZsYXNo&quot;, &quot;event&quot;: &quot;customEventSPE&quot;}\" target=\"_blank\" rel=\"noopener\"><br \/>\n                    Connectez-vous<br \/>\n                <\/a>\n            <\/p>\n","protected":false},"excerpt":{"rendered":"PORTRAIT &#8211; Vers 8h30 heure locale, Robin Westman a ouvert le feu dans une \u00e9glise, au nord des&hellip;\n","protected":false},"author":2,"featured_media":348962,"comment_status":"","ping_status":"","sticky":false,"template":"","format":"standard","meta":{"footnotes":""},"categories":[2],"tags":[11,73,1011,27,12,25,14695],"class_list":{"0":"post-348961","1":"post","2":"type-post","3":"status-publish","4":"format-standard","5":"has-post-thumbnail","7":"category-actualites","8":"tag-actualites","9":"tag-etats-unis","10":"tag-fr","11":"tag-france","12":"tag-news","13":"tag-republique-francaise","14":"tag-tuerie"},"share_on_mastodon":{"url":"https:\/\/pubeurope.com\/@fr\/115103906470641426","error":""},"_links":{"self":[{"href":"https:\/\/www.europesays.com\/fr\/wp-json\/wp\/v2\/posts\/348961","targetHints":{"allow":["GET"]}}],"collection":[{"href":"https:\/\/www.europesays.com\/fr\/wp-json\/wp\/v2\/posts"}],"about":[{"href":"https:\/\/www.europesays.com\/fr\/wp-json\/wp\/v2\/types\/post"}],"author":[{"embeddable":true,"href":"https:\/\/www.europesays.com\/fr\/wp-json\/wp\/v2\/users\/2"}],"replies":[{"embeddable":true,"href":"https:\/\/www.europesays.com\/fr\/wp-json\/wp\/v2\/comments?post=348961"}],"version-history":[{"count":0,"href":"https:\/\/www.europesays.com\/fr\/wp-json\/wp\/v2\/posts\/348961\/revisions"}],"wp:featuredmedia":[{"embeddable":true,"href":"https:\/\/www.europesays.com\/fr\/wp-json\/wp\/v2\/media\/348962"}],"wp:attachment":[{"href":"https:\/\/www.europesays.com\/fr\/wp-json\/wp\/v2\/media?parent=348961"}],"wp:term":[{"taxonomy":"category","embeddable":true,"href":"https:\/\/www.europesays.com\/fr\/wp-json\/wp\/v2\/categories?post=348961"},{"taxonomy":"post_tag","embeddable":true,"href":"https:\/\/www.europesays.com\/fr\/wp-json\/wp\/v2\/tags?post=348961"}],"curies":[{"name":"wp","href":"https:\/\/api.w.org\/{rel}","templated":true}]}}