{"id":348971,"date":"2025-08-28T02:03:20","date_gmt":"2025-08-28T02:03:20","guid":{"rendered":"https:\/\/www.europesays.com\/fr\/348971\/"},"modified":"2025-08-28T02:03:20","modified_gmt":"2025-08-28T02:03:20","slug":"les-sponsors-de-sauber-sont-dans-la-tourmente","status":"publish","type":"post","link":"https:\/\/www.europesays.com\/fr\/348971\/","title":{"rendered":"Les sponsors de Sauber sont dans la tourmente"},"content":{"rendered":"<p><img decoding=\"async\" src=\"https:\/\/www.europesays.com\/fr\/wp-content\/uploads\/2025\/08\/1832512324411218.webp\" fetchpriority=\"high\" width=\"1024\" height=\"683\" alt=\"Les sponsors de Sauber sont dans la tourmente\" data-image-id=\"1832512324411218\" class=\"watson-snippet__image bg-grey-10 block h-auto w-full \"\/><\/p>\n<p>Alors que Kick fait l\u2019objet de vives critiques, Sauber en assurera la promotion ce week-end sur le circuit de Zandvoort, son partenaire titre Stake \u00e9tant interdit aux Pays-Bas.<br \/>Image: getty<\/p>\n<p>Somm\u00e9e de retirer le casino Stake de son nom pour le GP des Pays-Bas, couru dimanche, l\u2019\u00e9curie helv\u00e9tique Sauber int\u00e9grera la plateforme Kick dans son appellation, malgr\u00e9 les critiques qui la visent depuis une semaine.<\/p>\n<p>27.08.2025, 19:0227.08.2025, 20:24<\/p>\n<p class=\"watson-snippet__text my-6 text-[16px] lg:text-[18px] leading-normal md:w-3\/5\">Sauber ne se pr\u00e9sentera pas au Grand Prix des Pays-Bas (dimanche, 15h) sous son nom commercial habituel: Stake F1 Team, en r\u00e9f\u00e9rence au puissant casino en ligne \u00e9tabli \u00e0 Cura\u00e7ao. Cette appellation avait pourtant \u00e9t\u00e9 utilis\u00e9e l\u2019an pass\u00e9, lorsque le cirque de la Formule 1 avait fait \u00e9tape \u00e0 Zandvoort.<\/p>\n<p class=\"watson-snippet__text my-6 text-[16px] lg:text-[18px] leading-normal md:w-3\/5\">Or apr\u00e8s avoir mis en garde l\u2019\u00e9curie helv\u00e9tique en 2024, la Kansspelautoriteit, l\u2019autorit\u00e9 n\u00e9erlandaise de r\u00e9gulation des jeux d\u2019argent, a durci les r\u00e8gles encadrant la promotion des casinos exotiques, <strong>emp\u00eachant cette ann\u00e9e Sauber d\u2019arborer le nom Stake sur ses monoplaces<\/strong>.<\/p>\n<p><img decoding=\"async\" src=\"https:\/\/www.europesays.com\/fr\/wp-content\/uploads\/2025\/08\/4410636325280995.webp\" loading=\"lazy\" width=\"1024\" height=\"683\" alt=\"SPIELBERG, AUSTRIA - JUNE 27: Gabriel Bortoleto of Brazil driving the (5) Kick Sauber C45 Ferrari on track during practice ahead of the F1 Grand Prix of Austria at Red Bull Ring on June 27, 2025 in Sp ...\" data-image-id=\"4410636325280995\" class=\"watson-snippet__image bg-grey-10 block h-auto w-full \"\/><\/p>\n<p>Comme \u00e0 Spa en juillet dernier, Stake c\u00e9dera sa place \u00e0 Kick sur les monoplaces Sauber.Image: getty<\/p>\n<p class=\"watson-snippet__text my-6 text-[16px] lg:text-[18px] leading-normal md:w-3\/5\">L&rsquo;\u00e9quipe y est d\u00e9sormais habitu\u00e9e: en effet, d&rsquo;autres pays, comme la Belgique, appliquent eux aussi une l\u00e9gislation stricte sur les jeux d\u2019argent. Une r\u00e9glementation que l\u2019\u00e9curie de Hinwil a appris \u00e0 contourner en adoptant son nom technique: Kick Sauber F1 Team.<\/p>\n<p class=\"watson-snippet__text my-6 text-[16px] lg:text-[18px] leading-normal md:w-3\/5\">Cr\u00e9\u00e9 par les fondateurs de Stake, Kick est un service de streaming vid\u00e9o qui, \u00e0 ses d\u00e9buts en 2022, permettait aux streamers de diffuser leurs parties de casino en ligne. <strong>Une fa\u00e7on de promouvoir indirectement Stake.<\/strong><\/p>\n<p class=\"watson-snippet__text my-6 text-[16px] lg:text-[18px] leading-normal md:w-3\/5\">Depuis, Kick a grandi, au point de rivaliser avec le g\u00e9ant am\u00e9ricain Twitch, propri\u00e9t\u00e9 d\u2019Amazon. Le secret de son succ\u00e8s? Un syst\u00e8me de r\u00e9mun\u00e9ration attractif pour les cr\u00e9ateurs de contenus et une plateforme particuli\u00e8rement permissive, avec peu ou pas de mod\u00e9ration.<\/p>\n<p class=\"watson-snippet__text my-6 text-[16px] lg:text-[18px] leading-normal md:w-3\/5\">Parmi les plus de 50 millions d\u2019utilisateurs de Kick, <strong>on retrouve donc des streamers bannis de Twitch ainsi que des adeptes du trash streaming<\/strong>, une pratique consistant \u00e0 adopter des comportements d\u00e9viants et \u00e0 commettre des actes violents et d\u00e9gradants en direct, comme ceux inflig\u00e9s \u00e0 Jean Pormanove.<\/p>\n<p class=\"watson-snippet__text my-6 text-[16px] lg:text-[18px] leading-normal md:w-3\/5\">Le Fran\u00e7ais, qui s\u2019\u00e9tait fait une r\u00e9putation en devenant le souffre-douleur de ses compagnons de stream, est d\u00e9c\u00e9d\u00e9 dans la nuit du 17 au 18 ao\u00fbt, au cours d\u2019un live de 12 jours diffus\u00e9 sur la plateforme Kick, durant lequel il a \u00e9t\u00e9 victime d\u2019humiliations et de violences physiques, notamment des coups de poing, des tirs de fusil de paintball et des \u00e9tranglements. \u00abUne horreur absolue\u00bb, a d\u00e9nonc\u00e9 la ministre fran\u00e7aise du Num\u00e9rique Clara Chappaz.<\/p>\n<p class=\"watson-snippet__text my-6 text-[16px] lg:text-[18px] leading-normal md:w-3\/5\">Dans ses vid\u00e9os, Jean Pormanove apparaissait r\u00e9guli\u00e8rement aux c\u00f4t\u00e9s d\u2019un certain \u00abCoudoux\u00bb, <strong>une personne en situation de handicap, plac\u00e9e sous curatelle, et elle aussi r\u00e9guli\u00e8rement humili\u00e9e ou violent\u00e9e devant des milliers de spectateurs.<\/strong> Des faits qui soul\u00e8vent de s\u00e9rieuses questions concernant la vuln\u00e9rabilit\u00e9 des individus impliqu\u00e9s dans ces contenus.<\/p>\n<p class=\"watson-snippet__text my-6 text-[16px] lg:text-[18px] leading-normal md:w-3\/5\">Kick, qui assure vouloir collaborer avec les autorit\u00e9s fran\u00e7aises dans l\u2019enqu\u00eate sur la mort de Jean Pormanove, se retrouve plus que jamais dans la tourmente en raison de sa politique de mod\u00e9ration, mais aussi parce qu&rsquo;elle a d\u00e9j\u00e0 r\u00e9activ\u00e9 la cha\u00eene du streamer, seulement quelques jours apr\u00e8s l\u2019avoir d\u00e9sactiv\u00e9e de son catalogue. Clara Chappaz souhaite d\u00e9sormais poursuivre la plateforme en justice pour \u00abmanquement\u00bb.<\/p>\n<p class=\"watson-snippet__text my-6 text-[16px] lg:text-[18px] leading-normal md:w-3\/5\">C\u2019est donc dans ce contexte d\u00e9licat que l\u2019\u00e9curie suisse fera la promotion de Kick ce week-end, apr\u00e8s avoir quelque peu bott\u00e9 en touche \u00e0 ce sujet. <strong>\u00abNous sommes attrist\u00e9s par cette trag\u00e9die. Nous faisons confiance \u00e0 Kick pour faire toutes les d\u00e9marches n\u00e9cessaires afin de maintenir ses mesures de protection et de prot\u00e9ger les cr\u00e9ateurs\u00bb<\/strong>, a simplement d\u00e9clar\u00e9 l\u2019\u00e9quipe, par l\u2019interm\u00e9diaire de l\u2019un de ses porte-paroles. <\/p>\n<p class=\"watson-snippet__text my-6 text-[16px] lg:text-[18px] leading-normal md:w-3\/5\">Pas vraiment la meilleure fa\u00e7on de soigner son image, comme Sauber aspire pourtant \u00e0 le faire, avant l\u2019arriv\u00e9e d\u2019Audi la saison prochaine.<\/p>\n<p>Plus d&rsquo;articles sur le sport<\/p>\n<p>Montrer tous les articles<\/p>\n<p>Les travaux \u00e0 Lausanne<\/p>\n<p>1 \/ 13<\/p>\n<p>Les travaux \u00e0 Lausanne<\/p>\n<p>source: keystone<\/p>\n<p><a href=\"\" target=\"_blank\" aria-label=\"partager sur Facebook\" class=\"watson-sharebar__panel__icons-fb mr-2\"><img decoding=\"async\" src=\"https:\/\/www.europesays.com\/fr\/wp-content\/uploads\/2025\/04\/facebook.png\" alt=\"partager sur Facebook\" width=\"20\" height=\"20\" loading=\"lazy\" class=\"h-5 w-auto lg:h-4\"\/><\/a><a href=\"\" target=\"_blank\" aria-label=\"partager sur X\" class=\"watson-sharebar__panel__icons-tw mr-2\"><img decoding=\"async\" src=\"https:\/\/www.watson.ch\/fr\/_watsui\/static\/img\/socialicons\/icon_filled_x.svg\" alt=\"partager sur X\" width=\"20\" height=\"20\" loading=\"lazy\" class=\"h-4 w-auto lg:h-3\"\/><\/a><\/p>\n<p>T\u00e9moignage d&rsquo;un donneur de cellules souches du sang<\/p>\n<p>Video: watson<\/p>\n<p>Ceci pourrait \u00e9galement vous int\u00e9resser:<\/p>\n<p>        <a href=\"https:\/\/www.watson.ch\/fr\/sport\/cyclisme\/109816034-nino-schurter-j-aimerais-faire-d-autres-choses-dans-la-vie\" aria-label=\"L\u2019article\" class=\"watson-next-story__link absolute inset-0 z-10\" rel=\"nofollow noopener\" target=\"_blank\"><\/p>\n<p>Le v\u00e9t\u00e9tiste grison Nino Schurter s\u2019est tellement consacr\u00e9 \u00e0 son sport qu\u2019il n\u2019a m\u00eame pas trouv\u00e9 le temps d\u2019aller randonner avec sa fille. Il en aura bient\u00f4t l&rsquo;ocassion. Interview.<\/p>\n<p><strong\/><strong>Nino Schurter, vous venez d&rsquo;annoncer que vous prendrez votre retraite apr\u00e8s les Mondiaux de Crans-Montana, puis la manche de Coupe du monde \u00e0 Lenzerheide en septembre. Est-ce le sc\u00e9nario id\u00e9al pour un d\u00e9part? <br \/><\/strong>Oui, on peut le dire. J\u2019ai d\u00e9but\u00e9 en 2003 par un championnat du monde \u00e0 domicile, \u00e0 Lugano, et je terminerai cette fois par les Mondiaux de Crans-Montana. Ensuite viendra logiquement la derni\u00e8re course \u00e0 Lenzerheide, l\u00e0 o\u00f9 j\u2019ai battu des records et d\u00e9croch\u00e9 un titre mondial. Quand il a \u00e9t\u00e9 question que Lenzerheide accueille \u00e0 nouveau une Coupe du monde, j\u2019ai tout de suite su que ce serait la conclusion parfaite.<\/p>\n","protected":false},"excerpt":{"rendered":"Alors que Kick fait l\u2019objet de vives critiques, Sauber en assurera la promotion ce week-end sur le circuit&hellip;\n","protected":false},"author":2,"featured_media":348972,"comment_status":"","ping_status":"","sticky":false,"template":"","format":"standard","meta":{"footnotes":""},"categories":[1412],"tags":[1451,1452,1453,1454,1455,1011,27,60],"class_list":{"0":"post-348971","1":"post","2":"type-post","3":"status-publish","4":"format-standard","5":"has-post-thumbnail","7":"category-f1","8":"tag-f1","9":"tag-formula-1","10":"tag-formula1","11":"tag-formule-1","12":"tag-formule1","13":"tag-fr","14":"tag-france","15":"tag-sports"},"share_on_mastodon":{"url":"https:\/\/pubeurope.com\/@fr\/115103938036611376","error":""},"_links":{"self":[{"href":"https:\/\/www.europesays.com\/fr\/wp-json\/wp\/v2\/posts\/348971","targetHints":{"allow":["GET"]}}],"collection":[{"href":"https:\/\/www.europesays.com\/fr\/wp-json\/wp\/v2\/posts"}],"about":[{"href":"https:\/\/www.europesays.com\/fr\/wp-json\/wp\/v2\/types\/post"}],"author":[{"embeddable":true,"href":"https:\/\/www.europesays.com\/fr\/wp-json\/wp\/v2\/users\/2"}],"replies":[{"embeddable":true,"href":"https:\/\/www.europesays.com\/fr\/wp-json\/wp\/v2\/comments?post=348971"}],"version-history":[{"count":0,"href":"https:\/\/www.europesays.com\/fr\/wp-json\/wp\/v2\/posts\/348971\/revisions"}],"wp:featuredmedia":[{"embeddable":true,"href":"https:\/\/www.europesays.com\/fr\/wp-json\/wp\/v2\/media\/348972"}],"wp:attachment":[{"href":"https:\/\/www.europesays.com\/fr\/wp-json\/wp\/v2\/media?parent=348971"}],"wp:term":[{"taxonomy":"category","embeddable":true,"href":"https:\/\/www.europesays.com\/fr\/wp-json\/wp\/v2\/categories?post=348971"},{"taxonomy":"post_tag","embeddable":true,"href":"https:\/\/www.europesays.com\/fr\/wp-json\/wp\/v2\/tags?post=348971"}],"curies":[{"name":"wp","href":"https:\/\/api.w.org\/{rel}","templated":true}]}}