{"id":348975,"date":"2025-08-28T02:05:09","date_gmt":"2025-08-28T02:05:09","guid":{"rendered":"https:\/\/www.europesays.com\/fr\/348975\/"},"modified":"2025-08-28T02:05:09","modified_gmt":"2025-08-28T02:05:09","slug":"luis-enrique-psg-larticle-le-plus-c-lincroyable-coup-de-gueule","status":"publish","type":"post","link":"https:\/\/www.europesays.com\/fr\/348975\/","title":{"rendered":"Luis Enrique &#8211; PSG : \u00abL\u2019article le plus c**\u00bb, l\u2019incroyable coup de gueule"},"content":{"rendered":"<p>                    Dan Marciano<br \/>\n                        &#8211;<\/p>\n<p>R\u00e9dacteur<\/p>\n<p>Titulaire d&rsquo;un Master de droit international, je me suis rendu compte au bout de mon parcours universitaire qu&rsquo;il \u00e9tait important d&rsquo;\u00e9voluer dans un domaine que l&rsquo;on appr\u00e9cie. Du jour au lendemain, j&rsquo;ai d\u00e9cid\u00e9 de mettre fin au r\u00eave de mes parents, qui voyaient en moi un futur avocat, pour vivre de ma passion : le sport. Depuis, je couvre les mercatos et l&rsquo;actualit\u00e9 sportive en essayant d&rsquo;informer au mieux les lecteurs.<\/p>\n<p class=\"heading\">\u00c0 la veille du tirage au sort de la Ligue des champions, le PSG attend avec attention de conna\u00eetre ses adversaires. Luis Enrique, entra\u00eeneur du champion d\u2019Europe en titre, devrait \u00eatre pr\u00e9sent d\u00e8s le d\u00e9but de la comp\u00e9tition, malgr\u00e9 les rumeurs de suspension. Sur les r\u00e9seaux sociaux, Pierre M\u00e9n\u00e8s n&rsquo;a pas cach\u00e9 sa surprise apr\u00e8s la parution d&rsquo;un article sur le technicien.<\/p>\n<p>Ce jeudi, <strong>Monaco <\/strong>accueillera le tirage au sort de la<strong> Ligue des champions, <\/strong>un moment attendu par toutes les \u00e9quipes europ\u00e9ennes, et en particulier par le <a href=\"https:\/\/le10sport.com\/football\/mercato\/du-jamais-vu-au-psg-luis-enrique-reclame-un-transfert-inedit-cest-boucle-755761\" rel=\"nofollow noopener\" target=\"_blank\">PSG<\/a>, champion d\u2019Europe en titre. Les regards seront tourn\u00e9s vers le club parisien, qui vise une d\u00e9fense r\u00e9ussie de son troph\u00e9e. Une question a longtemps plan\u00e9 dans l&rsquo;environnement du <strong>PSG <\/strong>: <a href=\"https:\/\/le10sport.com\/football\/ligue1\/psg\/psg-luis-enrique-dembele-revele-un-accord-755697\" rel=\"nofollow noopener\" target=\"_blank\">Luis Enrique<\/a> sera-t-il suspendu ? Pour rappel, le technicien espagnol s&rsquo;en \u00e9tait pris ouvertement \u00e0<strong> Joao Pedro<\/strong> apr\u00e8s la finale de la<strong> Coupe du monde des clubs <\/strong>perdue face \u00e0 <strong>Chelsea<\/strong> en juillet dernier.<\/p>\n<p>                                            Luis Enrique ne risque rien<\/p>\n<p>Ce mercredi, L\u2019\u00c9quipe a publi\u00e9 son verdict. La <strong>FIFA<\/strong> pr\u00e9cise qu\u2019il n\u2019y a aucune nouvelle concernant un \u00e9ventuel cas disciplinaire contre Luis Enrique. Le coach du <strong>PSG<\/strong> ne risque donc aucune suspension, le dossier n\u2019ayant pas \u00e9t\u00e9 transmis \u00e0 <strong>l\u2019UEFA.<\/strong> Par ailleurs, la <strong>LFP<\/strong> n&rsquo;a pas \u00e9t\u00e9 contact\u00e9e, raison pour laquelle <strong>Luis Enrique<\/strong> dirige son \u00e9quipe en<strong> Ligue 1.<\/strong> Cet article purement informatif n\u2019a pas \u00e9t\u00e9 du go\u00fbt de<strong> Pierre M\u00e9n\u00e8s.<\/strong><\/p>\n<p>                                            \u00ab\u00a0On tient l\u2019article le plus con de l\u2019ann\u00e9e\u00a0\u00bb <\/p>\n<p>Sur son compte X,<strong> Pierre M\u00e9n\u00e8s<\/strong> a laiss\u00e9 exploser sa col\u00e8re apr\u00e8s avoir lu l&rsquo;article d<strong>&lsquo;Etienne Moatti<\/strong>. \u00ab\u00a0On tient l\u2019article le plus con de l\u2019ann\u00e9e un mois et demi apr\u00e8s la finale . Si il n\u2019a pas \u00e9t\u00e9 sanctionn\u00e9 il ne le sera jamais et on dirait vraiment que \u00e7a les emmerde. Pour rappel Neves a \u00e9t\u00e9 suspendu en Supercoupe et \u00e0 Nantes pour une comp\u00e9t FIFA\u2026\u00a0\u00bb a l\u00e2ch\u00e9 l&rsquo;ancien chroniqueur du Canal Football Club ce mercredi.<\/p>\n","protected":false},"excerpt":{"rendered":"Dan Marciano &#8211; R\u00e9dacteur Titulaire d&rsquo;un Master de droit international, je me suis rendu compte au bout de&hellip;\n","protected":false},"author":2,"featured_media":348976,"comment_status":"","ping_status":"","sticky":false,"template":"","format":"standard","meta":{"footnotes":""},"categories":[1410],"tags":[63,1011,27,60],"class_list":{"0":"post-348975","1":"post","2":"type-post","3":"status-publish","4":"format-standard","5":"has-post-thumbnail","7":"category-football","8":"tag-football","9":"tag-fr","10":"tag-france","11":"tag-sports"},"share_on_mastodon":{"url":"https:\/\/pubeurope.com\/@fr\/115103945391655496","error":""},"_links":{"self":[{"href":"https:\/\/www.europesays.com\/fr\/wp-json\/wp\/v2\/posts\/348975","targetHints":{"allow":["GET"]}}],"collection":[{"href":"https:\/\/www.europesays.com\/fr\/wp-json\/wp\/v2\/posts"}],"about":[{"href":"https:\/\/www.europesays.com\/fr\/wp-json\/wp\/v2\/types\/post"}],"author":[{"embeddable":true,"href":"https:\/\/www.europesays.com\/fr\/wp-json\/wp\/v2\/users\/2"}],"replies":[{"embeddable":true,"href":"https:\/\/www.europesays.com\/fr\/wp-json\/wp\/v2\/comments?post=348975"}],"version-history":[{"count":0,"href":"https:\/\/www.europesays.com\/fr\/wp-json\/wp\/v2\/posts\/348975\/revisions"}],"wp:featuredmedia":[{"embeddable":true,"href":"https:\/\/www.europesays.com\/fr\/wp-json\/wp\/v2\/media\/348976"}],"wp:attachment":[{"href":"https:\/\/www.europesays.com\/fr\/wp-json\/wp\/v2\/media?parent=348975"}],"wp:term":[{"taxonomy":"category","embeddable":true,"href":"https:\/\/www.europesays.com\/fr\/wp-json\/wp\/v2\/categories?post=348975"},{"taxonomy":"post_tag","embeddable":true,"href":"https:\/\/www.europesays.com\/fr\/wp-json\/wp\/v2\/tags?post=348975"}],"curies":[{"name":"wp","href":"https:\/\/api.w.org\/{rel}","templated":true}]}}