{"id":348981,"date":"2025-08-28T02:08:18","date_gmt":"2025-08-28T02:08:18","guid":{"rendered":"https:\/\/www.europesays.com\/fr\/348981\/"},"modified":"2025-08-28T02:08:18","modified_gmt":"2025-08-28T02:08:18","slug":"beaucoup-de-parents-se-retrouvent-dans-cette-histoire","status":"publish","type":"post","link":"https:\/\/www.europesays.com\/fr\/348981\/","title":{"rendered":"\u00ab\u00a0Beaucoup de parents se retrouvent dans cette histoire\u00a0\u00bb"},"content":{"rendered":"<p>Pour de nombreux parents, endormir leur b\u00e9b\u00e9 rel\u00e8ve parfois de l\u2019\u00e9preuve. C\u00e9cile David Diaz, habitante d\u2019Oucherotte (commune de Bligny-sur-Ouche), en sait quelque chose. Lorsque son fils A\u00efdan \u00e9tait petit, il refusait cat\u00e9goriquement de dormir. Une exp\u00e9rience \u00e9prouvante qui, des ann\u00e9es plus tard, a donn\u00e9 naissance \u00e0 un album jeunesse dans lequel beaucoup de familles pourraient se reconna\u00eetre\u00a0: Tout petit prince ne veut pas dormir.<\/p>\n<p>L\u2019ouvrage est d\u2019autant plus personnel que C\u00e9cile David Diaz (\u00e9galement correspondante pour Le Bien public) en a r\u00e9alis\u00e9 elle-m\u00eame les illustrations. \u00ab\u00a0J\u2019ai peint sur des toiles qui ont ensuite \u00e9t\u00e9 scann\u00e9es. Je ne voulais pas faire les couleurs au num\u00e9rique\u00a0\u00bb, pr\u00e9cise l\u2019autrice. Dans ses pages se trouvent certains clins d\u2019\u0153il \u00e0 sa commune voisine, \u00e0 l\u2019instar de l\u2019h\u00f4tel de ville de Bligny-sur-Ouche qui appara\u00eet dans le d\u00e9cor. \u00ab\u00a0J\u2019ai d\u00e9j\u00e0 une exposition \u00e0 Ch\u00e2teauneuf. C\u2019est vrai que beaucoup de parents se retrouvent dans cette histoire\u2026\u00a0\u00bb, confie C\u00e9cile David.<\/p>\n<p>  Les b\u00e9n\u00e9fices revers\u00e9s \u00e0 l\u2019association Animalliance<\/p>\n<p>Auto-\u00e9dit\u00e9, l\u2019album est imprim\u00e9 \u00e0 l\u2019imprimerie de Fuchey. Vendu au prix de 10\u00a0euros, il ne rapporte rien \u00e0 sa cr\u00e9atrice. Trois euros par exemplaire (le b\u00e9n\u00e9fice) sont en effet revers\u00e9s \u00e0 l\u2019association Animalliance. \u00ab\u00a0Je suis famille d\u2019accueil pour cette association et je voulais vraiment pouvoir les aider\u00a0\u00bb, souligne C\u00e9cile David Diaz\u00a0.<\/p>\n<p>\u00ab\u00a0Le livre sera prochainement disponible \u00e0 l\u2019office de tourisme de Bligny-sur-Ouche, puis sans doute \u00e0 celui de Pouilly-en-Auxois\u00a0\u00bb, ajoute-t-elle. C\u00e9cile David participera \u00e9galement \u00e0 l\u2019\u00e9v\u00e9nement \u201cVoici mon talent\u201d \u00e0 Nuits-Saint-Georges, les 4 et 5\u00a0octobre.<\/p>\n<p>Pour se procurer un exemplaire, il est possible de contacter directement l\u2019autrice au 06\u00a041\u00a089\u00a033\u00a074.<\/p>\n","protected":false},"excerpt":{"rendered":"Pour de nombreux parents, endormir leur b\u00e9b\u00e9 rel\u00e8ve parfois de l\u2019\u00e9preuve. C\u00e9cile David Diaz, habitante d\u2019Oucherotte (commune de&hellip;\n","protected":false},"author":2,"featured_media":348982,"comment_status":"","ping_status":"","sticky":false,"template":"","format":"standard","meta":{"footnotes":""},"categories":[1357],"tags":[1477,48552,48553,1379,6211,2931,1687,58,33,10975,59,107,1011,27,1380,2410,5486],"class_list":{"0":"post-348981","1":"post","2":"type-post","3":"status-publish","4":"format-standard","5":"has-post-thumbnail","7":"category-livres","8":"tag-artisanat","9":"tag-bligny-sur-ouche","10":"tag-bligny-sur-ouche-bassin","11":"tag-books","12":"tag-conference","13":"tag-cote-dor","14":"tag-culture-loisirs","15":"tag-divertissement","16":"tag-economie","17":"tag-edition-beaune-et-sa-region","18":"tag-entertainment","19":"tag-fil-info","20":"tag-fr","21":"tag-france","22":"tag-livres","23":"tag-livres-bd","24":"tag-rencontre"},"share_on_mastodon":{"url":"https:\/\/pubeurope.com\/@fr\/115103957245697884","error":""},"_links":{"self":[{"href":"https:\/\/www.europesays.com\/fr\/wp-json\/wp\/v2\/posts\/348981","targetHints":{"allow":["GET"]}}],"collection":[{"href":"https:\/\/www.europesays.com\/fr\/wp-json\/wp\/v2\/posts"}],"about":[{"href":"https:\/\/www.europesays.com\/fr\/wp-json\/wp\/v2\/types\/post"}],"author":[{"embeddable":true,"href":"https:\/\/www.europesays.com\/fr\/wp-json\/wp\/v2\/users\/2"}],"replies":[{"embeddable":true,"href":"https:\/\/www.europesays.com\/fr\/wp-json\/wp\/v2\/comments?post=348981"}],"version-history":[{"count":0,"href":"https:\/\/www.europesays.com\/fr\/wp-json\/wp\/v2\/posts\/348981\/revisions"}],"wp:featuredmedia":[{"embeddable":true,"href":"https:\/\/www.europesays.com\/fr\/wp-json\/wp\/v2\/media\/348982"}],"wp:attachment":[{"href":"https:\/\/www.europesays.com\/fr\/wp-json\/wp\/v2\/media?parent=348981"}],"wp:term":[{"taxonomy":"category","embeddable":true,"href":"https:\/\/www.europesays.com\/fr\/wp-json\/wp\/v2\/categories?post=348981"},{"taxonomy":"post_tag","embeddable":true,"href":"https:\/\/www.europesays.com\/fr\/wp-json\/wp\/v2\/tags?post=348981"}],"curies":[{"name":"wp","href":"https:\/\/api.w.org\/{rel}","templated":true}]}}