{"id":348991,"date":"2025-08-28T02:13:11","date_gmt":"2025-08-28T02:13:11","guid":{"rendered":"https:\/\/www.europesays.com\/fr\/348991\/"},"modified":"2025-08-28T02:13:11","modified_gmt":"2025-08-28T02:13:11","slug":"rinderknech-elimine-le-18e-mondial-et-affrontera-bonzi-pour-une-place-en-huitiemes-de-finale","status":"publish","type":"post","link":"https:\/\/www.europesays.com\/fr\/348991\/","title":{"rendered":"Rinderknech \u00e9limine le 18e mondial et affrontera Bonzi pour une place en huiti\u00e8mes de finale"},"content":{"rendered":"<p>Arthur Rinderknech a battu Alejandro Davidovich Fokina en cinq sets et s\u2019est \u00e0 son tour qualifi\u00e9 pour le 3e tour de l\u2019US Open. Il affrontera un autre tricolore\u00a0: Benjamin Bonzi.<\/p>\n<p class=\"fig-paragraph\">Quelle soir\u00e9e pour le tennis tricolore. Apr\u00e8s\u00a0<a href=\"http:\/\/www.lefigaro.fr\/sports\/tennis\/us-open\/us-open-apres-medvedev-bonzi-gagne-encore-en-cinq-sets-au-2e-tour-contre-giron-20250827\" target=\"_blank\" data-fig-type=\"NewsFlash\" rel=\"noopener\" data-gtm-custom-categorie=\"navigation\" data-gtm-custom-action=\"crossclick\" data-gtm-custom-label=\"Contextuel\" data-gtm-event=\"customEventSPE\" data-fig-domain=\"LEFIGARO\">Benjamin Bonzi<\/a>\u00a0il y a quelques minutes, c\u2019est au tour d\u2019Arthur Rinderknech de s\u2019imposer en cinq sets (6-4 \/ 3-6 \/ 2-6 \/ 6-2 \/ 6-3) et de filer au 3e tour de\u00a0<a href=\"http:\/\/www.lefigaro.fr\/sports\/tennis\/us-open\/us-open-le-britannique-jack-draper-forfait-sur-blessure-au-deuxieme-tour-20250827\" target=\"_blank\" data-fig-type=\"NewsFlash\" rel=\"noopener\" data-gtm-custom-categorie=\"navigation\" data-gtm-custom-action=\"crossclick\" data-gtm-custom-label=\"Contextuel\" data-gtm-event=\"customEventSPE\" data-fig-domain=\"LEFIGARO\">l\u2019US Open<\/a>. Le Fran\u00e7ais, qui avait d\u00e9j\u00e0 brill\u00e9 \u00e0 Wimbledon, \u00e9tait men\u00e9 deux manches \u00e0 une contre le 18e mondial Alejandro Davidovich Fokina mais a compl\u00e8tement renvers\u00e9 la rencontre.<\/p>\n<p class=\"fig-paragraph\">Le 82e au classement ATP \u00e9gale, comme Bonzi, sa meilleure performance \u00e0 l\u2019US Open, les deux hommes ayant d\u00e9j\u00e0 atteint le troisi\u00e8me tour du Grand Chelem new-yorkais en 2023. Bonzi a remport\u00e9 ses deux premiers duels contre Rinderknech, en 2022 \u00e0 Indian Wells (dur) et Stuttgart (gazon), \u00e0 chaque fois en deux manches.<\/p>\n<p>                                    <a class=\"fig-a11y-skip a11y-hidden\" href=\"#fig-a11y-skip-main-inarticle\"><br \/>\n        Passer la publicit\u00e9<br \/>\n    <\/a><\/p>\n<p>Trois autres tricolores sur le court<\/p>\n<p class=\"fig-paragraph\">Outre Rinderknech et Bonzi, trois autres Fran\u00e7ais sont sur les courts ou les fouleront plus tard dans la journ\u00e9e de mercredi: Ugo Blanchet (184e), men\u00e9 deux sets \u00e0 un par le Tch\u00e8que Jakub Mensik (16e), Adrian Mannarino (77e) et Elsa Jacquemot (91e).<\/p>\n","protected":false},"excerpt":{"rendered":"Arthur Rinderknech a battu Alejandro Davidovich Fokina en cinq sets et s\u2019est \u00e0 son tour qualifi\u00e9 pour le&hellip;\n","protected":false},"author":2,"featured_media":348992,"comment_status":"","ping_status":"","sticky":false,"template":"","format":"standard","meta":{"footnotes":""},"categories":[9],"tags":[4169,1011,27,60],"class_list":{"0":"post-348991","1":"post","2":"type-post","3":"status-publish","4":"format-standard","5":"has-post-thumbnail","7":"category-sports","8":"tag-atp","9":"tag-fr","10":"tag-france","11":"tag-sports"},"share_on_mastodon":{"url":"https:\/\/pubeurope.com\/@fr\/115103976884479391","error":""},"_links":{"self":[{"href":"https:\/\/www.europesays.com\/fr\/wp-json\/wp\/v2\/posts\/348991","targetHints":{"allow":["GET"]}}],"collection":[{"href":"https:\/\/www.europesays.com\/fr\/wp-json\/wp\/v2\/posts"}],"about":[{"href":"https:\/\/www.europesays.com\/fr\/wp-json\/wp\/v2\/types\/post"}],"author":[{"embeddable":true,"href":"https:\/\/www.europesays.com\/fr\/wp-json\/wp\/v2\/users\/2"}],"replies":[{"embeddable":true,"href":"https:\/\/www.europesays.com\/fr\/wp-json\/wp\/v2\/comments?post=348991"}],"version-history":[{"count":0,"href":"https:\/\/www.europesays.com\/fr\/wp-json\/wp\/v2\/posts\/348991\/revisions"}],"wp:featuredmedia":[{"embeddable":true,"href":"https:\/\/www.europesays.com\/fr\/wp-json\/wp\/v2\/media\/348992"}],"wp:attachment":[{"href":"https:\/\/www.europesays.com\/fr\/wp-json\/wp\/v2\/media?parent=348991"}],"wp:term":[{"taxonomy":"category","embeddable":true,"href":"https:\/\/www.europesays.com\/fr\/wp-json\/wp\/v2\/categories?post=348991"},{"taxonomy":"post_tag","embeddable":true,"href":"https:\/\/www.europesays.com\/fr\/wp-json\/wp\/v2\/tags?post=348991"}],"curies":[{"name":"wp","href":"https:\/\/api.w.org\/{rel}","templated":true}]}}