{"id":349011,"date":"2025-08-28T02:29:13","date_gmt":"2025-08-28T02:29:13","guid":{"rendered":"https:\/\/www.europesays.com\/fr\/349011\/"},"modified":"2025-08-28T02:29:13","modified_gmt":"2025-08-28T02:29:13","slug":"se-former-une-drole-de-bonne-resolution","status":"publish","type":"post","link":"https:\/\/www.europesays.com\/fr\/349011\/","title":{"rendered":"Se former : une dr\u00f4le de bonne r\u00e9solution !"},"content":{"rendered":"<p>Mais la formation, ce n\u2019est pas seulement une affaire de t\u00eate. C\u2019est aussi une affaire de c\u0153ur et de vie.<\/p>\n<p>Un chr\u00e9tien qui se forme, c\u2019est un chr\u00e9tien qui \u00e9largit son regard, qui affine son \u00e9coute, qui apprend \u00e0 travailler avec d\u2019autres. Et \u00e7a, dans nos communaut\u00e9s, c\u2019est pr\u00e9cieux. Une \u00c9glise vivante, c\u2019est une \u00c9glise qui apprend toujours.<\/p>\n<p>On me dira : \u00ab Oui, mais moi, j\u2019ai d\u00e9j\u00e0 fait le cat\u00e9 quand j\u2019\u00e9tais petit, \u00e7a suffit ! \u00bb<br \/>Eh bien\u2026 imaginez un m\u00e9decin qui arr\u00eaterait ses \u00e9tudes apr\u00e8s la premi\u00e8re ann\u00e9e, ou un musicien qui poserait son violon apr\u00e8s trois gammes. Personne n\u2019irait les consulter ni les \u00e9couter !<\/p>\n<p>La foi aussi a besoin de r\u00e9visions, de mises \u00e0 jour, d\u2019approfondissement. Ce n\u2019est pas un poids, c\u2019est une chance.<br \/>Et puis, entre nous, la formation, ce n\u2019est pas seulement des bouquins \u00e9pais et des chaises dures. C\u2019est aussi des rencontres, des discussions passionnantes, des amiti\u00e9s qui naissent, des \u00e9clats de rire parfois\u2026 Oui, se former, \u00e7a peut \u00eatre joyeux !<\/p>\n","protected":false},"excerpt":{"rendered":"Mais la formation, ce n\u2019est pas seulement une affaire de t\u00eate. C\u2019est aussi une affaire de c\u0153ur et&hellip;\n","protected":false},"author":2,"featured_media":349012,"comment_status":"","ping_status":"","sticky":false,"template":"","format":"standard","meta":{"footnotes":""},"categories":[9599],"tags":[1111,11,1777,674,1011,27,2208,12,2680,25],"class_list":{"0":"post-349011","1":"post","2":"type-post","3":"status-publish","4":"format-standard","5":"has-post-thumbnail","7":"category-montpellier","8":"tag-actu","9":"tag-actualites","10":"tag-eu","11":"tag-europe","12":"tag-fr","13":"tag-france","14":"tag-montpellier","15":"tag-news","16":"tag-occitanie","17":"tag-republique-francaise"},"share_on_mastodon":{"url":"https:\/\/pubeurope.com\/@fr\/115104039728671476","error":""},"_links":{"self":[{"href":"https:\/\/www.europesays.com\/fr\/wp-json\/wp\/v2\/posts\/349011","targetHints":{"allow":["GET"]}}],"collection":[{"href":"https:\/\/www.europesays.com\/fr\/wp-json\/wp\/v2\/posts"}],"about":[{"href":"https:\/\/www.europesays.com\/fr\/wp-json\/wp\/v2\/types\/post"}],"author":[{"embeddable":true,"href":"https:\/\/www.europesays.com\/fr\/wp-json\/wp\/v2\/users\/2"}],"replies":[{"embeddable":true,"href":"https:\/\/www.europesays.com\/fr\/wp-json\/wp\/v2\/comments?post=349011"}],"version-history":[{"count":0,"href":"https:\/\/www.europesays.com\/fr\/wp-json\/wp\/v2\/posts\/349011\/revisions"}],"wp:featuredmedia":[{"embeddable":true,"href":"https:\/\/www.europesays.com\/fr\/wp-json\/wp\/v2\/media\/349012"}],"wp:attachment":[{"href":"https:\/\/www.europesays.com\/fr\/wp-json\/wp\/v2\/media?parent=349011"}],"wp:term":[{"taxonomy":"category","embeddable":true,"href":"https:\/\/www.europesays.com\/fr\/wp-json\/wp\/v2\/categories?post=349011"},{"taxonomy":"post_tag","embeddable":true,"href":"https:\/\/www.europesays.com\/fr\/wp-json\/wp\/v2\/tags?post=349011"}],"curies":[{"name":"wp","href":"https:\/\/api.w.org\/{rel}","templated":true}]}}