{"id":349013,"date":"2025-08-28T02:34:18","date_gmt":"2025-08-28T02:34:18","guid":{"rendered":"https:\/\/www.europesays.com\/fr\/349013\/"},"modified":"2025-08-28T02:34:18","modified_gmt":"2025-08-28T02:34:18","slug":"christophe-ferrari-en-visite-au-gf38","status":"publish","type":"post","link":"https:\/\/www.europesays.com\/fr\/349013\/","title":{"rendered":"Christophe Ferrari en visite au GF38"},"content":{"rendered":"<p>Ce mardi matin, le GF38 a eu l\u2019honneur d\u2019accueillir <b>Christophe Ferrari<\/b>, Pr\u00e9sident de Grenoble-Alpes M\u00e9tropole, au centre d\u2019entra\u00eenement de la Poterne.<\/p>\n<p>Au programme de cette rencontre : \u00e9changes avec les dirigeants du club, rencontre avec le staff et les joueurs grenoblois, ainsi qu\u2019une remise de maillot du GF38 au pr\u00e9sident de la M\u00e9tropole.<\/p>\n<p><img fetchpriority=\"high\" decoding=\"async\" class=\"alignnone size-full wp-image-75608\" src=\"https:\/\/www.europesays.com\/fr\/wp-content\/uploads\/2025\/08\/Article-C.-FERRARI-1.jpg\" alt=\"\" width=\"1920\" height=\"1080\"  \/><\/p>\n<p>Cette visite s\u2019inscrit dans la continuit\u00e9 des liens \u00e9troits entre la M\u00e9tropole et le Grenoble Foot 38. Elle a permis de r\u00e9affirmer le soutien\u00a0de la M\u00e9tropole au club, acteur majeur de la vie sportive et associative du territoire.<\/p>\n<p>Le club remercie Christophe Ferrari pour sa pr\u00e9sence et pour l\u2019attention port\u00e9e au d\u00e9veloppement du club et de son ancrage m\u00e9tropolitain.<\/p>\n<p><img loading=\"lazy\" decoding=\"async\" class=\"alignnone size-full wp-image-75609\" src=\"https:\/\/www.europesays.com\/fr\/wp-content\/uploads\/2025\/08\/Article-C.-FERRARI-2.jpg\" alt=\"\" width=\"1920\" height=\"1080\"  \/><\/p>\n","protected":false},"excerpt":{"rendered":"Ce mardi matin, le GF38 a eu l\u2019honneur d\u2019accueillir Christophe Ferrari, Pr\u00e9sident de Grenoble-Alpes M\u00e9tropole, au centre d\u2019entra\u00eenement&hellip;\n","protected":false},"author":2,"featured_media":349014,"comment_status":"","ping_status":"","sticky":false,"template":"","format":"standard","meta":{"footnotes":""},"categories":[9566],"tags":[1111,11,2430,1777,674,1011,27,2731,12,25],"class_list":{"0":"post-349013","1":"post","2":"type-post","3":"status-publish","4":"format-standard","5":"has-post-thumbnail","7":"category-grenoble","8":"tag-actu","9":"tag-actualites","10":"tag-auvergne-rhone-alpes","11":"tag-eu","12":"tag-europe","13":"tag-fr","14":"tag-france","15":"tag-grenoble","16":"tag-news","17":"tag-republique-francaise"},"share_on_mastodon":{"url":"https:\/\/pubeurope.com\/@fr\/115104059756308608","error":""},"_links":{"self":[{"href":"https:\/\/www.europesays.com\/fr\/wp-json\/wp\/v2\/posts\/349013","targetHints":{"allow":["GET"]}}],"collection":[{"href":"https:\/\/www.europesays.com\/fr\/wp-json\/wp\/v2\/posts"}],"about":[{"href":"https:\/\/www.europesays.com\/fr\/wp-json\/wp\/v2\/types\/post"}],"author":[{"embeddable":true,"href":"https:\/\/www.europesays.com\/fr\/wp-json\/wp\/v2\/users\/2"}],"replies":[{"embeddable":true,"href":"https:\/\/www.europesays.com\/fr\/wp-json\/wp\/v2\/comments?post=349013"}],"version-history":[{"count":0,"href":"https:\/\/www.europesays.com\/fr\/wp-json\/wp\/v2\/posts\/349013\/revisions"}],"wp:featuredmedia":[{"embeddable":true,"href":"https:\/\/www.europesays.com\/fr\/wp-json\/wp\/v2\/media\/349014"}],"wp:attachment":[{"href":"https:\/\/www.europesays.com\/fr\/wp-json\/wp\/v2\/media?parent=349013"}],"wp:term":[{"taxonomy":"category","embeddable":true,"href":"https:\/\/www.europesays.com\/fr\/wp-json\/wp\/v2\/categories?post=349013"},{"taxonomy":"post_tag","embeddable":true,"href":"https:\/\/www.europesays.com\/fr\/wp-json\/wp\/v2\/tags?post=349013"}],"curies":[{"name":"wp","href":"https:\/\/api.w.org\/{rel}","templated":true}]}}