{"id":349015,"date":"2025-08-28T02:36:54","date_gmt":"2025-08-28T02:36:54","guid":{"rendered":"https:\/\/www.europesays.com\/fr\/349015\/"},"modified":"2025-08-28T02:36:54","modified_gmt":"2025-08-28T02:36:54","slug":"le-transfert-qui-change-tout-pour-cette-saison","status":"publish","type":"post","link":"https:\/\/www.europesays.com\/fr\/349015\/","title":{"rendered":"le transfert qui change tout pour cette saison"},"content":{"rendered":"<p>Le Stade Rennais a \u00e9t\u00e9 l&rsquo;un des clubs les<br \/>\nplus actifs sur le march\u00e9 des transferts cet \u00e9t\u00e9.<\/p>\n<p>Apr\u00e8s deux saisons de Ligue 1 rat\u00e9es dans les grandes largeurs,<br \/>\nle <a href=\"https:\/\/www.football365.fr\/equipe\/rennes-46991.shtml\" rel=\"nofollow noopener\" target=\"_blank\"><strong>Stade<br \/>\nRennais<\/strong><\/a> est attendu au tournant. Le club breton a la<br \/>\nsurface financi\u00e8re pour redorer son blason et redevenir un candidat<br \/>\ncr\u00e9dible aux places europ\u00e9ennes.<\/p>\n<p>Pour cela, Rennes a mis\u00e9 sur Habib Beye. Arriv\u00e9 en janvier<br \/>\ndernier pour succ\u00e9der \u00e0 Jorge Sampaoli, le technicien s\u00e9n\u00e9galais a<br \/>\nentam\u00e9 un vaste chantier en s\u2019appuyant sur les forces vives du<br \/>\ncentre de formation.<\/p>\n<p><a href=\"https:\/\/www.football365.fr\/wp-content\/uploads\/se\/2025\/03\/ICONSPORT_254924_0473.jpg\" rel=\"nofollow noopener\" target=\"_blank\"><br \/>\n<img loading=\"lazy\" decoding=\"async\" aria-describedby=\"caption-attachment-10231206\" class=\"size-full wp-image-10231206\" src=\"https:\/\/www.europesays.com\/fr\/wp-content\/uploads\/2025\/04\/1745069258_753_ICONSPORT_254924_0473.jpg\" alt=\"Stade Rennais\u202f: Beye restera, le projet se construit autour de lui.\" width=\"1280\" height=\"670\"  \/>2025 Icon Sport<br \/>\n<\/a><\/p>\n<p id=\"caption-attachment-10231206\" class=\"wp-caption-text\">Stade<br \/>\nRennais\u202f: Beye restera, le projet se construit autour de lui<\/p>\n<p>Mais Rennes a compl\u00e9t\u00e9 cette strat\u00e9gie par une approche<br \/>\nagressive sur le march\u00e9 des transferts. Des \u00e9l\u00e9ments d\u2019exp\u00e9rience,<br \/>\nrod\u00e9s aux joutes de la Ligue 1, ont pos\u00e9 leurs valises en Bretagne<br \/>\ncet \u00e9t\u00e9, \u00e0 l\u2019instar\u00a0 de Valentin Rongier et Quentin Merlin,<br \/>\ntous deux recrut\u00e9s en provenance de l\u2019Olympique de Marseille. Un<br \/>\nsecteur interroge toutefois : l\u2019attaque.<\/p>\n<p>Rennes : des renforts attendus en attaque pour \u00e9pauler<br \/>\nMe\u00eft\u00e9<\/p>\n<p>En trouvant un accord avec Nottingham Forest pour le transfert<br \/>\nd\u2019Arnaud Kalimuendo, le Stade Rennais se s\u00e9pare de son \u00e9l\u00e9ment le<br \/>\nplus d\u00e9cisif. Un d\u00e9part qui conditionne grandement la fin de ce<br \/>\nmercato estival.<\/p>\n<p>Le nouveau patron de la direction sportive, Lo\u00efc D\u00e9sir\u00e9, a fix\u00e9<br \/>\nles grandes lignes de cette fin de mercato avec transparence. \u00ab<br \/>\nOn va passer \u00e0 la phase 3, qui est de renforcer le domaine<br \/>\noffensif\u00a0\u00bb, a-t-il lanc\u00e9 la semaine pass\u00e9e. Le jeune Kader<br \/>\nMe\u00eft\u00e9, espoir tr\u00e8s prometteur, devrait \u00eatre \u00e9paul\u00e9.\u00ab On a besoin<br \/>\nd\u2019un attaquant suppl\u00e9mentaire pour \u00eatre presque complet dans ce que<br \/>\nl\u2019on veut faire\u00a0\u00bb, rappelait Habib Beye. La fin de mercato<br \/>\ns\u2019annonce excitante dans les coulisses du Stade Rennais.<\/p>\n<p>\u00a0<\/p>\n<p>EN BREF<\/p>\n<ul class=\"bloc_resume_post_list\">\n<li>Apr\u00e8s deux saisons d\u00e9cevantes, le Stade Rennais, sous la<br \/>\ndirection de Habib Beye depuis janvier, cherche \u00e0 se repositionner<br \/>\npour les places europ\u00e9ennes.<\/li>\n<li>Rennes a renforc\u00e9 son \u00e9quipe avec des joueurs exp\u00e9riment\u00e9s<br \/>\ncomme Valentin Rongier et Quentin Merlin, mais doit encore<br \/>\nam\u00e9liorer son attaque apr\u00e8s le d\u00e9part d&rsquo;Arnaud Kalimuendo.<\/li>\n<li>Le directeur sportif Lo\u00efc D\u00e9sir\u00e9 et Habib Beye s&rsquo;accordent sur<br \/>\nla n\u00e9cessit\u00e9 de recruter un attaquant suppl\u00e9mentaire pour compl\u00e9ter<br \/>\nl&rsquo;effectif.<\/li>\n<\/ul>\n","protected":false},"excerpt":{"rendered":"Le Stade Rennais a \u00e9t\u00e9 l&rsquo;un des clubs les plus actifs sur le march\u00e9 des transferts cet \u00e9t\u00e9.&hellip;\n","protected":false},"author":2,"featured_media":331790,"comment_status":"","ping_status":"","sticky":false,"template":"","format":"standard","meta":{"footnotes":""},"categories":[2821],"tags":[1111,11,829,1777,674,1011,27,12,584,25],"class_list":{"0":"post-349015","1":"post","2":"type-post","3":"status-publish","4":"format-standard","5":"has-post-thumbnail","7":"category-rennes","8":"tag-actu","9":"tag-actualites","10":"tag-bretagne","11":"tag-eu","12":"tag-europe","13":"tag-fr","14":"tag-france","15":"tag-news","16":"tag-rennes","17":"tag-republique-francaise"},"share_on_mastodon":{"url":"https:\/\/pubeurope.com\/@fr\/115104071215607514","error":""},"_links":{"self":[{"href":"https:\/\/www.europesays.com\/fr\/wp-json\/wp\/v2\/posts\/349015","targetHints":{"allow":["GET"]}}],"collection":[{"href":"https:\/\/www.europesays.com\/fr\/wp-json\/wp\/v2\/posts"}],"about":[{"href":"https:\/\/www.europesays.com\/fr\/wp-json\/wp\/v2\/types\/post"}],"author":[{"embeddable":true,"href":"https:\/\/www.europesays.com\/fr\/wp-json\/wp\/v2\/users\/2"}],"replies":[{"embeddable":true,"href":"https:\/\/www.europesays.com\/fr\/wp-json\/wp\/v2\/comments?post=349015"}],"version-history":[{"count":0,"href":"https:\/\/www.europesays.com\/fr\/wp-json\/wp\/v2\/posts\/349015\/revisions"}],"wp:featuredmedia":[{"embeddable":true,"href":"https:\/\/www.europesays.com\/fr\/wp-json\/wp\/v2\/media\/331790"}],"wp:attachment":[{"href":"https:\/\/www.europesays.com\/fr\/wp-json\/wp\/v2\/media?parent=349015"}],"wp:term":[{"taxonomy":"category","embeddable":true,"href":"https:\/\/www.europesays.com\/fr\/wp-json\/wp\/v2\/categories?post=349015"},{"taxonomy":"post_tag","embeddable":true,"href":"https:\/\/www.europesays.com\/fr\/wp-json\/wp\/v2\/tags?post=349015"}],"curies":[{"name":"wp","href":"https:\/\/api.w.org\/{rel}","templated":true}]}}