{"id":349021,"date":"2025-08-28T02:41:11","date_gmt":"2025-08-28T02:41:11","guid":{"rendered":"https:\/\/www.europesays.com\/fr\/349021\/"},"modified":"2025-08-28T02:41:11","modified_gmt":"2025-08-28T02:41:11","slug":"le-streamer-jean-pormanove-a-ete-incinere-ce-mercredi-a-nice-retour-sur-une-mort-en-direct-et-dix-jours-demballement-mediatique","status":"publish","type":"post","link":"https:\/\/www.europesays.com\/fr\/349021\/","title":{"rendered":"Le streamer Jean Pormanove a \u00e9t\u00e9 incin\u00e9r\u00e9 ce mercredi \u00e0 Nice, retour sur une mort en direct et dix jours d\u2019emballement m\u00e9diatique"},"content":{"rendered":"<p><a href=\"https:\/\/www.nicematin.com\/faits-divers\/les-obseques-de-jean-pormanove-ont-eu-lieu-ce-mercredi-a-nice-ses-co-streameurs-narutovie-et-safine-etaient-presents-999547\" rel=\"nofollow noopener\" target=\"_blank\">Les obs\u00e8ques de Jean Pormanove,<\/a> de son vrai nom Rapha\u00ebl Graven, <strong>se sont d\u00e9roul\u00e9es \u00e0 Nice ce mercredi 27 ao\u00fbt<\/strong> dans la plus stricte intimit\u00e9.<\/p>\n<p><a href=\"https:\/\/www.bfmtv.com\/tech\/actualites\/reseaux-sociaux\/info-bfmtv-les-obseques-de-jean-pormanove-ont-eu-lieu-a-nice-ce-mercredi-en-presence-de-son-co-streameur-naruto_AV-202508270490.html\" target=\"_blank\" rel=\"noopener nofollow\">Selon BFMTV<\/a>, <strong>seuls vingt-cinq proches \u00e9taient pr\u00e9sents<\/strong>, parmi lesquels ses deux compagnons de stream, NarutoVie (Owen Cenazandotti) et Safine Hamadi, t\u00e9moins directs du drame.<\/p>\n<p>D&rsquo;apr\u00e8s nos informations, la m\u00e8re et le fr\u00e8re du d\u00e9funt sont all\u00e9s <strong>voir le corps une derni\u00e8re fois ce mercredi<\/strong> <strong>\u00e0 la morgue de la Madeleine, \u00e0 Nice.<\/strong><\/p>\n<p>\u00c0 l\u2019issue de la c\u00e9r\u00e9monie, <strong>le corps du streamer de 46 ans a \u00e9t\u00e9 incin\u00e9r\u00e9<\/strong>.\u00a0Son d\u00e9c\u00e8s, survenu en direct le 18 ao\u00fbt <strong><a href=\"https:\/\/www.nicematin.com\/faits-divers\/il-etait-trop-dependant-du-lokal-trop-pris-dans-cette-spirale-une-streameuse-proche-de-jean-pormanove-livre-un-temoignage-edifiant-999507\" rel=\"nofollow noopener\" target=\"_blank\">apr\u00e8s un marathon de streaming<\/a> de plus de douze jours<\/strong>, a boulevers\u00e9 le monde du num\u00e9rique et au-del\u00e0.<\/p>\n<p><strong>Devant pr\u00e8s de 200.000 spectateurs connect\u00e9s<\/strong>, l\u2019homme est apparu inerte, film\u00e9 une derni\u00e8re fois <a href=\"https:\/\/www.nicematin.com\/faits-divers\/jean-pormanove-specialiste-du-streaming-sur-internet-retrouve-mort-ce-lundi-a-contes-998477\" rel=\"nofollow noopener\" target=\"_blank\">dans le studio insalubre de Contes<\/a>, transform\u00e9 en d\u00e9cor par les membres du collectif LeLokal.\u00a0<\/p>\n<p>Quelques heures plus tard, <strong>les images de sa mort devenaient virales&#8230;<\/strong><\/p>\n<p>La \u00ab\u00a0maltraitance LOL\u00a0\u00bb, jusqu\u2019au point de non-retour<\/p>\n<p>Depuis des mois, Rapha\u00ebl Graven, <strong>ancien militaire et ex-ouvrier en Moselle<\/strong>, subissait \u00e0 l\u2019\u00e9cran insultes, coups, projectiles de paintball ou humiliations diverses.<\/p>\n<p>Pr\u00e9sent\u00e9es par ses compagnons comme des \u00ab\u00a0mises en sc\u00e8ne\u00a0\u00bb, ces s\u00e9quences illustrent <strong>une tendance inqui\u00e9tante du streaming: la <\/strong><strong>\u00ab\u00a0maltraitance LOL\u00a0\u00bb<\/strong>, o\u00f9 la souffrance des plus vuln\u00e9rables devient mati\u00e8re \u00e0 divertissement.<\/p>\n<p>Chaque soir, des milliers d\u2019internautes assistaient en fait\u00a0<strong>\u00e0 ce qui ressemblait \u00e0 une lente descente aux enfers.<\/strong><\/p>\n<p>Plusieurs anciens proches, dont la streameuse Justfoxyy\\_, <strong>ont racont\u00e9 avoir tent\u00e9 d\u2019aider Jean Pormanove&#8230; en vain.<\/strong> \u00ab\u00a0Il \u00e9tait trop d\u00e9pendant du Lokal\u00a0\u00bb, explique-t-elle, d\u00e9non\u00e7ant le harc\u00e8lement massif orchestr\u00e9 par certains membres de sa communaut\u00e9.<\/p>\n<p>                                Enqu\u00eates en cascade<\/p>\n<p>Dix jours apr\u00e8s le drame, l\u2019affaire d\u00e9passe le cadre judiciaire local. Si <strong>l\u2019autopsie a \u00e9cart\u00e9 toute intervention ext\u00e9rieure<\/strong>, des analyses toxicologiques et m\u00e9dicales sont en cours, alors que <strong>le parquet de Nice poursuit son enqu\u00eate<\/strong> pour \u00e9claircir les causes exactes du d\u00e9c\u00e8s.<\/p>\n<p>Parall\u00e8lement, la procureure de Paris, Laure Beccuau, a ouvert une enqu\u00eate pour <strong>\u00ab\u00a0fourniture en bande organis\u00e9e de plateforme en ligne illicite\u00a0\u00bb<\/strong>.<\/p>\n<p>Kick, la plateforme australienne qui h\u00e9bergeait les lives, <strong>est soup\u00e7onn\u00e9e d\u2019avoir laiss\u00e9 prosp\u00e9rer sciemment des contenus violents.\u00a0<\/strong>Ses responsables ont promis de collaborer avec les autorit\u00e9s fran\u00e7aises lors de cette enqu\u00eate.<\/p>\n<p>La ministre d\u00e9l\u00e9gu\u00e9e au Num\u00e9rique, Clara Chappaz, a annonc\u00e9 une plainte distincte pour \u00ab\u00a0manquements\u00a0\u00bb, <strong>d\u00e9non\u00e7ant \u00ab\u00a0un Far West num\u00e9rique\u00a0\u00bb et l\u2019absence de mod\u00e9ration adapt\u00e9e.<\/strong><\/p>\n<p>Les responsables risquent <strong>jusqu\u2019\u00e0 dix ans de prison<\/strong> et un million d\u2019euros d\u2019amende.<\/p>\n<p>                                Le malaise du streaming fran\u00e7ais<\/p>\n<p>Cette sordide affaire a \u00e9galement mis en lumi\u00e8re le r\u00f4le trouble de certaines c\u00e9l\u00e9brit\u00e9s.<\/p>\n<p><a href=\"https:\/\/www.liberation.fr\/checknews\/barcola-aubameyang-rami-des-footballeurs-accuses-davoir-soutenu-les-streams-violents-du-lokal-ayant-diffuse-la-mort-de-jean-pormanove-20250821_VP4F5ZGK3JFRFAX6ESA7FBNWZ4\/\" target=\"_blank\" rel=\"noopener nofollow\">Lib\u00e9ration a r\u00e9v\u00e9l\u00e9 que des sportifs de renom<\/a>, <strong>dont Bradley Barcola et Pierre-Emerick Aubameyang<\/strong>, avaient enregistr\u00e9 des vid\u00e9os d\u2019encouragement diffus\u00e9es lors du marathon fatal.<\/p>\n<p><strong>Adil Rami s\u2019\u00e9tait m\u00eame rendu sur place<\/strong> quelques mois plus t\u00f4t.\u00a0Tous assurent ne pas avoir mesur\u00e9 la gravit\u00e9 des contenus.<\/p>\n<p>\u00c0 Drap, dans le quartier de la Condamine o\u00f9 vivait Rapha\u00ebl Graven, <strong>les habitants restent partag\u00e9s. <\/strong><\/p>\n<p><strong>Certains affirment qu'\u00a0\u00bbil vivait sa meilleure vie\u00a0\u00bb<\/strong> gr\u00e2ce au Lokal, d\u2019autres d\u00e9noncent <strong>l\u2019exploitation d\u2019un homme \u00ab\u00a0influen\u00e7able\u00a0\u00bb et <\/strong><strong>\u00ab\u00a0fragile\u00a0\u00bb<\/strong>.<\/p>\n<p>                                Dix jours d\u2019emballement<\/p>\n<p>Depuis le 18 ao\u00fbt, <strong>r\u00e9v\u00e9lations et pol\u00e9miques s\u2019encha\u00eenent:<\/strong> accusations de manipulation, enqu\u00eates judiciaires, critiques contre l\u2019Arcom jug\u00e9e \u00ab\u00a0impuissante\u00a0\u00bb, et d\u00e9bats sur la responsabilit\u00e9 morale des plateformes.<\/p>\n<p>Dix jours qui ont mis en lumi\u00e8re le glissement d\u2019une partie du monde du streaming vers des pratiques violentes, <strong>o\u00f9 l\u2019humiliation devient un produit marchand.<\/strong><\/p>\n<p>Les r\u00e9sultats d\u00e9finitifs des analyses pour <strong>comprendre pourquoi Jean Pormanove s\u2019est effondr\u00e9\u00a0ce soir-l\u00e0<\/strong> sont encore attendus.<\/p>\n<p>Le drame a m\u00eame <strong>franchi les fronti\u00e8res de la France<\/strong>. Le streamer am\u00e9ricain <strong>Adin Ross <\/strong>et le rappeur<strong> Drake<\/strong> ont annonc\u00e9 <strong>qu\u2019ils prendraient en charge les frais fun\u00e9raires.<\/strong><\/p>\n","protected":false},"excerpt":{"rendered":"Les obs\u00e8ques de Jean Pormanove, de son vrai nom Rapha\u00ebl Graven, se sont d\u00e9roul\u00e9es \u00e0 Nice ce mercredi&hellip;\n","protected":false},"author":2,"featured_media":344952,"comment_status":"","ping_status":"","sticky":false,"template":"","format":"standard","meta":{"footnotes":""},"categories":[2819],"tags":[1111,11,1777,674,118,1011,27,12,2401,973,882,25],"class_list":{"0":"post-349021","1":"post","2":"type-post","3":"status-publish","4":"format-standard","5":"has-post-thumbnail","7":"category-nice","8":"tag-actu","9":"tag-actualites","10":"tag-eu","11":"tag-europe","12":"tag-faits-divers","13":"tag-fr","14":"tag-france","15":"tag-news","16":"tag-nice","17":"tag-people","18":"tag-provence-alpes-cote-dazur","19":"tag-republique-francaise"},"share_on_mastodon":{"url":"https:\/\/pubeurope.com\/@fr\/115104086918445023","error":""},"_links":{"self":[{"href":"https:\/\/www.europesays.com\/fr\/wp-json\/wp\/v2\/posts\/349021","targetHints":{"allow":["GET"]}}],"collection":[{"href":"https:\/\/www.europesays.com\/fr\/wp-json\/wp\/v2\/posts"}],"about":[{"href":"https:\/\/www.europesays.com\/fr\/wp-json\/wp\/v2\/types\/post"}],"author":[{"embeddable":true,"href":"https:\/\/www.europesays.com\/fr\/wp-json\/wp\/v2\/users\/2"}],"replies":[{"embeddable":true,"href":"https:\/\/www.europesays.com\/fr\/wp-json\/wp\/v2\/comments?post=349021"}],"version-history":[{"count":0,"href":"https:\/\/www.europesays.com\/fr\/wp-json\/wp\/v2\/posts\/349021\/revisions"}],"wp:featuredmedia":[{"embeddable":true,"href":"https:\/\/www.europesays.com\/fr\/wp-json\/wp\/v2\/media\/344952"}],"wp:attachment":[{"href":"https:\/\/www.europesays.com\/fr\/wp-json\/wp\/v2\/media?parent=349021"}],"wp:term":[{"taxonomy":"category","embeddable":true,"href":"https:\/\/www.europesays.com\/fr\/wp-json\/wp\/v2\/categories?post=349021"},{"taxonomy":"post_tag","embeddable":true,"href":"https:\/\/www.europesays.com\/fr\/wp-json\/wp\/v2\/tags?post=349021"}],"curies":[{"name":"wp","href":"https:\/\/api.w.org\/{rel}","templated":true}]}}