{"id":349022,"date":"2025-08-28T02:43:06","date_gmt":"2025-08-28T02:43:06","guid":{"rendered":"https:\/\/www.europesays.com\/fr\/349022\/"},"modified":"2025-08-28T02:43:06","modified_gmt":"2025-08-28T02:43:06","slug":"deux-jours-de-shopping-xxl-en-plein-air-big-city-nantes","status":"publish","type":"post","link":"https:\/\/www.europesays.com\/fr\/349022\/","title":{"rendered":"Deux jours de shopping XXL en plein air \u2013 Big City Nantes"},"content":{"rendered":"<p><img fetchpriority=\"high\" width=\"527\" height=\"264\" src=\"https:\/\/www.europesays.com\/fr\/wp-content\/uploads\/2025\/08\/Grand-deballage-des-commercants-a-Nantes.png\" class=\"attachment-csco-thumbnail-uncropped size-csco-thumbnail-uncropped wp-post-image\" alt=\"Grand de\u0301ballage des commerc\u0327ants a\u0300 Nante\" decoding=\"async\"   data-pagespeed-url-hash=\"3019274670\" onload=\"pagespeed.CriticalImages.checkImageForCriticality(this);\"\/>\t<img loading=\"lazy\" width=\"1044\" height=\"522\" src=\"https:\/\/www.europesays.com\/fr\/wp-content\/uploads\/2025\/08\/Grand-deballage-des-commercants-a-Nantes.png\" class=\"attachment-csco-large-uncropped size-csco-large-uncropped wp-post-image\" alt=\"Grand de\u0301ballage des commerc\u0327ants a\u0300 Nante\" decoding=\"async\"   data-pagespeed-url-hash=\"3019274670\" onload=\"pagespeed.CriticalImages.checkImageForCriticality(this);\"\/>\t<\/p>\n<p>\nGrand de\u0301ballage des commerc\u0327ants a\u0300 Nante\t<\/p>\n<p>Qui dit rentr\u00e9e dit\u2026 Grand D\u00e9ballage ! \ud83d\ude0d <strong>Les vendredi 12 et samedi 13 septembre 2025 de 10h \u00e0 19h<\/strong>, le centre-ville de Nantes se transforme en immense boutique \u00e0 ciel ouvert gr\u00e2ce \u00e0\u00a0<strong>Plein Centre, l\u2019association des commer\u00e7ants et artisans.<\/strong> Mode, accessoires, chaussures, d\u00e9co, mobilier, jeux, lunettes, cosm\u00e9tiques, gourmandises\u2026 pr\u00e9pare-toi \u00e0 deux jours de shopping XXL \u00e0 Nantes ! Big City t\u2019explique tout \ud83d\ude09<\/p>\n<p>Nantes : Le Grand D\u00e9ballage des commer\u00e7ants revient les 12 et 13 septembre 2025<br \/>\n<img loading=\"lazy\" decoding=\"async\" width=\"1160\" height=\"607\" data-pagespeed-lazy-src=\"https:\/\/www.bigcitynantes.fr\/wp-content\/uploads\/2025\/08\/Le_Grand_Deballage_BANNIERE_RVB-1160x607.png\" alt=\"Le Grand D\u00e9ballage des commer\u00e7ants 2025\" class=\"wp-image-117181\" data-pagespeed-lazy-  data-pagespeed-url-hash=\"1603940040\" src=\"\/pagespeed_static\/1.JiBnMqyl6S.gif\" onload=\"pagespeed.lazyLoadImages.loadIfVisibleAndMaybeBeacon(this);\" onerror=\"this.onerror=null;pagespeed.lazyLoadImages.loadIfVisibleAndMaybeBeacon(this);\"\/>Le Grand D\u00e9ballage des commer\u00e7ants 2025<\/p>\n<p><strong>C\u2019est le rendez-vous de la rentr\u00e9e \u00e0 ne pas rater ! <\/strong>On te parle bien s\u00fbr du Grand D\u00e9ballage des commer\u00e7ants qui se tiendra les vendredi 12 et samedi 13 septembre 2025 de 10h \u00e0 19h, dans le centre-ville de Nantes.<\/p>\n<p><strong>Pour la 7e ann\u00e9e cons\u00e9cutive<\/strong>, les commer\u00e7ants sortent leurs portants, \u00e9talent leurs tr\u00e9sors et font d\u00e9border leurs vitrines dans les rues nantaises. Et \u00e7a a de quoi nous donner le sourire, car les commer\u00e7ants feront pour l\u2019occasion des remises exceptionnelles !<\/p>\n<p>En gros, ce sont <strong>deux jours de bonnes affaires, de rues anim\u00e9es, de bonne humeur,<\/strong> <strong>de sourires derri\u00e8re chaque stand\u2026 <\/strong>et une ambiance ultra conviviale !<\/p>\n<p><strong>Et toutes les occasions sont bonnes pour y faire un tour !<\/strong> Envie de renouveler ta garde-robe pour la rentr\u00e9e ? De craquer sur une paire de baskets tendance ? De te trouver une nouvelle lecture ? De d\u00e9nicher un cadeau original ou simplement remplir ton garde-manger ? Le Grand D\u00e9ballage, c\u2019est un mix parfait entre <strong>soldes, d\u00e9couvertes et nouvelles collections<\/strong>. Les commer\u00e7ants jouent le jeu \u00e0 fond : promos, ventes priv\u00e9es, remises XXL\u2026 C\u2019est clairement l\u2019occasion de se faire plaisir sans vider son compte en banque.<\/p>\n<p>Et si tu n\u2019as rien \u00e0 acheter, et bien c\u2019est toujours l\u2019occasion de\u00a0<strong>fl\u00e2ner en centre-ville<\/strong>, et <strong>de discuter avec les commer\u00e7ants<\/strong> dans le partage et la bonne humeur.<\/p>\n<p>Alors, tu viens en profiter ?<\/p>\n","protected":false},"excerpt":{"rendered":"Grand de\u0301ballage des commerc\u0327ants a\u0300 Nante Qui dit rentr\u00e9e dit\u2026 Grand D\u00e9ballage ! \ud83d\ude0d Les vendredi 12 et&hellip;\n","protected":false},"author":2,"featured_media":349023,"comment_status":"","ping_status":"","sticky":false,"template":"","format":"standard","meta":{"footnotes":""},"categories":[2818],"tags":[1111,11,48554,1777,674,1011,27,766,12,2636,25],"class_list":{"0":"post-349022","1":"post","2":"type-post","3":"status-publish","4":"format-standard","5":"has-post-thumbnail","7":"category-nantes","8":"tag-actu","9":"tag-actualites","10":"tag-carrousel","11":"tag-eu","12":"tag-europe","13":"tag-fr","14":"tag-france","15":"tag-nantes","16":"tag-news","17":"tag-pays-de-la-loire","18":"tag-republique-francaise"},"share_on_mastodon":{"url":"https:\/\/pubeurope.com\/@fr\/115104095152918368","error":""},"_links":{"self":[{"href":"https:\/\/www.europesays.com\/fr\/wp-json\/wp\/v2\/posts\/349022","targetHints":{"allow":["GET"]}}],"collection":[{"href":"https:\/\/www.europesays.com\/fr\/wp-json\/wp\/v2\/posts"}],"about":[{"href":"https:\/\/www.europesays.com\/fr\/wp-json\/wp\/v2\/types\/post"}],"author":[{"embeddable":true,"href":"https:\/\/www.europesays.com\/fr\/wp-json\/wp\/v2\/users\/2"}],"replies":[{"embeddable":true,"href":"https:\/\/www.europesays.com\/fr\/wp-json\/wp\/v2\/comments?post=349022"}],"version-history":[{"count":0,"href":"https:\/\/www.europesays.com\/fr\/wp-json\/wp\/v2\/posts\/349022\/revisions"}],"wp:featuredmedia":[{"embeddable":true,"href":"https:\/\/www.europesays.com\/fr\/wp-json\/wp\/v2\/media\/349023"}],"wp:attachment":[{"href":"https:\/\/www.europesays.com\/fr\/wp-json\/wp\/v2\/media?parent=349022"}],"wp:term":[{"taxonomy":"category","embeddable":true,"href":"https:\/\/www.europesays.com\/fr\/wp-json\/wp\/v2\/categories?post=349022"},{"taxonomy":"post_tag","embeddable":true,"href":"https:\/\/www.europesays.com\/fr\/wp-json\/wp\/v2\/tags?post=349022"}],"curies":[{"name":"wp","href":"https:\/\/api.w.org\/{rel}","templated":true}]}}