{"id":349030,"date":"2025-08-28T02:47:05","date_gmt":"2025-08-28T02:47:05","guid":{"rendered":"https:\/\/www.europesays.com\/fr\/349030\/"},"modified":"2025-08-28T02:47:05","modified_gmt":"2025-08-28T02:47:05","slug":"polemique-aux-ferias-de-dax-on-ne-peut-pas-jouer-richard-dourthe-va-deposer-plainte-pour-denonciation-calomnieuse-contre-charline-pradeau","status":"publish","type":"post","link":"https:\/\/www.europesays.com\/fr\/349030\/","title":{"rendered":"Pol\u00e9mique aux ferias de Dax\u00a0: \u00ab\u00a0On ne peut pas jouer\u00a0\u00bb\u2026 Richard Dourthe va d\u00e9poser plainte pour d\u00e9nonciation calomnieuse contre Charline Pradeau"},"content":{"rendered":"<p>\n                                                                    l&rsquo;essentiel<br \/>\n                                                                Accus\u00e9 d'\u00a0\u00bboutrage sexiste\u00a0\u00bb par l\u2019influenceuse toulousaine Charline Pradeau, l\u2019ancien joueur du XV de France Richard Dourthe va \u00e0 son tour d\u00e9poser plainte pour d\u00e9nonciation calomnieuse, rapporte Sud-Ouest, ce mardi 27\u00a0ao\u00fbt.\n                            <\/p>\n<p data-end=\"457\" data-start=\"19\">La bataille judiciaire semble seulement commencer. Lundi 26\u00a0ao\u00fbt, Charline Pradeau \u2013 une influenceuse toulousaine suivie par plus de 130\u00a0000 personnes sur Instagram, a<a href=\"https:\/\/www.ladepeche.fr\/2025\/08\/27\/il-souleve-la-jupe-dune-influenceuse-lors-des-ferias-de-dax-charline-pradeau-a-porte-plainte-contre-lex-rugbyman-richard-dourthe-12895534.php\" target=\"_self\" rel=\"nofollow noopener\"> port\u00e9 plainte contre l\u2019ex-rugbyman et consultant sportif sur Canal +, Richard Dourthe<\/a>. Pr\u00e9sent dans un bar lors des ferias de Dax (Landes), il y a une quinzaine de jours, l\u2019ancien centre avait lev\u00e9 la jupe de la jeune femme alors que celle-ci \u00e9tait debout sur une table.<\/p>\n<blockquote data-class=\"twitter-tweet\">\n<p lang=\"fr\" dir=\"ltr\">L\u2019influenceuse Charline Pradeau a post\u00e9 une vid\u00e9o d\u2019elle sur les r\u00e9seaux sociaux dansant dans un bar de Dax pour les fameuses f\u00eates de la ville. Dans la vid\u00e9o, on y voit un homme soulever sa jupe.<\/p>\n<p>Plusieurs commentaires pointent du doigt une ressemblance avec le consultant rugby\u2026 <a href=\"https:\/\/t.co\/gemwFKOXxs\" rel=\"nofollow\">pic.twitter.com\/gemwFKOXxs<\/a><\/p>\n<p>\u2014 Gauthier Baudin (@GauthierBaudin) <a href=\"https:\/\/twitter.com\/GauthierBaudin\/status\/1957095355897590233?ref_src=twsrc%5Etfw\" rel=\"nofollow noopener\" target=\"_blank\">August 17, 2025<\/a><\/p><\/blockquote>\n<p data-end=\"774\" data-start=\"459\">Cette derni\u00e8re a donc d\u00e9pos\u00e9 plainte \u00e0 Toulouse (Haute-Garonne) pour \u00ab\u00a0outrage sexiste\u00a0\u00bb et une enqu\u00eate a \u00e9t\u00e9 ouverte, sans que le nom de Richard Dourthe ne soit officiellement cit\u00e9. Charline Pradeau a n\u00e9anmoins expliqu\u00e9 aux enqu\u00eateurs que l\u2019homme de 50 ans lui avait envoy\u00e9 un message pour lui pr\u00e9senter ses excuses.<\/p>\n<p class=\"std-elt__inline\">\n        <strong>\u00c0 lire aussi :<\/strong><br \/>\n        <a href=\"https:\/\/www.ladepeche.fr\/2025\/08\/18\/geste-deplace-sur-une-influenceuse-lors-des-ferias-de-dax-une-ancienne-star-du-xv-de-france-au-coeur-des-soupcons-12881887.php\" rel=\"nofollow noopener\" target=\"_blank\">Il soul\u00e8ve la jupe d\u2019une influenceuse\u00a0lors des ferias de Dax\u00a0: une ancienne star du XV de France au c\u0153ur des soup\u00e7ons<\/a>\n    <\/p>\n<p>La version de Richard Dourthe<\/p>\n<p data-end=\"1347\" data-start=\"807\">Ce mardi 27\u00a0ao\u00fbt, <a href=\"https:\/\/www.sudouest.fr\/landes\/info-sud-ouest-affaire-richard-dourthe-l-ex-rugbyman-depose-plainte-pour-denonciation-calomnieuse-25684175.php?fbclid=IwQ0xDSwMcPm1leHRuA2FlbQIxMQABHoZBEwkxH9lXWUirPvgADOpM-phZDAbopM3PCReLtmC-aeIuiMGNi88zhj0l_aem_5sNjr5H8ruexJOGSOUkLFA\" target=\"_self\" rel=\"nofollow noopener\">Sud-Ouest<\/a> r\u00e9v\u00e8le que le consultant pour Canal +\u00a0va contre-attaquer sur le volet judiciaire en d\u00e9posant plainte \u00e0 son tour pour \u00ab\u00a0d\u00e9nonciation calomnieuse\u00a0\u00bb. Une d\u00e9cision qui confirme bel et bien l\u2019identit\u00e9 de l\u2019homme pr\u00e9sent sur la vid\u00e9o qui r\u00e9alise ce geste obsc\u00e8ne. \u00ab\u00a0Cette affaire va prendre une tournure judiciaire. On ne peut pas constamment jouer. Au bout d\u2019un moment, il faut rappeler qu\u2019il y a des r\u00e8gles et qu\u2019on ne peut pas faire de d\u00e9nonciation calomnieuse\u00a0\u00bb, a d\u00e9clar\u00e9 l\u2019avocat de Richard Dourthe, \u00e0 nos confr\u00e8res.<\/p>\n<p class=\"std-elt__inline\">\n        <strong>\u00c0 lire aussi :<\/strong><br \/>\n        <a href=\"https:\/\/www.ladepeche.fr\/2025\/08\/21\/video-dun-homme-soulevant-la-jupe-de-linfluenceuse-charline-pradeau-aux-fetes-de-dax-une-enquete-a-ete-ouverte-pour-outrage-sexiste-12886622.php\" rel=\"nofollow noopener\" target=\"_blank\">Vid\u00e9o d\u2019un homme soulevant la jupe de l\u2019influenceuse Charline Pradeau\u00a0\u00e0 la Feria de Dax\u00a0: une enqu\u00eate a \u00e9t\u00e9 ouverte pour \u00ab\u00a0outrage sexiste\u00a0\u00bb<\/a>\n    <\/p>\n<p data-end=\"1906\" data-start=\"1349\">Mais pour le clan Dourthe, la v\u00e9rit\u00e9 n\u2019est pas celle de la jeune Toulousaine puisque, selon la version avanc\u00e9e par Me Arnaud Dupin, c\u2019est \u00ab\u00a0Charline Pradeau qui va toucher l\u2019\u00e9paule de mon client avec son post\u00e9rieur, ce que l\u2019on ne voit pas dans la vid\u00e9o [\u2026] Ensuite, une des amies de l\u2019influenceuse soul\u00e8ve sa jupe-short, ce qui peut laisser croire que Richard Dourthe en est l\u2019auteur. En voyant cela, mon client refait la m\u00eame chose\u00a0\u00bb, a-t-il expliqu\u00e9 \u00e0 nos confr\u00e8res. De son c\u00f4t\u00e9, Charline Pradeau ne souhaite plus s\u2019exprimer publiquement sur cette affaire.<\/p>\n<p>                                                                                                                                                                                                        <script async src=\"https:\/\/platform.twitter.com\/widgets.js\" charset=\"utf-8\"><\/script><\/p>\n","protected":false},"excerpt":{"rendered":"l&rsquo;essentiel Accus\u00e9 d&rsquo;\u00a0\u00bboutrage sexiste\u00a0\u00bb par l\u2019influenceuse toulousaine Charline Pradeau, l\u2019ancien joueur du XV de France Richard Dourthe va&hellip;\n","protected":false},"author":2,"featured_media":349031,"comment_status":"","ping_status":"","sticky":false,"template":"","format":"standard","meta":{"footnotes":""},"categories":[2816],"tags":[1111,11,1777,674,1011,27,12,2680,25,2312],"class_list":{"0":"post-349030","1":"post","2":"type-post","3":"status-publish","4":"format-standard","5":"has-post-thumbnail","7":"category-toulouse","8":"tag-actu","9":"tag-actualites","10":"tag-eu","11":"tag-europe","12":"tag-fr","13":"tag-france","14":"tag-news","15":"tag-occitanie","16":"tag-republique-francaise","17":"tag-toulouse"},"share_on_mastodon":{"url":"https:\/\/pubeurope.com\/@fr\/115104110627415978","error":""},"_links":{"self":[{"href":"https:\/\/www.europesays.com\/fr\/wp-json\/wp\/v2\/posts\/349030","targetHints":{"allow":["GET"]}}],"collection":[{"href":"https:\/\/www.europesays.com\/fr\/wp-json\/wp\/v2\/posts"}],"about":[{"href":"https:\/\/www.europesays.com\/fr\/wp-json\/wp\/v2\/types\/post"}],"author":[{"embeddable":true,"href":"https:\/\/www.europesays.com\/fr\/wp-json\/wp\/v2\/users\/2"}],"replies":[{"embeddable":true,"href":"https:\/\/www.europesays.com\/fr\/wp-json\/wp\/v2\/comments?post=349030"}],"version-history":[{"count":0,"href":"https:\/\/www.europesays.com\/fr\/wp-json\/wp\/v2\/posts\/349030\/revisions"}],"wp:featuredmedia":[{"embeddable":true,"href":"https:\/\/www.europesays.com\/fr\/wp-json\/wp\/v2\/media\/349031"}],"wp:attachment":[{"href":"https:\/\/www.europesays.com\/fr\/wp-json\/wp\/v2\/media?parent=349030"}],"wp:term":[{"taxonomy":"category","embeddable":true,"href":"https:\/\/www.europesays.com\/fr\/wp-json\/wp\/v2\/categories?post=349030"},{"taxonomy":"post_tag","embeddable":true,"href":"https:\/\/www.europesays.com\/fr\/wp-json\/wp\/v2\/tags?post=349030"}],"curies":[{"name":"wp","href":"https:\/\/api.w.org\/{rel}","templated":true}]}}