{"id":349032,"date":"2025-08-28T02:48:25","date_gmt":"2025-08-28T02:48:25","guid":{"rendered":"https:\/\/www.europesays.com\/fr\/349032\/"},"modified":"2025-08-28T02:48:25","modified_gmt":"2025-08-28T02:48:25","slug":"le-toulouse-olympique-prolonge-ellis-gillam","status":"publish","type":"post","link":"https:\/\/www.europesays.com\/fr\/349032\/","title":{"rendered":"Le Toulouse Olympique prolonge Ellis Gillam"},"content":{"rendered":"<p><strong>Le Toulouse Olympique est heureux d\u2019annoncer la prolongation de son avant polyvalent, Ellis Gillam, pour une ann\u00e9e suppl\u00e9mentaire !<\/strong><\/p>\n<p><strong><img fetchpriority=\"high\" decoding=\"async\" class=\"aligncenter size-full wp-image-109661\" src=\"https:\/\/www.europesays.com\/fr\/wp-content\/uploads\/2025\/08\/IMG_0267.jpg\" alt=\"\" width=\"1536\" height=\"1920\"  \/><\/strong>Ellis GILLAM prolonge l\u2019aventure au TO (c) Fabrice Rodriguez\u00a0<\/p>\n<p>Arriv\u00e9 \u00e0 l\u2019essai en d\u00e9but de pr\u00e9paration hivernale, Ellis Gillam s\u2019est r\u00e9v\u00e9l\u00e9 \u00eatre une excellente recrue pour le pack Olympien. Capable d\u2019\u00e9voluer aux postes de pilier et de seconde ligne, l\u2019Anglais form\u00e9 \u00e0 Warrington a disput\u00e9 14 matchs et inscrit 2 essais.<\/p>\n<p>Travailleur, puissant et convaincant d\u00e8s son arriv\u00e9e \u00e0 Toulouse en fin d\u2019ann\u00e9e 2024, Ellis va pouvoir continuer de performer cette saison 2025 et aborder, en pleine confiance, l\u2019exercice 2026 avec le Toulouse Olympique.<\/p>\n<p><strong>Ellis GILLAM :<\/strong><br \/>\u00ab Je suis heureux de prolonger mon aventure \u00e0 Toulouse. Jusqu\u2019\u00e0 pr\u00e9sent, j\u2019ai beaucoup appr\u00e9ci\u00e9 mon exp\u00e9rience ici : je me suis bien int\u00e9gr\u00e9 au groupe et j\u2019ai pu montrer ce dont j\u2019\u00e9tais capable. J\u2019esp\u00e8re apporter encore plus au cours de la saison \u00e0 venir. Je remercie le staff technique de m\u2019avoir permis de poursuivre cette belle aventure. \u00bb<\/p>\n<p><strong>Sylvain Houles\u00a0: <\/strong><br \/>\u00ab Apr\u00e8s une ann\u00e9e pass\u00e9e avec nous, Ellis s\u2019est parfaitement int\u00e9gr\u00e9 \u00e0 notre \u00e9quipe et \u00e0 notre mentalit\u00e9. Il nous a montr\u00e9 de tr\u00e8s belles choses sur le terrain et nous sommes convaincus qu\u2019il poss\u00e8de encore une belle marge de progression. C\u2019est une tr\u00e8s belle personne, passionn\u00e9e par le rugby \u00e0 XIII et d\u00e9termin\u00e9e \u00e0 r\u00e9ussir. \u00bb<\/p>\n<p><strong>Fiche technique : <\/strong><\/p>\n<p><strong>NOM : GILLAM \u2013 Pr\u00e9nom : Ellis \u2013 Poste : Pilier \/ 2e ligne \u2013 Taille : 1m93 \u2013 Poids : 100 Kg \u2013 Date de naissance : 06\/10\/1997\u00a0 \u2013 Clubs pr\u00e9c\u00e9dents : Barrow Raiders<\/strong><\/p>\n","protected":false},"excerpt":{"rendered":"Le Toulouse Olympique est heureux d\u2019annoncer la prolongation de son avant polyvalent, Ellis Gillam, pour une ann\u00e9e suppl\u00e9mentaire&hellip;\n","protected":false},"author":2,"featured_media":349033,"comment_status":"","ping_status":"","sticky":false,"template":"","format":"standard","meta":{"footnotes":""},"categories":[2816],"tags":[1111,11,1777,674,1011,27,12,2680,25,2312],"class_list":{"0":"post-349032","1":"post","2":"type-post","3":"status-publish","4":"format-standard","5":"has-post-thumbnail","7":"category-toulouse","8":"tag-actu","9":"tag-actualites","10":"tag-eu","11":"tag-europe","12":"tag-fr","13":"tag-france","14":"tag-news","15":"tag-occitanie","16":"tag-republique-francaise","17":"tag-toulouse"},"share_on_mastodon":{"url":"https:\/\/pubeurope.com\/@fr\/115104114547152402","error":""},"_links":{"self":[{"href":"https:\/\/www.europesays.com\/fr\/wp-json\/wp\/v2\/posts\/349032","targetHints":{"allow":["GET"]}}],"collection":[{"href":"https:\/\/www.europesays.com\/fr\/wp-json\/wp\/v2\/posts"}],"about":[{"href":"https:\/\/www.europesays.com\/fr\/wp-json\/wp\/v2\/types\/post"}],"author":[{"embeddable":true,"href":"https:\/\/www.europesays.com\/fr\/wp-json\/wp\/v2\/users\/2"}],"replies":[{"embeddable":true,"href":"https:\/\/www.europesays.com\/fr\/wp-json\/wp\/v2\/comments?post=349032"}],"version-history":[{"count":0,"href":"https:\/\/www.europesays.com\/fr\/wp-json\/wp\/v2\/posts\/349032\/revisions"}],"wp:featuredmedia":[{"embeddable":true,"href":"https:\/\/www.europesays.com\/fr\/wp-json\/wp\/v2\/media\/349033"}],"wp:attachment":[{"href":"https:\/\/www.europesays.com\/fr\/wp-json\/wp\/v2\/media?parent=349032"}],"wp:term":[{"taxonomy":"category","embeddable":true,"href":"https:\/\/www.europesays.com\/fr\/wp-json\/wp\/v2\/categories?post=349032"},{"taxonomy":"post_tag","embeddable":true,"href":"https:\/\/www.europesays.com\/fr\/wp-json\/wp\/v2\/tags?post=349032"}],"curies":[{"name":"wp","href":"https:\/\/api.w.org\/{rel}","templated":true}]}}