{"id":349034,"date":"2025-08-28T02:50:33","date_gmt":"2025-08-28T02:50:33","guid":{"rendered":"https:\/\/www.europesays.com\/fr\/349034\/"},"modified":"2025-08-28T02:50:33","modified_gmt":"2025-08-28T02:50:33","slug":"le-geste-fort-dedon-zhegrova-pour-son-avenir","status":"publish","type":"post","link":"https:\/\/www.europesays.com\/fr\/349034\/","title":{"rendered":"Le geste fort d\u2019Edon Zhegrova pour son avenir"},"content":{"rendered":"<p>Revenu dans le groupe lillois ces derniers jours et pr\u00e9sent sur le banc contre l\u2019AS Monaco lors de la victoire 1-0 de <a href=\"https:\/\/www.footmercato.net\/club\/losc\/\" rel=\"nofollow noopener\" target=\"_blank\">Lille<\/a>, <a href=\"https:\/\/www.footmercato.net\/joueur\/edon-zhegrova\/\" rel=\"nofollow noopener\" target=\"_blank\">Edon Zhegrova<\/a> (26 ans) n\u2019a pas encore quitt\u00e9 le club nordiste. Arrivant \u00e0 un an de la fin de son contrat et dans le viseur de la <a href=\"https:\/\/www.footmercato.net\/club\/juventus\/\" rel=\"nofollow noopener\" target=\"_blank\">Juventus<\/a> et de l\u2019Olympique de Marseille, le Kosovar peut n\u00e9anmoins encore partir. <\/p>\n<p>            La suite apr\u00e8s cette publicit\u00e9<\/p>\n<p>        <img loading=\"lazy\" decoding=\"async\" src=\"data:image\/svg+xml,%3Csvg%20xmlns=\" http:=\"\" data-src=\"https:\/\/www.europesays.com\/fr\/wp-content\/uploads\/2025\/08\/zhegrovinha.png\" alt=\"defaultAltAttribute\" width=\"640\" height=\"1150\"\/><\/p>\n<p>Et il vient de r\u00e9aliser quelque chose qui pourrait faciliter son d\u00e9part. En effet, le Kosovar a \u00e9galement pris la binationalit\u00e9 albanaise comme il l\u2019a annonc\u00e9 sur les r\u00e9seaux sociaux. Cela lui permet de ne plus avoir le statut d\u2019extra-communautaire.<\/p>\n<p>\n    Pub. le 26\/08\/2025 20:38<br \/>\n            &#8211; MAJ le 27\/08\/2025 22:55\n    <\/p>\n","protected":false},"excerpt":{"rendered":"Revenu dans le groupe lillois ces derniers jours et pr\u00e9sent sur le banc contre l\u2019AS Monaco lors de&hellip;\n","protected":false},"author":2,"featured_media":349035,"comment_status":"","ping_status":"","sticky":false,"template":"","format":"standard","meta":{"footnotes":""},"categories":[2815],"tags":[1111,11,1777,674,1011,27,811,1307,12,25],"class_list":{"0":"post-349034","1":"post","2":"type-post","3":"status-publish","4":"format-standard","5":"has-post-thumbnail","7":"category-lille","8":"tag-actu","9":"tag-actualites","10":"tag-eu","11":"tag-europe","12":"tag-fr","13":"tag-france","14":"tag-hauts-de-france","15":"tag-lille","16":"tag-news","17":"tag-republique-francaise"},"share_on_mastodon":{"url":"https:\/\/pubeurope.com\/@fr\/115104122385097272","error":""},"_links":{"self":[{"href":"https:\/\/www.europesays.com\/fr\/wp-json\/wp\/v2\/posts\/349034","targetHints":{"allow":["GET"]}}],"collection":[{"href":"https:\/\/www.europesays.com\/fr\/wp-json\/wp\/v2\/posts"}],"about":[{"href":"https:\/\/www.europesays.com\/fr\/wp-json\/wp\/v2\/types\/post"}],"author":[{"embeddable":true,"href":"https:\/\/www.europesays.com\/fr\/wp-json\/wp\/v2\/users\/2"}],"replies":[{"embeddable":true,"href":"https:\/\/www.europesays.com\/fr\/wp-json\/wp\/v2\/comments?post=349034"}],"version-history":[{"count":0,"href":"https:\/\/www.europesays.com\/fr\/wp-json\/wp\/v2\/posts\/349034\/revisions"}],"wp:featuredmedia":[{"embeddable":true,"href":"https:\/\/www.europesays.com\/fr\/wp-json\/wp\/v2\/media\/349035"}],"wp:attachment":[{"href":"https:\/\/www.europesays.com\/fr\/wp-json\/wp\/v2\/media?parent=349034"}],"wp:term":[{"taxonomy":"category","embeddable":true,"href":"https:\/\/www.europesays.com\/fr\/wp-json\/wp\/v2\/categories?post=349034"},{"taxonomy":"post_tag","embeddable":true,"href":"https:\/\/www.europesays.com\/fr\/wp-json\/wp\/v2\/tags?post=349034"}],"curies":[{"name":"wp","href":"https:\/\/api.w.org\/{rel}","templated":true}]}}