{"id":349038,"date":"2025-08-28T02:52:10","date_gmt":"2025-08-28T02:52:10","guid":{"rendered":"https:\/\/www.europesays.com\/fr\/349038\/"},"modified":"2025-08-28T02:52:10","modified_gmt":"2025-08-28T02:52:10","slug":"marseille-les-habitants-dune-residence-denoncent-labandon-de-leur-bailleur-social-apres-un-incendie-15e","status":"publish","type":"post","link":"https:\/\/www.europesays.com\/fr\/349038\/","title":{"rendered":"Marseille\u00a0: les habitants d&rsquo;une r\u00e9sidence d\u00e9noncent l&rsquo;abandon de leur bailleur social apr\u00e8s un incendie (15e)"},"content":{"rendered":"<p>Douze jours apr\u00e8s l&rsquo;incendie qui a ravag\u00e9 le garage de leur r\u00e9sidence, les habitants du Patio Nature, dans le 15e arrondissement de Marseille, s&rsquo;estiment m\u00e9pris\u00e9s par leur bailleur social 3F. L&rsquo;une des familles n&rsquo;a pas \u00e9t\u00e9 relog\u00e9e et l&rsquo;ascenseur ne fonctionne toujours pas, entre autres&#8230;<\/p>\n<p>Des habitants de la r\u00e9sidence Le Patio Nature, situ\u00e9e dans le 15e arrondissement de Marseille, se sentent d\u00e9laiss\u00e9s depuis qu&rsquo;un incendie criminel survenu le 16 mars dernier, parti du garage, a rendu leur <strong>appartement inhabitable<\/strong>. L&rsquo;immeuble, d&rsquo;une dizaine d&rsquo;\u00e9tages, appartient au bailleur social 3F.<\/p>\n<p>Si un seul logement est directement touch\u00e9 et a oblig\u00e9 \u00e0 <strong>l&rsquo;\u00e9vacuation des occupants<\/strong>, les autres r\u00e9sidents subissent encore les d\u00e9sagr\u00e9ments relatifs \u00e0 cet incendie. \u00ab\u00a0Regardez monsieur, c&rsquo;est br\u00fbl\u00e9, il y a de la suie partout. Il y a aussi les remont\u00e9es de pisse et de caca\u00a0\u00bb, d\u00e9plore Bilel, dont les parents occupaient l&rsquo;appartement \u00e9vacu\u00e9. Par chance, ces derniers se trouvaient en Alg\u00e9rie \u00e0 ce moment-l\u00e0, \u00ab\u00a0mais ils ne peuvent pas revenir car on n&rsquo;a pas \u00e9t\u00e9 relog\u00e9s. Ils ont des soins \u00e0 effectuer en France, et j&rsquo;ai un fr\u00e8re lourdement handicap\u00e9, c&rsquo;est urgent\u00a0\u00bb, poursuit-il.<\/p>\n<p>L&rsquo;ascenseur toujours en panne<\/p>\n<p>Sur l&rsquo;un des balcons, les habitants ont inscrit \u00ab\u00a0Bailleur 3F encaisse, les habitants encaissent les probl\u00e8mes\u00a0\u00bb sur un drap noir. Nous croisons l&rsquo;un d&rsquo;entre eux, qui souhaite rester anonyme. Son fils a d\u00fb \u00eatre hospitalis\u00e9 pendant cinq jours apr\u00e8s avoir inhal\u00e9 des fum\u00e9es. \u00ab\u00a0J&rsquo;ai \u00e9t\u00e9 oblig\u00e9 d&rsquo;amener ma famille chez mes parents, car on n&rsquo;a toujours pas d&rsquo;eau, ni de toilettes qui fonctionnent. L&rsquo;ascenseur ne fonctionne plus et le bailleur voulait qu&rsquo;on regagne nos appartements par le garage&#8230; en sachant que l&rsquo;\u00e9vacuation de l&rsquo;immeuble se faisait par le garage. Tous les excr\u00e9ments tombaient dans le garage\u00a0\u00bb, peste-t-il.<\/p>\n<p>Toute cette d\u00e9tresse n&rsquo;a pas \u00e9t\u00e9 prise en compte, souffle Salima Guemari, la pr\u00e9sidente de l&rsquo;association de locataires Valnatureal\u00a0: \u00ab\u00a0Il y aurait pu y avoir des morts. L&rsquo;alarme incendie de l&rsquo;immeuble n&rsquo;a pas fonctionn\u00e9. Moi ce que je reproche aussi \u00e0 3F, c&rsquo;est qu&rsquo;ils n&rsquo;ont pas mis en place de cellule psychologique. Il y a un traumatisme r\u00e9el.\u00a0\u00bb<\/p>\n<p>Les r\u00e9sidents assurent que <strong>le bailleur social dispose de plusieurs appartements<\/strong> dans la m\u00eame r\u00e9sidence, mais qu&rsquo;il souhaite plut\u00f4t mettre \u00e0 disposition un logement dans un autre quartier. Ce que Bilel et ses proches refusent. Nous avons contact\u00e9 et relanc\u00e9 \u00e0 plusieurs reprises le bailleur social 3F qui n&rsquo;a jamais donn\u00e9 suite \u00e0 nos sollicitations.<\/p>\n<p><img loading=\"lazy\" decoding=\"async\" class=\"VisualPreview svelte-1rldrkz\" src=\"data:image\/jpeg;base64,\/9j\/2wBDACgcHiMeGSgjISMtKygwPGRBPDc3PHtYXUlkkYCZlo+AjIqgtObDoKrarYqMyP\/L2u71\/\/\/\/m8H\/\/\/\/6\/+b9\/\/j\/2wBDASstLTw1PHZBQXb4pYyl+Pj4+Pj4+Pj4+Pj4+Pj4+Pj4+Pj4+Pj4+Pj4+Pj4+Pj4+Pj4+Pj4+Pj4+Pj4+Pj4+Pj\/wAARCAAfACoDASIAAhEBAxEB\/8QAFwABAQEBAAAAAAAAAAAAAAAAAwIEAf\/EABgQAQEBAQEAAAAAAAAAAAAAAAACAQMR\/8QAFQEBAQAAAAAAAAAAAAAAAAAAAAH\/xAAUEQEAAAAAAAAAAAAAAAAAAAAA\/9oADAMBAAIRAxEAPwBLDWGsNII8JGIJCh+Zw8zAyXoa0t6GtQcwsBwsA0wYMFUf\/9k=\" alt=\"Apr\u00e8s l'incendie, des remont\u00e9es d'eau ont fortement endommag\u00e9 plusieurs appartements. Celui-ci \u00e9tant le plus touch\u00e9.\" width=\"600\" height=\"450\"\/>  Apr\u00e8s l&rsquo;incendie, des remont\u00e9es d&rsquo;eau ont fortement endommag\u00e9 plusieurs appartements. Celui-ci \u00e9tant le plus touch\u00e9. \u00a9 Radio France &#8211; Yvan Plantey<\/p>\n","protected":false},"excerpt":{"rendered":"Douze jours apr\u00e8s l&rsquo;incendie qui a ravag\u00e9 le garage de leur r\u00e9sidence, les habitants du Patio Nature, dans&hellip;\n","protected":false},"author":2,"featured_media":349039,"comment_status":"","ping_status":"","sticky":false,"template":"","format":"standard","meta":{"footnotes":""},"categories":[2814],"tags":[1111,11,1777,674,1011,27,884,12,882,25],"class_list":{"0":"post-349038","1":"post","2":"type-post","3":"status-publish","4":"format-standard","5":"has-post-thumbnail","7":"category-marseille","8":"tag-actu","9":"tag-actualites","10":"tag-eu","11":"tag-europe","12":"tag-fr","13":"tag-france","14":"tag-marseille","15":"tag-news","16":"tag-provence-alpes-cote-dazur","17":"tag-republique-francaise"},"share_on_mastodon":{"url":"https:\/\/pubeurope.com\/@fr\/115104130206596056","error":""},"_links":{"self":[{"href":"https:\/\/www.europesays.com\/fr\/wp-json\/wp\/v2\/posts\/349038","targetHints":{"allow":["GET"]}}],"collection":[{"href":"https:\/\/www.europesays.com\/fr\/wp-json\/wp\/v2\/posts"}],"about":[{"href":"https:\/\/www.europesays.com\/fr\/wp-json\/wp\/v2\/types\/post"}],"author":[{"embeddable":true,"href":"https:\/\/www.europesays.com\/fr\/wp-json\/wp\/v2\/users\/2"}],"replies":[{"embeddable":true,"href":"https:\/\/www.europesays.com\/fr\/wp-json\/wp\/v2\/comments?post=349038"}],"version-history":[{"count":0,"href":"https:\/\/www.europesays.com\/fr\/wp-json\/wp\/v2\/posts\/349038\/revisions"}],"wp:featuredmedia":[{"embeddable":true,"href":"https:\/\/www.europesays.com\/fr\/wp-json\/wp\/v2\/media\/349039"}],"wp:attachment":[{"href":"https:\/\/www.europesays.com\/fr\/wp-json\/wp\/v2\/media?parent=349038"}],"wp:term":[{"taxonomy":"category","embeddable":true,"href":"https:\/\/www.europesays.com\/fr\/wp-json\/wp\/v2\/categories?post=349038"},{"taxonomy":"post_tag","embeddable":true,"href":"https:\/\/www.europesays.com\/fr\/wp-json\/wp\/v2\/tags?post=349038"}],"curies":[{"name":"wp","href":"https:\/\/api.w.org\/{rel}","templated":true}]}}