{"id":349040,"date":"2025-08-28T02:53:18","date_gmt":"2025-08-28T02:53:18","guid":{"rendered":"https:\/\/www.europesays.com\/fr\/349040\/"},"modified":"2025-08-28T02:53:18","modified_gmt":"2025-08-28T02:53:18","slug":"lete-a-ete-bon-ou-tres-bon-pour-plus-de-la-moitie-des-professionnels-du-tourisme","status":"publish","type":"post","link":"https:\/\/www.europesays.com\/fr\/349040\/","title":{"rendered":"l\u2019\u00e9t\u00e9 a \u00e9t\u00e9 \u00ab\u00a0bon\u00a0\u00bb ou \u00ab\u00a0tr\u00e8s bon\u00a0\u00bb pour plus de la moiti\u00e9 des professionnels du tourisme"},"content":{"rendered":"<p itemprop=\"description\"><strong>Alors que la rentr\u00e9e scolaire approche \u00e0 grands pas, Auvergne-Rh\u00f4ne-Alpes Tourisme a publi\u00e9 ce mercredi un premier bilan de l\u2019\u00e9t\u00e9 2025.<\/strong><\/p>\n<p>Les premiers chiffres montrent que l\u2019\u00e9t\u00e9 a \u00e9t\u00e9 \u00ab\u00a0bon\u00a0\u00bb ou \u00ab\u00a0tr\u00e8s bon\u00a0\u00bb pour 63% des professionnels du tourisme. Un niveau de satisfaction en hausse de 5 points par rapport \u00e0 l\u2019\u00e9t\u00e9 2024.<\/p>\n<p>Parmi les \u00e9l\u00e9ments positifs signal\u00e9s, l\u2019attractivit\u00e9 touristique r\u00e9gionale et la fid\u00e9lit\u00e9 de la client\u00e8le apparaissent comme le facteur principal de satisfaction. Certains professionnels pointent malgr\u00e9 tout des difficult\u00e9s, notamment le pouvoir d\u2019achat des touristes, en berne selon 72% des sond\u00e9s.<\/p>\n<p>Concernant la provenance des touristes, 1 personne sur 4 \u00e9tait originaire de la r\u00e9gion. Auvergne-Rh\u00f4ne-Alpes est ainsi la premi\u00e8re r\u00e9gion de provenance, suivie par l\u2019Ile de France, et par les r\u00e9gions Sud et PACA. A l\u2019international, on notera la forte progression des touristes canadiens. Des touristes qui ont privil\u00e9gi\u00e9 la randonn\u00e9e p\u00e9destre, le v\u00e9lo et les activit\u00e9s li\u00e9es \u00e0 l\u2019eau, toujours selon les chiffres d\u2019Auvergne-Rh\u00f4ne-Alpes Tourisme.<\/p>\n<p>L\u2019organisme dresse enfin la tendance du mois de septembre et des vacances de la Toussaint. Un professionnel sur 2 se dit \u00ab\u00a0confiant\u00a0\u00bb concernant l\u2019activit\u00e9 touristique du mois de septembre. Ils sont 53% \u00e0 envisager une fr\u00e9quentation touristique stable pour la Toussaint.\u00a0<\/p>\n","protected":false},"excerpt":{"rendered":"Alors que la rentr\u00e9e scolaire approche \u00e0 grands pas, Auvergne-Rh\u00f4ne-Alpes Tourisme a publi\u00e9 ce mercredi un premier bilan&hellip;\n","protected":false},"author":2,"featured_media":349041,"comment_status":"","ping_status":"","sticky":false,"template":"","format":"standard","meta":{"footnotes":""},"categories":[1889],"tags":[1111,11,2813,2190,2430,1109,251,1112,2811,1777,674,118,1011,27,1922,1110,1114,2428,2810,12,241,316,25,2812,517,800],"class_list":{"0":"post-349040","1":"post","2":"type-post","3":"status-publish","4":"format-standard","5":"has-post-thumbnail","7":"category-lyon","8":"tag-actu","9":"tag-actualites","10":"tag-article","11":"tag-asvel","12":"tag-auvergne-rhone-alpes","13":"tag-breves","14":"tag-culture","15":"tag-depeches","16":"tag-economique","17":"tag-eu","18":"tag-europe","19":"tag-faits-divers","20":"tag-fr","21":"tag-france","22":"tag-info","23":"tag-informations","24":"tag-infos","25":"tag-lyon","26":"tag-lyonmag","27":"tag-news","28":"tag-ol","29":"tag-politique","30":"tag-republique-francaise","31":"tag-sociale","32":"tag-sport","33":"tag-transports"},"share_on_mastodon":{"url":"https:\/\/pubeurope.com\/@fr\/115104134214140165","error":""},"_links":{"self":[{"href":"https:\/\/www.europesays.com\/fr\/wp-json\/wp\/v2\/posts\/349040","targetHints":{"allow":["GET"]}}],"collection":[{"href":"https:\/\/www.europesays.com\/fr\/wp-json\/wp\/v2\/posts"}],"about":[{"href":"https:\/\/www.europesays.com\/fr\/wp-json\/wp\/v2\/types\/post"}],"author":[{"embeddable":true,"href":"https:\/\/www.europesays.com\/fr\/wp-json\/wp\/v2\/users\/2"}],"replies":[{"embeddable":true,"href":"https:\/\/www.europesays.com\/fr\/wp-json\/wp\/v2\/comments?post=349040"}],"version-history":[{"count":0,"href":"https:\/\/www.europesays.com\/fr\/wp-json\/wp\/v2\/posts\/349040\/revisions"}],"wp:featuredmedia":[{"embeddable":true,"href":"https:\/\/www.europesays.com\/fr\/wp-json\/wp\/v2\/media\/349041"}],"wp:attachment":[{"href":"https:\/\/www.europesays.com\/fr\/wp-json\/wp\/v2\/media?parent=349040"}],"wp:term":[{"taxonomy":"category","embeddable":true,"href":"https:\/\/www.europesays.com\/fr\/wp-json\/wp\/v2\/categories?post=349040"},{"taxonomy":"post_tag","embeddable":true,"href":"https:\/\/www.europesays.com\/fr\/wp-json\/wp\/v2\/tags?post=349040"}],"curies":[{"name":"wp","href":"https:\/\/api.w.org\/{rel}","templated":true}]}}